{"id":260492,"date":"2025-11-28T15:14:09","date_gmt":"2025-11-28T15:14:09","guid":{"rendered":"https:\/\/www.europesays.com\/es\/260492\/"},"modified":"2025-11-28T15:14:09","modified_gmt":"2025-11-28T15:14:09","slug":"sonia-y-selena-se-separan-por-decision-unilateral-de-una-de-las-cantantes-musica","status":"publish","type":"post","link":"https:\/\/www.europesays.com\/es\/260492\/","title":{"rendered":"Sonia y Selena se separan por \u00abdecisi\u00f3n unilateral\u00bb de una de las cantantes | M\u00fasica"},"content":{"rendered":"<p class=\"loc\">Madrid<\/p>\n<p>Apenas un a\u00f1o despu\u00e9s de su regreso, el d\u00fao musical <a href=\"https:\/\/cadenaser.com\/nacional\/2025\/01\/28\/sentencia-unitaria-al-reencuentro-de-sonia-y-selena-en-el-benidorm-fest-tras-mas-de-20-anos-separadas-cadena-ser\/\" target=\"_blank\" rel=\"noreferrer nofollow noopener\" title=\"https:\/\/cadenaser.com\/nacional\/2025\/01\/28\/sentencia-unitaria-al-reencuentro-de-sonia-y-selena-en-el-benidorm-fest-tras-mas-de-20-anos-separadas-cadena-ser\/\">Sonia y Selena<\/a> ha quedado disuelto por decisi\u00f3n unilateral de una de sus componentes, la barcelonesa Sonia Madoc, \u00abdebido a varias divergencias\u00bb, ha informado la agencia de representaci\u00f3n Equipo Locamente Talent que pide disculpas por no poder cumplir con todas las \u00abactuaciones pactadas\u00bb. Hace tan solo diez d\u00edas, <a href=\"https:\/\/cadenaser.com\/nacional\/hype\/2025\/11\/17\/el-representante-de-sonia-y-selena-desmiente-el-bulo-mas-sonado-sobre-el-mitico-duo-del-yo-quiero-bailar-cadena-ser\/\" target=\"_blank\" rel=\"noreferrer nofollow noopener\" title=\"https:\/\/cadenaser.com\/nacional\/hype\/2025\/11\/17\/el-representante-de-sonia-y-selena-desmiente-el-bulo-mas-sonado-sobre-el-mitico-duo-del-yo-quiero-bailar-cadena-ser\/\">su representante desment\u00eda los rumores de separaci\u00f3n<\/a> que ya comenzaba a haber, especialmente tras la publicaci\u00f3n del primer single en solitario de Sonia. Una canci\u00f3n titulada Diva Ne\u00f3n.<\/p>\n<p>\u00abPedimos disculpas a todos los compromisos y eventos que no podr\u00e1n contar con las actuaciones pactadas. Iremos resolviendo cada caso uno a uno\u00bb, ha a\u00f1adido la agencia de representaci\u00f3n en un comunicado que hizo publico este jueves a trav\u00e9s de las redes sociales. <\/p>\n<p>\u00abHoy es un d\u00eda triste para el pop nacional y para las personas que form\u00e1bamos parte de este proyecto. Sin embargo no tenemos duda de que la m\u00fasica y el legado de Sonia y Selena siempre seguir\u00e1n vivos\u00bb, ha se\u00f1alado. <\/p>\n<p><img decoding=\"async\" src=\"https:\/\/www.europesays.com\/es\/wp-content\/uploads\/2025\/11\/2NGI7RX2G5FQ7C77CJ6E3YIVQM.jpg\" alt=\"David Broncano consigue una imagen que no ve\u00edamos desde hace 23 a\u00f1os: &quot;Esta es nuestra revuelta&quot;\" width=\"240\" height=\"135\"  loading=\"lazy\"\/><\/p>\n<p>El d\u00fao musical formado por Sonia Madoc (Barcelona, 1974), la rubia, y Selena Rodr\u00edguez (Castell\u00f3n, 1975), la morena, se conocieron en el a\u00f1o 2000 en el estudio del productor Xasqui Ten y un a\u00f1o despu\u00e9s lanzaron su conocida canci\u00f3n Yo quiero bailar.<\/p>\n<p>Diez a\u00f1os despu\u00e9s del fen\u00f3meno volvieron a reunirse por el aniversario para regrabar su canci\u00f3n estrella, pero la colaboraci\u00f3n tampoco cuaj\u00f3.<\/p>\n<p>En 2024 anunciaron su reuni\u00f3n, esta vez \u00abdesde la armon\u00eda, desde el buenrollismo\u00bb y de hacerlo por su \u00abpropia voluntad\u00bb, para ofrecer sus primeros conciertos en d\u00e9cadas y participar en Benidorm Fest 2025 con Reinas. <\/p>\n","protected":false},"excerpt":{"rendered":"Madrid Apenas un a\u00f1o despu\u00e9s de su regreso, el d\u00fao musical Sonia y Selena ha quedado disuelto por&hellip;\n","protected":false},"author":2,"featured_media":260493,"comment_status":"","ping_status":"","sticky":false,"template":"","format":"standard","meta":{"footnotes":""},"categories":[91],"tags":[146,147,25,24,23],"class_list":{"0":"post-260492","1":"post","2":"type-post","3":"status-publish","4":"format-standard","5":"has-post-thumbnail","7":"category-entretenimiento","8":"tag-entertainment","9":"tag-entretenimiento","10":"tag-es","11":"tag-espana","12":"tag-spain"},"share_on_mastodon":{"url":"https:\/\/pubeurope.com\/@es\/115627980890910248","error":""},"_links":{"self":[{"href":"https:\/\/www.europesays.com\/es\/wp-json\/wp\/v2\/posts\/260492","targetHints":{"allow":["GET"]}}],"collection":[{"href":"https:\/\/www.europesays.com\/es\/wp-json\/wp\/v2\/posts"}],"about":[{"href":"https:\/\/www.europesays.com\/es\/wp-json\/wp\/v2\/types\/post"}],"author":[{"embeddable":true,"href":"https:\/\/www.europesays.com\/es\/wp-json\/wp\/v2\/users\/2"}],"replies":[{"embeddable":true,"href":"https:\/\/www.europesays.com\/es\/wp-json\/wp\/v2\/comments?post=260492"}],"version-history":[{"count":0,"href":"https:\/\/www.europesays.com\/es\/wp-json\/wp\/v2\/posts\/260492\/revisions"}],"wp:featuredmedia":[{"embeddable":true,"href":"https:\/\/www.europesays.com\/es\/wp-json\/wp\/v2\/media\/260493"}],"wp:attachment":[{"href":"https:\/\/www.europesays.com\/es\/wp-json\/wp\/v2\/media?parent=260492"}],"wp:term":[{"taxonomy":"category","embeddable":true,"href":"https:\/\/www.europesays.com\/es\/wp-json\/wp\/v2\/categories?post=260492"},{"taxonomy":"post_tag","embeddable":true,"href":"https:\/\/www.europesays.com\/es\/wp-json\/wp\/v2\/tags?post=260492"}],"curies":[{"name":"wp","href":"https:\/\/api.w.org\/{rel}","templated":true}]}}