{"id":260498,"date":"2025-11-28T15:17:09","date_gmt":"2025-11-28T15:17:09","guid":{"rendered":"https:\/\/www.europesays.com\/es\/260498\/"},"modified":"2025-11-28T15:17:09","modified_gmt":"2025-11-28T15:17:09","slug":"la-mortifera-peste-porcina-africana-regresa-a-espana-despues-de-tres-decadas-sociedad","status":"publish","type":"post","link":"https:\/\/www.europesays.com\/es\/260498\/","title":{"rendered":"La mort\u00edfera peste porcina africana regresa a Espa\u00f1a despu\u00e9s de tres d\u00e9cadas | Sociedad"},"content":{"rendered":"<p class=\"\">La temible peste porcina africana, que puede matar a todos los cerdos de una granja tras unos pocos d\u00edas de fiebre, tos y hemorragias, ha regresado a Espa\u00f1a tras tres d\u00e9cadas libre de la enfermedad. Los servicios veterinarios de la Generalitat de Catalu\u00f1a han notificado al Ministerio de Agricultura la detecci\u00f3n del virus en dos jabal\u00edes silvestres hallados muertos en Bellaterra (Barcelona), el 26 de noviembre. Estos positivos, confirmados por el Laboratorio Central de Veterinaria de Algete (Madrid), constituyen la primera detecci\u00f3n de la enfermedad en Espa\u00f1a desde noviembre de 1994. La presencia de la peste implica que la exportaci\u00f3n de carne de cerdo \u201cqueda autom\u00e1ticamente cerrada\u201d a pa\u00edses fuera de la Uni\u00f3n Europea, seg\u00fan <a href=\"https:\/\/govern.cat\/salapremsa\/notes-premsa\/769796\/govern-confirma-dos-casos-positius-pesta-porcina-africana-porcs-senglars-trobats-morts-al-medi-natural\" target=\"_self\" rel=\"nofollow noopener\" title=\"https:\/\/govern.cat\/salapremsa\/notes-premsa\/769796\/govern-confirma-dos-casos-positius-pesta-porcina-africana-porcs-senglars-trobats-morts-al-medi-natural\">ha confirmado<\/a> la Generalitat.<\/p>\n<p class=\"\">La llegada de la peste porcina africana, conocida como la Pepa por los veterinarios, era cuesti\u00f3n de tiempo. La plaga es t\u00edpica del \u00c1frica subsahariana, pero en 2007 salt\u00f3 a Georgia y, desde all\u00ed, a Rusia y a China. En 2014, el virus ya estaba en el oriente de la Uni\u00f3n Europea. Los mercados temblaron. Con un solo caso de peste, el pa\u00eds afectado entra en una lista negra internacional y ya no puede exportar carne de cerdo. La enfermedad lleg\u00f3 a Alemania, entonces el mayor productor de carne de cerdo de Europa, en el verano de 2020, tambi\u00e9n por un jabal\u00ed. Pa\u00edses como Dinamarca y la propia Alemania levantaron vallas kilom\u00e9tricas en los montes para impedir el paso de animales infectados. <\/p>\n<p class=\"\">Espa\u00f1a, con <a href=\"https:\/\/www.mapa.gob.es\/dam\/mapa\/contenido\/ganaderia\/temas\/produccion-y-mercados-ganaderos\/sectores-ganaderos-2\/porcino\/informacion-del-sector\/indicadores-economicos\/indicadores--sector-de-la-carne-de-cerdo-en-cifras-2024.pdf\" rel=\"nofollow noopener\" target=\"_blank\">54 millones de cerdos<\/a> sacrificados en 2024, es actualmente el mayor productor de la UE (con el 24% del total) y el tercero del mundo, despu\u00e9s de China y Estados Unidos, seg\u00fan los datos oficiales del Ministerio. La llegada de la Pepa es un varapalo para el sector porcino espa\u00f1ol: China fue el principal destinatario de las exportaciones espa\u00f1olas en 2024, con un 19% del total.<\/p>\n<p class=\"\">Espa\u00f1a y China firmaron precisamente hace apenas dos semanas un \u201cprotocolo de regionalizaci\u00f3n de peste porcina africana\u201d, que <a href=\"https:\/\/www.mapa.gob.es\/es\/prensa\/ultimas-noticias\/detalle_noticias\/espa-a-y-china-refuerzan-su-colaboraci-n-con-la-firma-de-tres-nuevos-protocolos-que-benefician-al-sector-porcino--pesquero-y-acu-cola\/71ca7a7b-2d7b-400b-a654-5f328a43b5fb\" rel=\"nofollow noopener\" target=\"_blank\">entr\u00f3 en vigor<\/a> el 12 de noviembre e implica que, si se detectan casos en una regi\u00f3n, se podr\u00e1 seguir exportando desde las zonas libres del virus. El Ministerio destac\u00f3 entonces que las exportaciones espa\u00f1olas de porcino a China alcanzaron el a\u00f1o pasado las 540.000 toneladas, valoradas en casi 1.100 millones de euros. Catalu\u00f1a tiene <a href=\"https:\/\/www.mapa.gob.es\/dam\/mapa\/contenido\/ganaderia\/temas\/produccion-y-mercados-ganaderos\/sectores-ganaderos-2\/porcino\/informacion-del-sector\/indicadores-economicos\/indicadores--sector-de-la-carne-de-cerdo-en-cifras-2024.pdf\" target=\"_self\" rel=\"nofollow noopener\" title=\"https:\/\/www.mapa.gob.es\/dam\/mapa\/contenido\/ganaderia\/temas\/produccion-y-mercados-ganaderos\/sectores-ganaderos-2\/porcino\/informacion-del-sector\/indicadores-economicos\/indicadores--sector-de-la-carne-de-cerdo-en-cifras-2024.pdf\">el 23%<\/a> de los cerdos de Espa\u00f1a.<\/p>\n<p class=\"\">El Ministerio de Agricultura ha alertado este viernes de que la peste porcina africana est\u00e1 considerada una enfermedad de categor\u00eda A, por lo que los estados miembros \u201cdeben adoptar medidas precisas para lograr su control y erradicaci\u00f3n lo antes posible\u201d en las zonas afectadas. \u201cDesde el Ministerio se solicita al sector que extreme todas las medidas de bioseguridad y vigilancia en las explotaciones de ganado porcino y jabal\u00edes, y en el transporte de animales\u201d, ha informado el gabinete del ministro Luis Planas en <a href=\"https:\/\/www.mapa.gob.es\/dam\/mapa\/contenido\/prensa\/notas-de-prensa\/documentos\/documentos-2025\/25-11-28-primer-foco-espana-ppa-animales-silvestres.pdf\" target=\"_self\" rel=\"nofollow noopener\" title=\"https:\/\/www.mapa.gob.es\/dam\/mapa\/contenido\/prensa\/notas-de-prensa\/documentos\/documentos-2025\/25-11-28-primer-foco-espana-ppa-animales-silvestres.pdf\">un comunicado<\/a>. La enfermedad no afecta a las personas.<\/p>\n<p class=\"\">La peste porcina africana est\u00e1 presente en 13 pa\u00edses de la UE (Alemania, Bulgaria, Croacia, Eslovaquia, Estonia, Grecia, Hungr\u00eda, Italia, Letonia, Lituania, Polonia, Rep\u00fablica Checa y Ruman\u00eda), seg\u00fan el recuento del Ministerio. Desde que comenz\u00f3 la crisis en 2007, B\u00e9lgica y Suecia han logrado erradicar la enfermedad tras aplicar estrictas medidas de control en poblaciones de jabal\u00edes silvestres, tras incursiones puntuales de animales infectados, como parece ser el caso de Espa\u00f1a.<\/p>\n<p class=\"\">Los dos jabal\u00edes se detectaron a una distancia de apenas un kil\u00f3metro el uno del otro, en las inmediaciones del campus de la Universidad Aut\u00f3noma de Barcelona. El Ministerio ha comunicado que se ha activado el protocolo de lucha contra la peste porcina africana, que implica delimitar la zona afectada y matar a todos los jabal\u00edes.<\/p>\n<p class=\"\">El conseller responsable de Ganader\u00eda de la Generalitat, \u00d2scar Ordeig, ha asegurado este viernes que las granjas catalanas son \u201cde las m\u00e1s seguras y modernas\u201d , seg\u00fan ha informado la agencia Europa Press. En una rueda de prensa urgente en la sede de su consejer\u00eda, Ordeig ha recalcado que el virus, de momento, no ha entrado en ninguna explotaci\u00f3n de cerdos de Catalu\u00f1a. Las autoridades han establecido un per\u00edmetro de contenci\u00f3n de 20 kil\u00f3metros alrededor del lugar en el que se encontraron los jabal\u00edes infectados.<\/p>\n","protected":false},"excerpt":{"rendered":"La temible peste porcina africana, que puede matar a todos los cerdos de una granja tras unos pocos&hellip;\n","protected":false},"author":2,"featured_media":260499,"comment_status":"","ping_status":"","sticky":false,"template":"","format":"standard","meta":{"footnotes":""},"categories":[42],"tags":[17,18,1980,1615,24,13,14,11,61,62,63,64,65111,19,20,48074,9,10,15,16,65110,492,12,21,22,1617,65,66,67],"class_list":{"0":"post-260498","1":"post","2":"type-post","3":"status-publish","4":"format-standard","5":"has-post-thumbnail","7":"category-internacional","8":"tag-breaking-news","9":"tag-breakingnews","10":"tag-cataluna","11":"tag-china","12":"tag-espana","13":"tag-featured-news","14":"tag-featurednews","15":"tag-headlines","16":"tag-internacional","17":"tag-international","18":"tag-international-news","19":"tag-internationalnews","20":"tag-jabalies","21":"tag-latest-news","22":"tag-latestnews","23":"tag-ministerio-de-agricultura","24":"tag-news","25":"tag-noticias","26":"tag-noticias-destacadas","27":"tag-noticiasdestacadas","28":"tag-peste-porcina","29":"tag-sociedad","30":"tag-titulares","31":"tag-ultimas-noticias","32":"tag-ultimasnoticias","33":"tag-union-europea","34":"tag-world","35":"tag-world-news","36":"tag-worldnews"},"share_on_mastodon":{"url":"https:\/\/pubeurope.com\/@es\/115627992129889334","error":""},"_links":{"self":[{"href":"https:\/\/www.europesays.com\/es\/wp-json\/wp\/v2\/posts\/260498","targetHints":{"allow":["GET"]}}],"collection":[{"href":"https:\/\/www.europesays.com\/es\/wp-json\/wp\/v2\/posts"}],"about":[{"href":"https:\/\/www.europesays.com\/es\/wp-json\/wp\/v2\/types\/post"}],"author":[{"embeddable":true,"href":"https:\/\/www.europesays.com\/es\/wp-json\/wp\/v2\/users\/2"}],"replies":[{"embeddable":true,"href":"https:\/\/www.europesays.com\/es\/wp-json\/wp\/v2\/comments?post=260498"}],"version-history":[{"count":0,"href":"https:\/\/www.europesays.com\/es\/wp-json\/wp\/v2\/posts\/260498\/revisions"}],"wp:featuredmedia":[{"embeddable":true,"href":"https:\/\/www.europesays.com\/es\/wp-json\/wp\/v2\/media\/260499"}],"wp:attachment":[{"href":"https:\/\/www.europesays.com\/es\/wp-json\/wp\/v2\/media?parent=260498"}],"wp:term":[{"taxonomy":"category","embeddable":true,"href":"https:\/\/www.europesays.com\/es\/wp-json\/wp\/v2\/categories?post=260498"},{"taxonomy":"post_tag","embeddable":true,"href":"https:\/\/www.europesays.com\/es\/wp-json\/wp\/v2\/tags?post=260498"}],"curies":[{"name":"wp","href":"https:\/\/api.w.org\/{rel}","templated":true}]}}