{"id":260500,"date":"2025-11-28T15:18:08","date_gmt":"2025-11-28T15:18:08","guid":{"rendered":"https:\/\/www.europesays.com\/es\/260500\/"},"modified":"2025-11-28T15:18:08","modified_gmt":"2025-11-28T15:18:08","slug":"el-congreso-tendra-que-esperar-a-que-el-auto-de-prision-sea-firme-para-suspender-a-abalos-espana","status":"publish","type":"post","link":"https:\/\/www.europesays.com\/es\/260500\/","title":{"rendered":"El Congreso tendr\u00e1 que esperar a que el auto de prisi\u00f3n sea firme para suspender a \u00c1balos | Espa\u00f1a"},"content":{"rendered":"<p class=\"\">El Tribunal Supremo ha comunicado en la ma\u00f1ana de este viernes al Congreso que el <a href=\"https:\/\/elpais.com\/espana\/2025-11-28\/el-psoe-reivindica-que-expulso-a-abalos-hace-20-meses-pero-admite-la-dureza-del-golpe-el-segundo-secretario-de-organizacion-en-la-carcel.html\" target=\"_self\" rel=\"nofollow noopener\" title=\"https:\/\/elpais.com\/espana\/2025-11-28\/el-psoe-reivindica-que-expulso-a-abalos-hace-20-meses-pero-admite-la-dureza-del-golpe-el-segundo-secretario-de-organizacion-en-la-carcel.html\">exdiputado socialista Jos\u00e9 Luis \u00c1balos<\/a>, ahora en el Grupo Mixto, est\u00e1 en \u201cprisi\u00f3n provisional comunicada y sin fianza\u201d y tambi\u00e9n que esa situaci\u00f3n no es firme y se revisar\u00e1, por los recursos planteados, el pr\u00f3ximo jueves 4 de diciembre. El Congreso ha tomado nota de esa contestaci\u00f3n y postergar\u00e1 la decisi\u00f3n de su Mesa hasta ese d\u00eda para suspenderle de esa condici\u00f3n de diputado.<\/p>\n<p class=\"\">El <a href=\"https:\/\/elpais.com\/espana\/2025-11-27\/abalos-entra-en-prision-que-pasa-ahora-con-su-escano-varian-las-mayorias-en-el-congreso-las-claves-del-caso.html\" target=\"_self\" rel=\"nofollow noopener\" title=\"https:\/\/elpais.com\/espana\/2025-11-27\/abalos-entra-en-prision-que-pasa-ahora-con-su-escano-varian-las-mayorias-en-el-congreso-las-claves-del-caso.html\">Congreso hab\u00eda enviado un oficio al Supremo <\/a>para conocer exacta y oficialmente cu\u00e1l era la situaci\u00f3n procesal de \u00c1balos tras la vistilla de este jueves en ese tribunal en la que se cambiaron sus medidas cautelares y se decret\u00f3 por el magistrado Leopoldo Puente su entrada en prisi\u00f3n por riesgo de fuga.<\/p>\n<p class=\"\">El <a href=\"https:\/\/elpais.com\/espana\/2025-11-28\/ultima-hora-de-la-actualidad-politica-en-directo.html\" target=\"_self\" rel=\"nofollow noopener\" title=\"https:\/\/elpais.com\/espana\/2025-11-28\/ultima-hora-de-la-actualidad-politica-en-directo.html\">alto tribunal ha informado este viernes del contenido del auto<\/a> firmado este jueves por el juez en el que se decreta \u201cla prisi\u00f3n provisional comunicada y sin fianza\u201d para Jos\u00e9 Luis \u00c1balos, pero tambi\u00e9n se \u201cpone de relieve que el auto de Procedimiento Abreviado no es firme\u201d, al estar recurrido en apelaci\u00f3n por la representaci\u00f3n del exdiputado socialista, adscrito ahora al Grupo Mixto. El tribunal ha fijado para deliberar sobre ese recurso el pr\u00f3ximo d\u00eda 4 de diciembre a las 11.30.<\/p>\n<p class=\"\">En el Congreso se reservan hasta ese momento del pr\u00f3ximo jueves la convocatoria de una Mesa extraordinaria, telem\u00e1tica o presencial, <a href=\"https:\/\/www.congreso.es\/es\/cem\/tit1\" target=\"_self\" rel=\"nofollow noopener\" title=\"https:\/\/www.congreso.es\/es\/cem\/tit1\">para aplicar el art\u00edculo 21 del Reglamento,<\/a> que reza que \u201clos diputados y diputadas quedar\u00e1n suspendidos en sus derechos y deberes parlamentarios cuando, concedida por la C\u00e1mara la autorizaci\u00f3n objeto de un suplicatorio y firme el Auto de procesamiento, se hallaren en situaci\u00f3n de prisi\u00f3n preventiva y mientras dure esta\u201d.<\/p>\n<p class=\"\">\u00c1balos perder\u00e1 entonces sus prerrogativas como diputado, aunque seguir\u00e1 conservando el acta, y desde ese momento ya no podr\u00e1 votar <a href=\"https:\/\/elpais.com\/espana\/2025-10-08\/jornada-frenetica-en-el-congreso-un-diputado-del-pp-ausente-un-acuerdo-a-ultima-hora-con-podemos-y-una-final-del-betis.html\" rel=\"nofollow noopener\" title=\"https:\/\/elpais.com\/espana\/2025-10-08\/jornada-frenetica-en-el-congreso-un-diputado-del-pp-ausente-un-acuerdo-a-ultima-hora-con-podemos-y-una-final-del-betis.html\" target=\"_blank\">ni participar en la actividad parlamentaria<\/a> ni pertenecer a un grupo de la C\u00e1mara baja. Tampoco percibir\u00e1 las retribuciones econ\u00f3micas; esto es, ni su sueldo general como parlamentario ni el resto de complementos. Si saliera de prisi\u00f3n preventiva, volver\u00eda a recuperar sus derechos. Si hubiera renunciado a su acta, como hizo en junio pasado su sucesor al frente de la secretar\u00eda de Organizaci\u00f3n del PSOE, Santos Cerd\u00e1n, su causa volver\u00eda a la Audiencia Nacional y no pondr\u00eda en riesgo la percepci\u00f3n de la indemnizaci\u00f3n para volver a su vida anterior que contempla el Congreso y que en su caso, tras estar siete legislaturas en la C\u00e1mara, se estima que podr\u00eda llegar a unos 100.000 euros.<\/p>\n<p class=\"\">La posici\u00f3n de \u00c1balos complica todav\u00eda m\u00e1s el funcionamiento de la mayor\u00eda que sostiene al Gobierno de coalici\u00f3n del PSOE y Sumar en el Congreso, en especial en determinadas votaciones. La Mesa tendr\u00e1 que estudiar, en su momento, si al no poder contar con \u00c1balos cambia la mayor\u00eda de la C\u00e1mara, ahora fijada en 176 esca\u00f1os de los 350 totales. Fuentes parlamentarias apuntan a esa mayor\u00eda, por ahora, no se tocar\u00eda.<\/p>\n","protected":false},"excerpt":{"rendered":"El Tribunal Supremo ha comunicado en la ma\u00f1ana de este viernes al Congreso que el exdiputado socialista Jos\u00e9&hellip;\n","protected":false},"author":2,"featured_media":260501,"comment_status":"","ping_status":"","sticky":false,"template":"","format":"standard","meta":{"footnotes":""},"categories":[8],"tags":[63333,17,18,4456,31944,25,24,13,14,52520,8808,11,5610,19,20,65112,9,10,15,16,32675,14863,15079,41893,23,12,4874,21,22,23217],"class_list":{"0":"post-260500","1":"post","2":"type-post","3":"status-publish","4":"format-standard","5":"has-post-thumbnail","7":"category-espana","8":"tag-aforamiento","9":"tag-breaking-news","10":"tag-breakingnews","11":"tag-congreso-diputados","12":"tag-cortes-generales","13":"tag-es","14":"tag-espana","15":"tag-featured-news","16":"tag-featurednews","17":"tag-grupo-mixto","18":"tag-grupos-parlamentarios","19":"tag-headlines","20":"tag-jose-luis-abalos","21":"tag-latest-news","22":"tag-latestnews","23":"tag-mesa-congreso","24":"tag-news","25":"tag-noticias","26":"tag-noticias-destacadas","27":"tag-noticiasdestacadas","28":"tag-parlamentarismo","29":"tag-parlamento","30":"tag-prision-preventiva","31":"tag-soto-del-real","32":"tag-spain","33":"tag-titulares","34":"tag-tribunal-supremo","35":"tag-ultimas-noticias","36":"tag-ultimasnoticias","37":"tag-votaciones"},"share_on_mastodon":{"url":"","error":""},"_links":{"self":[{"href":"https:\/\/www.europesays.com\/es\/wp-json\/wp\/v2\/posts\/260500","targetHints":{"allow":["GET"]}}],"collection":[{"href":"https:\/\/www.europesays.com\/es\/wp-json\/wp\/v2\/posts"}],"about":[{"href":"https:\/\/www.europesays.com\/es\/wp-json\/wp\/v2\/types\/post"}],"author":[{"embeddable":true,"href":"https:\/\/www.europesays.com\/es\/wp-json\/wp\/v2\/users\/2"}],"replies":[{"embeddable":true,"href":"https:\/\/www.europesays.com\/es\/wp-json\/wp\/v2\/comments?post=260500"}],"version-history":[{"count":0,"href":"https:\/\/www.europesays.com\/es\/wp-json\/wp\/v2\/posts\/260500\/revisions"}],"wp:featuredmedia":[{"embeddable":true,"href":"https:\/\/www.europesays.com\/es\/wp-json\/wp\/v2\/media\/260501"}],"wp:attachment":[{"href":"https:\/\/www.europesays.com\/es\/wp-json\/wp\/v2\/media?parent=260500"}],"wp:term":[{"taxonomy":"category","embeddable":true,"href":"https:\/\/www.europesays.com\/es\/wp-json\/wp\/v2\/categories?post=260500"},{"taxonomy":"post_tag","embeddable":true,"href":"https:\/\/www.europesays.com\/es\/wp-json\/wp\/v2\/tags?post=260500"}],"curies":[{"name":"wp","href":"https:\/\/api.w.org\/{rel}","templated":true}]}}