{"id":260502,"date":"2025-11-28T15:19:08","date_gmt":"2025-11-28T15:19:08","guid":{"rendered":"https:\/\/www.europesays.com\/es\/260502\/"},"modified":"2025-11-28T15:19:08","modified_gmt":"2025-11-28T15:19:08","slug":"los-ninos-y-ninas-que-acudan-al-mercado-central-de-elda-con-sus-familias-pueden-disfrutar-desde-hoy-y-hasta-el-5-de-enero-del-espectacular-photocall-navideno","status":"publish","type":"post","link":"https:\/\/www.europesays.com\/es\/260502\/","title":{"rendered":"Los ni\u00f1os y ni\u00f1as que acudan al Mercado Central de Elda con sus familias pueden disfrutar desde hoy y hasta el 5 de enero del espectacular \u2018photocall\u2019 navide\u00f1o"},"content":{"rendered":"<p>Los clientes y clientas que visiten desde hoy y hasta el pr\u00f3ximo 5 de enero el Mercado Central de Elda podr\u00e1n disfrutar del espectacular \u2018photocall\u2019 navide\u00f1o instalado en el vest\u00edbulo del acceso de la Plaza Castelar.<\/p>\n<p>Se trata de una de las iniciativas puestas en marcha por el Ayuntamiento de Elda, a trav\u00e9s de la Concejal\u00eda de Comercio y Mercados, dentro de la campa\u00f1a de ambientaci\u00f3n y decoraci\u00f3n navide\u00f1a del centro comercial municipal.<\/p>\n<p>Los ni\u00f1os y ni\u00f1as, junto con sus familias, podr\u00e1n hacerse fotos en el set decorado dentro del horario comercial del Mercado Central: de 8.00 a 14.00 horas (de lunes a viernes); de 17.00 a 20.00 horas (s\u00f3lo los viernes) y de 7.00 a 14.30 horas (los s\u00e1bados).<\/p>\n<p>La concejala de Comercio y Mercados, Silvia Ib\u00e1\u00f1ez, ha animado a todas y todos los eldenses \u201ca acercarse al Mercado Central, al Mercado de San Francisco y a los establecimientos de nuestra ciudad para realizar sus compras navide\u00f1as y disfrutar de la mejor oferta comercial de la comarca, as\u00ed como del ambiente y animaci\u00f3n que habr\u00e1 en las diferentes zonas comerciales de Elda\u201d.<\/p>\n<p>Por otra parte, la Concejal\u00eda de Comercio y Mercados ha distribuido cerca de 6.000 bolsas de la campa\u00f1a \u2018Comprar en Elda es muy\u2026 top\u2019 entre los comerciantes de los Mercados Municipales. En el Mercado de San Francisco se han distribuido un total de 1.440 bolsas entre 18 comerciantes, mientras que en el Mercado Central se ha repartido 4.000 bolsas entre 50 comerciantes.<\/p>\n","protected":false},"excerpt":{"rendered":"Los clientes y clientas que visiten desde hoy y hasta el pr\u00f3ximo 5 de enero el Mercado Central&hellip;\n","protected":false},"author":2,"featured_media":260503,"comment_status":"","ping_status":"","sticky":false,"template":"","format":"standard","meta":{"footnotes":""},"categories":[5],"tags":[17,18,25,24,13,14,11,19,20,9,10,15,16,23,12,21,22],"class_list":{"0":"post-260502","1":"post","2":"type-post","3":"status-publish","4":"format-standard","5":"has-post-thumbnail","7":"category-titulares","8":"tag-breaking-news","9":"tag-breakingnews","10":"tag-es","11":"tag-espana","12":"tag-featured-news","13":"tag-featurednews","14":"tag-headlines","15":"tag-latest-news","16":"tag-latestnews","17":"tag-news","18":"tag-noticias","19":"tag-noticias-destacadas","20":"tag-noticiasdestacadas","21":"tag-spain","22":"tag-titulares","23":"tag-ultimas-noticias","24":"tag-ultimasnoticias"},"share_on_mastodon":{"url":"https:\/\/pubeurope.com\/@es\/115628000124199488","error":""},"_links":{"self":[{"href":"https:\/\/www.europesays.com\/es\/wp-json\/wp\/v2\/posts\/260502","targetHints":{"allow":["GET"]}}],"collection":[{"href":"https:\/\/www.europesays.com\/es\/wp-json\/wp\/v2\/posts"}],"about":[{"href":"https:\/\/www.europesays.com\/es\/wp-json\/wp\/v2\/types\/post"}],"author":[{"embeddable":true,"href":"https:\/\/www.europesays.com\/es\/wp-json\/wp\/v2\/users\/2"}],"replies":[{"embeddable":true,"href":"https:\/\/www.europesays.com\/es\/wp-json\/wp\/v2\/comments?post=260502"}],"version-history":[{"count":0,"href":"https:\/\/www.europesays.com\/es\/wp-json\/wp\/v2\/posts\/260502\/revisions"}],"wp:featuredmedia":[{"embeddable":true,"href":"https:\/\/www.europesays.com\/es\/wp-json\/wp\/v2\/media\/260503"}],"wp:attachment":[{"href":"https:\/\/www.europesays.com\/es\/wp-json\/wp\/v2\/media?parent=260502"}],"wp:term":[{"taxonomy":"category","embeddable":true,"href":"https:\/\/www.europesays.com\/es\/wp-json\/wp\/v2\/categories?post=260502"},{"taxonomy":"post_tag","embeddable":true,"href":"https:\/\/www.europesays.com\/es\/wp-json\/wp\/v2\/tags?post=260502"}],"curies":[{"name":"wp","href":"https:\/\/api.w.org\/{rel}","templated":true}]}}