{"id":260506,"date":"2025-11-28T15:25:22","date_gmt":"2025-11-28T15:25:22","guid":{"rendered":"https:\/\/www.europesays.com\/es\/260506\/"},"modified":"2025-11-28T15:25:22","modified_gmt":"2025-11-28T15:25:22","slug":"contador-y-basso-presumen-de-su-nuevo-arma-con-alma-tinerfena","status":"publish","type":"post","link":"https:\/\/www.europesays.com\/es\/260506\/","title":{"rendered":"Contador y Basso presumen de su nuevo &#8216;arma&#8217; con alma tinerfe\u00f1a"},"content":{"rendered":"<p data-mrf-recirculation=\"Links P\u00e1rrafos\" class=\"ue-c-article__paragraph paragraph ue-c-article--first-letter-highlighted\">Alberto <strong>Contador e Iv\u00e1n Basso<\/strong>, leyendas del ciclismo y responsables de la firma<strong> Aurum<\/strong>, escogieron este martes Santa Cruz de Tenerife para desvelar una nueva joya de su cat\u00e1logo: una bicicleta inspirada en la isla y bautizada como Magma Tenerife.\u00a0<\/p>\n<p data-mrf-recirculation=\"Links P\u00e1rrafos\" class=\"ue-c-article__paragraph paragraph\">El acto, que cont\u00f3 con un numeroso p\u00fablico, tuvo lugar en el <strong>Museo de la Naturaleza y Arqueolog\u00eda (MUNA), arropado por autoridades del Cabildo \u2014entre ellas el vicepresidente Lope Afonso y los consejeros Jos\u00e9 Carlos Acha y Yolanda Molin\u00e9\u2014<\/strong>, adem\u00e1s del consejero delegado de Ideco, Manuel G\u00f3mez, y una nutrida representaci\u00f3n del mundo del ciclismo.<\/p>\n<p>Contador: \u00abNo tocar\u00eda las grandes: quitar la tercera semana ser\u00eda perder romanticismo\u201d<\/p>\n<p data-mrf-recirculation=\"Links P\u00e1rrafos\" class=\"ue-c-article__paragraph paragraph\">La edici\u00f3n especial presume de un dise\u00f1o que busca capturar la esencia de Tenerife: tonos azules que evocan un recorrido imaginario desde el oc\u00e9ano hasta las laderas del Teide. Un gui\u00f1o visual al paisaje que ha marcado la carrera de tantos ciclistas.<\/p>\n<p data-mrf-recirculation=\"Links P\u00e1rrafos\" class=\"ue-c-article__paragraph paragraph\">Contador record\u00f3 ante los presentes la huella personal que le dej\u00f3 la isla: \u201cTenerife siempre ha sido un lugar muy especial para m\u00ed. Pas\u00e9 muchas semanas entrenando en el Teide durante mi \u00e9poca profesional\u201d.<\/p>\n<p>Aurum y Tenerife, una mezcla perfecta para el Origen<\/p>\n<p data-mrf-recirculation=\"Links P\u00e1rrafos\" class=\"ue-c-article__paragraph paragraph\">Basso, por su parte, subray\u00f3 que Aurum lleva el ADN tinerfe\u00f1o desde su origen.\u00a0\u00abAqu\u00ed naci\u00f3 la idea de la marca y aqu\u00ed regresamos con una bicicleta que simboliza ese v\u00ednculo. <strong>La Magma Tenerife no es solo una edici\u00f3n limitada; es un homenaje a sus carreteras, a su paisaje y a todo lo que la isla representa para quienes entrenamos aqu\u00ed<\/strong>\u201d. dijo.<\/p>\n<p data-mrf-recirculation=\"Links P\u00e1rrafos\" class=\"ue-c-article__paragraph paragraph\">Lope Afonso, en nombre del Cabildo, destac\u00f3 el impacto simb\u00f3lico del lanzamiento:<strong> \u201cLa llegada de esta edici\u00f3n Magma Tenerife va m\u00e1s all\u00e1 de mostrar una bicicleta. Es la confirmaci\u00f3n de un lazo profundo entre la isla y el ciclismo\u201d.<\/strong><\/p>\n","protected":false},"excerpt":{"rendered":"Alberto Contador e Iv\u00e1n Basso, leyendas del ciclismo y responsables de la firma Aurum, escogieron este martes Santa&hellip;\n","protected":false},"author":2,"featured_media":260507,"comment_status":"","ping_status":"","sticky":false,"template":"","format":"standard","meta":{"footnotes":""},"categories":[273],"tags":[313,312,168,25,24,23,167],"class_list":{"0":"post-260506","1":"post","2":"type-post","3":"status-publish","4":"format-standard","5":"has-post-thumbnail","7":"category-ciclismo","8":"tag-ciclismo","9":"tag-cycling","10":"tag-deportes","11":"tag-es","12":"tag-espana","13":"tag-spain","14":"tag-sports"},"share_on_mastodon":{"url":"https:\/\/pubeurope.com\/@es\/115628023653990680","error":""},"_links":{"self":[{"href":"https:\/\/www.europesays.com\/es\/wp-json\/wp\/v2\/posts\/260506","targetHints":{"allow":["GET"]}}],"collection":[{"href":"https:\/\/www.europesays.com\/es\/wp-json\/wp\/v2\/posts"}],"about":[{"href":"https:\/\/www.europesays.com\/es\/wp-json\/wp\/v2\/types\/post"}],"author":[{"embeddable":true,"href":"https:\/\/www.europesays.com\/es\/wp-json\/wp\/v2\/users\/2"}],"replies":[{"embeddable":true,"href":"https:\/\/www.europesays.com\/es\/wp-json\/wp\/v2\/comments?post=260506"}],"version-history":[{"count":0,"href":"https:\/\/www.europesays.com\/es\/wp-json\/wp\/v2\/posts\/260506\/revisions"}],"wp:featuredmedia":[{"embeddable":true,"href":"https:\/\/www.europesays.com\/es\/wp-json\/wp\/v2\/media\/260507"}],"wp:attachment":[{"href":"https:\/\/www.europesays.com\/es\/wp-json\/wp\/v2\/media?parent=260506"}],"wp:term":[{"taxonomy":"category","embeddable":true,"href":"https:\/\/www.europesays.com\/es\/wp-json\/wp\/v2\/categories?post=260506"},{"taxonomy":"post_tag","embeddable":true,"href":"https:\/\/www.europesays.com\/es\/wp-json\/wp\/v2\/tags?post=260506"}],"curies":[{"name":"wp","href":"https:\/\/api.w.org\/{rel}","templated":true}]}}