{"id":260510,"date":"2025-11-28T15:28:10","date_gmt":"2025-11-28T15:28:10","guid":{"rendered":"https:\/\/www.europesays.com\/es\/260510\/"},"modified":"2025-11-28T15:28:10","modified_gmt":"2025-11-28T15:28:10","slug":"recluta-un-nuevo-efectivo-para-paliar-las-bajas-del-sevilla-para-el-derbi-contra-el-betis","status":"publish","type":"post","link":"https:\/\/www.europesays.com\/es\/260510\/","title":{"rendered":"Recluta un nuevo efectivo para paliar las bajas del Sevilla para el derbi contra el Betis"},"content":{"rendered":"<p>El t\u00e9cnico nervionense a\u00fan est\u00e1 pendiente de la evoluci\u00f3n de varios tocados y ya sabe que contar\u00e1 con un m\u00ednimo de cuatro ausencias obligadas por lesi\u00f3n, dos de ellas en el puesto de extremo que el argentino ha reforzado hoy llamando al canterano Miguel Sierra<\/p>\n<p class=\"parrafo\">Ya s\u00f3lo quedan dos d\u00edas para El Gran Derbi que el Sevilla FC y el Real Betis disputar\u00e1n en la sobremesa de este pr\u00f3ximo domingo en el Ram\u00f3n S\u00e1nchez-Pizju\u00e1n; pero <strong>se van a hacer muy largas estas 48 horas<\/strong>. A este ritmo, como el duelo estrella de la jornada 14 en LaLiga EA Sports tarde un poco m\u00e1s en celebrarse, Mat\u00edas Almeyda y Manuel Pellegrini no van a tener a quien alinear. <\/p>\n<p><a class=\"elementos-rel-t2\" href=\"https:\/\/www.estadiodeportivo.com\/futbol\/sevilla-fc\/jesus-navas-analiza-sevilla-estadio-deportivo-gran-derbi-almeyda-20251128-521844.html\" title=\"Jes\u00fas Navas analiza al Sevilla en ESTADIO Deportivo: &quot;Almeyda es el entrenador id\u00f3neo para el equipo&quot;\" rel=\"nofollow noopener\" target=\"_blank\"><\/p>\n<p class=\"titular titulo-4\">Jes\u00fas Navas analiza al Sevilla en ESTADIO Deportivo: \u00abAlmeyda es el entrenador id\u00f3neo para el equipo\u00bb<\/p>\n<p><img decoding=\"async\" src=\"https:\/\/www.europesays.com\/es\/wp-content\/uploads\/2025\/11\/7cb0893e-e8cc-4bc0-bac6-f1f98affefca_320x180.jpeg\" alt=\"Jes\u00fas Navas analiza al Sevilla en ESTADIO Deportivo: &quot;Almeyda es el entrenador id\u00f3neo para el equipo&quot;\"\/><\/a><a class=\"elementos-rel-t2\" href=\"https:\/\/www.estadiodeportivo.com\/futbol\/sevilla-fc\/derbi-particular-matias-almeyda-sevilla-betis-mas-10000-dias-penitencia-20251127-521791.html\" title=\"El derbi particular de Mat\u00edas Almeyda: un Sevilla - Betis y m\u00e1s de 10.000 d\u00edas de penitencia \" rel=\"nofollow noopener\" target=\"_blank\"><\/p>\n<p class=\"titular titulo-4\">El derbi particular de Mat\u00edas Almeyda: un Sevilla &#8211; Betis y m\u00e1s de 10.000 d\u00edas de penitencia <\/p>\n<p><img decoding=\"async\" src=\"https:\/\/www.europesays.com\/es\/wp-content\/uploads\/2025\/11\/c0f078d7-c4f5-41e9-8058-392b003d0984_320x180.jpeg\" alt=\"El derbi particular de Mat\u00edas Almeyda: un Sevilla - Betis y m\u00e1s de 10.000 d\u00edas de penitencia \"\/><\/a><a class=\"elementos-rel-t2\" href=\"https:\/\/www.estadiodeportivo.com\/futbol\/sevilla-fc\/isaac-carmona-juanlu-los-tres-damnificados-por-bandera-antibetica-coinciden-avisan-ahi-vera-20251127-521827.html\" title=\"Isaac, Carmona y Juanlu, los tres damnificados por la bandera antib\u00e9tica, coinciden y avisan: &quot;Ah\u00ed se ver\u00e1...&quot;\" rel=\"nofollow noopener\" target=\"_blank\"><\/p>\n<p class=\"titular titulo-4\">Isaac, Carmona y Juanlu, los tres damnificados por la bandera antib\u00e9tica, coinciden y avisan: \u00abAh\u00ed se ver\u00e1&#8230;\u00bb<\/p>\n<p><img decoding=\"async\" src=\"https:\/\/www.europesays.com\/es\/wp-content\/uploads\/2025\/11\/5df9d042-0624-4748-af30-c3d1c11ad401_320x180.jpeg\" alt=\"Isaac, Carmona y Juanlu, los tres damnificados por la bandera antib\u00e9tica, coinciden y avisan: &quot;Ah\u00ed se ver\u00e1...&quot;\"\/><\/a><\/p>\n<p class=\"parrafo\">Y es que entre las muchas diferencias que separan a ambos clubes, el nervionense y el heliopolitano tienen <strong>preocupaciones compartidas<\/strong> al ver caer lesionados a algunos de los mejores futbolistas de cada plantel como si de un &#8216;efecto domin\u00f3 se tratase&#8217;. As\u00ed, si el t\u00e9cnico chileno anda cabizbajo con Isco, Amrabat, Lo Celso, Beller\u00edn, Pau L\u00f3pez o el sancionado Antony; el entrenador argentino ha dirigido este viernes <strong>una sesi\u00f3n matinal en la que su enfermer\u00eda ha vuelto a ser protagonista y en la que se ha respirado un ambiente mucho m\u00e1s positivo que en lo que iba de semana<\/strong>. <\/p>\n<p>Miguel Sierra, gran novedad en un Sevilla FC con cuatro bajas para el derbi contra el Real Betis <\/p>\n<p class=\"parrafo\">El choque del pasado lunes ante el RCD Espanyol le sali\u00f3 muy caro al Sevilla FC, que <strong>perdi\u00f3 hasta tres jugadores por lesi\u00f3n<\/strong>. A la media hora de juego, <strong>Adnan Januzaj<\/strong> sufri\u00f3 una lesi\u00f3n en el b\u00edceps femoral de su pierna izquierda que le tendr\u00e1 parado en torno a cuatro o cinco semanas. Al poco de iniciarse el segundo acto, <a href=\"https:\/\/www.estadiodeportivo.com\/futbol\/sevilla-fc\/las-palabras-ruben-vargas-jugador-del-sevilla-tras-confirmarse-lesion-volvere-mas-fuerte-20251126-521589.html\" target=\"_blank\" class=\"intext-link\" rel=\"nofollow noopener\"><strong>Rub\u00e9n Vargas<\/strong> padeci\u00f3 exactamente la misma dolencia<\/a> que el belga, aunque con un grado de afectaci\u00f3n mayor que le dificultaba caminar sin ayuda y que necesitar\u00e1 de cerca de dos meses de recuperaci\u00f3n. Por si fuera poco, en la ma\u00f1ana del martes se publicaba tambi\u00e9n un <a href=\"https:\/\/www.estadiodeportivo.com\/futbol\/sevilla-fc\/otra-lesion-sevilla-solo-cuatro-dias-derbi-contra-betis-gabriel-suazo-tambien-rompe-20251126-521603.html\" target=\"_blank\" class=\"intext-link\" rel=\"nofollow noopener\">parte m\u00e9dico de <\/a><strong><a href=\"https:\/\/www.estadiodeportivo.com\/futbol\/sevilla-fc\/otra-lesion-sevilla-solo-cuatro-dias-derbi-contra-betis-gabriel-suazo-tambien-rompe-20251126-521603.html\" target=\"_blank\" class=\"intext-link\" rel=\"nofollow noopener\">Gabriel Suazo<\/a><\/strong>, que acab\u00f3 el choque en Cornell\u00e0 con una lesi\u00f3n en el s\u00f3leo que le frena para las dos o tres pr\u00f3ximas semanas. De este modo, <strong>se unieron a Tanguy Nianzou y aumentaron a un m\u00ednimo de cuatro las bajas seguras para recibir al Real Betis<\/strong>. <\/p>\n<p class=\"parrafo\">Un m\u00ednimo de cuatro porque en esa misma sesi\u00f3n de trabajo del martes se ausent\u00f3 <strong>el tocado Nemanja Gudelj<\/strong>, por una gesti\u00f3n de cargas para prevenir sustos mayores, y a\u00fan segu\u00eda al margen del resto de sus compa\u00f1eros <strong>C\u00e9sar Azpilicueta<\/strong>; pero<strong> <\/strong>el veterano defensor navarro, que ha encadenado tres lesiones musculares leves en un mes, <a href=\"https:\/\/www.estadiodeportivo.com\/futbol\/sevilla-fc\/gudelj-aumenta-las-preocupaciones-medicas-sevilla-pese-esfuerzo-azpilicueta-por-atenuar-problemas-20251126-521610.html\" target=\"_blank\" class=\"intext-link\" rel=\"nofollow noopener\">se uni\u00f3 a la actividad colectiva en el entrenamiento matinal del mi\u00e9rcoles<\/a>, con <strong>regreso tambi\u00e9n para el contusionado Alberto Flores<\/strong>, mientras que <a href=\"https:\/\/www.estadiodeportivo.com\/futbol\/sevilla-fc\/gudelj-principal-protagonista-sesion-nuevo-escenario-20251127-521754.html\" target=\"_blank\" class=\"intext-link\" rel=\"nofollow noopener\">el mediocentro serbio hizo lo propio el jueves<\/a>. <\/p>\n<p class=\"parrafo\">En la ma\u00f1ana de esta viernes, los tres se han dejado ver en la Ciudad Deportiva Jos\u00e9 Ram\u00f3n Cisneros Palacios ejercit\u00e1ndose con aparente normalidad y calmando un poco las aguas en esa fren\u00e9tica secuencia de desdichas. Adem\u00e1s, de todo lo que depara la siempre agitada enfermer\u00eda blanquirroja, <strong>la gran novedad en la pen\u00faltima sesi\u00f3n preparatoria antes de recibir al Betis ha sido la presencia del extremo canterano Miguel Sierra, reclutado por Almeyda para paliar las mencionadas bajas de Vargas y Januzaj<\/strong>. <\/p>\n<p class=\"parrafo\"><strong>La plantilla del Sevilla FC trabajar\u00e1 por \u00faltima vez en la ma\u00f1ana de este s\u00e1bado, a partir de las 12:00 horas<\/strong>, en un d\u00eda muy especial por ser el de la previa de El Gran Derbi ante el Real Betis. Por este motivo, los medios de la entidad anunciaron que <strong>este \u00faltimo entrenamiento se traslada hasta el escenario del encuentro, el estadio Ram\u00f3n S\u00e1nchez-Pizju\u00e1n, y adem\u00e1s habr\u00e1 jornada de puertas abiertas<\/strong> para que la afici\u00f3n pueda jalear a sus futbolistas y se viva uno de esos necesarios momentos de comuni\u00f3n entre la grada y el equipo. <\/p>\n","protected":false},"excerpt":{"rendered":"El t\u00e9cnico nervionense a\u00fan est\u00e1 pendiente de la evoluci\u00f3n de varios tocados y ya sabe que contar\u00e1 con&hellip;\n","protected":false},"author":2,"featured_media":260511,"comment_status":"","ping_status":"","sticky":false,"template":"","format":"standard","meta":{"footnotes":""},"categories":[268],"tags":[168,60062,25,24,284,280,282,1945,286,2993,281,23,167],"class_list":{"0":"post-260510","1":"post","2":"type-post","3":"status-publish","4":"format-standard","5":"has-post-thumbnail","7":"category-futbol","8":"tag-deportes","9":"tag-el-gran-derbi","10":"tag-es","11":"tag-espana","12":"tag-estadio-deportivo","13":"tag-football","14":"tag-futbol","15":"tag-primera-division","16":"tag-real-betis-balompie","17":"tag-sevilla-futbol-club","18":"tag-soccer","19":"tag-spain","20":"tag-sports"},"share_on_mastodon":{"url":"https:\/\/pubeurope.com\/@es\/115628036592778229","error":""},"_links":{"self":[{"href":"https:\/\/www.europesays.com\/es\/wp-json\/wp\/v2\/posts\/260510","targetHints":{"allow":["GET"]}}],"collection":[{"href":"https:\/\/www.europesays.com\/es\/wp-json\/wp\/v2\/posts"}],"about":[{"href":"https:\/\/www.europesays.com\/es\/wp-json\/wp\/v2\/types\/post"}],"author":[{"embeddable":true,"href":"https:\/\/www.europesays.com\/es\/wp-json\/wp\/v2\/users\/2"}],"replies":[{"embeddable":true,"href":"https:\/\/www.europesays.com\/es\/wp-json\/wp\/v2\/comments?post=260510"}],"version-history":[{"count":0,"href":"https:\/\/www.europesays.com\/es\/wp-json\/wp\/v2\/posts\/260510\/revisions"}],"wp:featuredmedia":[{"embeddable":true,"href":"https:\/\/www.europesays.com\/es\/wp-json\/wp\/v2\/media\/260511"}],"wp:attachment":[{"href":"https:\/\/www.europesays.com\/es\/wp-json\/wp\/v2\/media?parent=260510"}],"wp:term":[{"taxonomy":"category","embeddable":true,"href":"https:\/\/www.europesays.com\/es\/wp-json\/wp\/v2\/categories?post=260510"},{"taxonomy":"post_tag","embeddable":true,"href":"https:\/\/www.europesays.com\/es\/wp-json\/wp\/v2\/tags?post=260510"}],"curies":[{"name":"wp","href":"https:\/\/api.w.org\/{rel}","templated":true}]}}