{"id":260512,"date":"2025-11-28T15:29:09","date_gmt":"2025-11-28T15:29:09","guid":{"rendered":"https:\/\/www.europesays.com\/es\/260512\/"},"modified":"2025-11-28T15:29:09","modified_gmt":"2025-11-28T15:29:09","slug":"no-ha-cumplido-con-las-obligaciones-del-acuerdo","status":"publish","type":"post","link":"https:\/\/www.europesays.com\/es\/260512\/","title":{"rendered":"No ha cumplido con las obligaciones del acuerdo"},"content":{"rendered":"<p class=\"c-paragraph\">M\u00e1s de un a\u00f1o despu\u00e9s de la muerte de <a href=\"https:\/\/www.20minutos.es\/tags\/personas\/shannen-doherty.html\" title=\"Shannen Doherty\" rel=\"nofollow noopener\" target=\"_blank\">Shannen Doherty<\/a> a causa de un c\u00e1ncer, el reparto de su patrimonio a\u00fan sigue en disputa, pues sus herederos <b>reclaman a su exmarido<\/b>, el fot\u00f3grafo Kurt Iswarienko con el que estuvo casada m\u00e1s de diez a\u00f1os, <b>una casa y otros bienes<\/b>.<\/p>\n<p class=\"c-paragraph\">La actriz, conocida por sus papeles protagonistas de\u00a0Brenda Walsh en Sensaci\u00f3n de vivir y\u00a0Prue Halliwell en Embrujadas, ya declar\u00f3 en su p\u00f3dcast que <b>iba a designar a su madre,\u00a0Rosa Elizabeth, como su heredera<\/b>. Y ahora es ella quien est\u00e1 luchando por recuperar ciertas\u00a0posesiones.<\/p>\n<p class=\"c-paragraph\">Christopher Cortazzo,\u00a0administrador de la herencia, asegur\u00f3 en unos documentos compartidos por Us Weekly\u00a0que \u00ab<b>Iswarienko no ha cumplido con las obligaciones del acuerdo de divorcio<\/b> firmado un d\u00eda antes de la muerte de Doherty\u00bb.<\/p>\n<p class=\"c-paragraph\">Seg\u00fan esta informaci\u00f3n, se reclama <b>una casa valorada en m\u00e1s de 1,5 millones de d\u00f3lares<\/b> (alrededor de 1,3 millones de euros), que tiene cuatro ba\u00f1os y cuatro dormitorios y est\u00e1 situada en Dripping Springs (Texas).<\/p>\n<p class=\"c-paragraph\">El documento de la separaci\u00f3n estipulaba que esta propiedad era patrimonio de la int\u00e9rprete, pero a\u00fan no se ha puesto a la venta con intenci\u00f3n de legar el dinero a los herederos. Y lo mismo ha sucedido con otros bienes que se reclaman: distintas obras de arte como <b>un cuadro de <a href=\"https:\/\/www.20minutos.es\/tags\/personas\/dali.html\" title=\"Dal\u00ed\" rel=\"nofollow noopener\" target=\"_blank\">Salvador Dal\u00ed<\/a><\/b>, objetos personales de Shannen Doherty como una <b>camioneta Ford<\/b> de 1979, <b>un Range Rover<\/b> de 2007 y otro de 2019.<\/p>\n<p class=\"c-paragraph\">Adem\u00e1s, el citado medio asegur\u00f3 que, dentro de este acuerdo de divorcio se establec\u00eda que\u00a0Kurt Iswarienko <b>deb\u00eda comprar la participaci\u00f3n de la actriz en un avi\u00f3n\u00a0Mooney M-20<\/b> y tambi\u00e9n deb\u00eda vender un hangar vinculado a dicho transporte. Pero el administrador de la herencia apunt\u00f3 que el fot\u00f3grafo no ha ingresado los 50.274 d\u00f3lares (m\u00e1s de 43.000 euros) que corresponden a esta transacci\u00f3n.<\/p>\n","protected":false},"excerpt":{"rendered":"M\u00e1s de un a\u00f1o despu\u00e9s de la muerte de Shannen Doherty a causa de un c\u00e1ncer, el reparto&hellip;\n","protected":false},"author":2,"featured_media":260513,"comment_status":"","ping_status":"","sticky":false,"template":"","format":"standard","meta":{"footnotes":""},"categories":[174],"tags":[255,22966,146,147,25,24,256,13732,4417,31023,65113,23],"class_list":{"0":"post-260512","1":"post","2":"type-post","3":"status-publish","4":"format-standard","5":"has-post-thumbnail","7":"category-famosos","8":"tag-celebrities","9":"tag-doherty","10":"tag-entertainment","11":"tag-entretenimiento","12":"tag-es","13":"tag-espana","14":"tag-famosos","15":"tag-herederos","16":"tag-los","17":"tag-reclaman","18":"tag-shannen","19":"tag-spain"},"share_on_mastodon":{"url":"https:\/\/pubeurope.com\/@es\/115628039461910940","error":""},"_links":{"self":[{"href":"https:\/\/www.europesays.com\/es\/wp-json\/wp\/v2\/posts\/260512","targetHints":{"allow":["GET"]}}],"collection":[{"href":"https:\/\/www.europesays.com\/es\/wp-json\/wp\/v2\/posts"}],"about":[{"href":"https:\/\/www.europesays.com\/es\/wp-json\/wp\/v2\/types\/post"}],"author":[{"embeddable":true,"href":"https:\/\/www.europesays.com\/es\/wp-json\/wp\/v2\/users\/2"}],"replies":[{"embeddable":true,"href":"https:\/\/www.europesays.com\/es\/wp-json\/wp\/v2\/comments?post=260512"}],"version-history":[{"count":0,"href":"https:\/\/www.europesays.com\/es\/wp-json\/wp\/v2\/posts\/260512\/revisions"}],"wp:featuredmedia":[{"embeddable":true,"href":"https:\/\/www.europesays.com\/es\/wp-json\/wp\/v2\/media\/260513"}],"wp:attachment":[{"href":"https:\/\/www.europesays.com\/es\/wp-json\/wp\/v2\/media?parent=260512"}],"wp:term":[{"taxonomy":"category","embeddable":true,"href":"https:\/\/www.europesays.com\/es\/wp-json\/wp\/v2\/categories?post=260512"},{"taxonomy":"post_tag","embeddable":true,"href":"https:\/\/www.europesays.com\/es\/wp-json\/wp\/v2\/tags?post=260512"}],"curies":[{"name":"wp","href":"https:\/\/api.w.org\/{rel}","templated":true}]}}