{"id":260514,"date":"2025-11-28T15:32:20","date_gmt":"2025-11-28T15:32:20","guid":{"rendered":"https:\/\/www.europesays.com\/es\/260514\/"},"modified":"2025-11-28T15:32:20","modified_gmt":"2025-11-28T15:32:20","slug":"la-1-de-tve-anuncia-el-relevo-a-buenafuente-y-es-una-de-las-grandes-y-novedosas-apuestas-del-curso","status":"publish","type":"post","link":"https:\/\/www.europesays.com\/es\/260514\/","title":{"rendered":"La 1 de TVE anuncia el relevo a Buenafuente y es una de las grandes y novedosas apuestas del curso"},"content":{"rendered":"<p>El pasado viernes, 21 de noviembre, <a href=\"https:\/\/eltelevisero.huffingtonpost.es\/2025\/11\/tve-emite-un-comunicado-anunciando-la-retirada-temporal-de-andreu-buenafuente-y-explica-los-motivos-de-su-decision\/\" rel=\"nofollow noopener\" target=\"_blank\">Andreu Buenafuente<\/a> anunciaba, para sorpresa de todos, su retirada temporal de la televisi\u00f3n por prescripci\u00f3n m\u00e9dica. En ese momento la pregunta que todo el mundo se hac\u00eda es qu\u00e9 pasar\u00eda con &#8216;Futuro imperfecto&#8217; y, sobre todo, qu\u00e9 pasar\u00e1 con las<a href=\"https:\/\/eltelevisero.huffingtonpost.es\/2025\/11\/rtve-elige-a-andreu-buenafuente-y-silvia-abril-binomio-perfecto-para-presentar-las-campanadas-2025-2026\/\" rel=\"nofollow noopener\" target=\"_blank\"> Campanadas<\/a>, ya que \u00e9l ser\u00e1 el encargado de presentarlas junto a Silvia Abril en Televisi\u00f3n Espa\u00f1ola.<\/p>\n<p>Para la segunda cuesti\u00f3n, todo parece indicar que sigue en pie. A la primera, se ha despejado este jueves, 27 de noviembre, cuando La 1 ha mantenido en su parrilla &#8216;<a href=\"https:\/\/eltelevisero.huffingtonpost.es\/2025\/09\/los-5-atronadores-titulares-de-andreu-buenafuente-en-futuro-imperfecto-con-palos-a-ayuso-israel-tellado-y-al-hijo-de-puta\/\" rel=\"nofollow noopener\" target=\"_blank\">Futuro imperfecto&#8217;,<\/a> aunque con un refrito de sus mejores momentos. Durante la emisi\u00f3n del programa, TVE ha aprovechado para anunciar la apuesta que tomar\u00e1 el relevo la pr\u00f3xima semana.<\/p>\n<p>\u00abDesde el coraz\u00f3n de \u00c1frica, llega la &#8216;Dra. Fabiola Jones'\u00bb, anunciaba La 1, animando as\u00ed a la audiencia a acompa\u00f1ar a la veterinaria \u00aben el desaf\u00edo de proteger el mundo salvaje\u00bb. \u00abEl pr\u00f3ximo jueves, despu\u00e9s de &#8216;La Revuelta'\u00bb, informaban desde la cadena p\u00fablica. De esta forma, apuestan por un formato de aventura, acci\u00f3n, emoci\u00f3n, divulgaci\u00f3n y un claro compromiso con el ecosistema para sustituir al show de Andreu Buenafuente.<\/p>\n<p>&#8216;Dra. Fabiola Jones&#8217; sustituir\u00e1 a &#8216;Futuro imperfecto&#8217; los jueves de La 1<\/p>\n<p>&#8216;Dra. Fabiola Jones\u2019 est\u00e1 producido por RTVE en colaboraci\u00f3n con Warner Bros. ITVP Espa\u00f1a. El espacio viajar\u00e1 por ecosistemas amenazados, mostrando intervenciones veterinarias en medio de una cruzada contra la caza furtiva y el tr\u00e1fico ilegal de especies. Todo de la mano de la veterinaria Fabiola Quesada, afincada desde hace m\u00e1s de quince a\u00f1os en \u00c1frica, donde forma veterinarios y desarrolla proyectos de conservaci\u00f3n y sanidad animal a trav\u00e9s de Wild Spirit, fundaci\u00f3n que cre\u00f3 ella misma.<\/p>\n<p>El espacio divulgativo que sustituir\u00e1 a &#8216;Futuro imperfecto&#8217; pondr\u00e1 el foco en el fr\u00e1gil equilibrio de los ecosistemas de la zona de Sud\u00e1frica y Namibia, as\u00ed como en los conflictos que se desatan cuando se rompen, desde enfermedades zoon\u00f3ticas hasta las tensiones entre la fauna y el ser humano. Asimismo, la producci\u00f3n mostrar\u00e1 el contacto con las comunidades locales y la vida nocturna en entornos salvajes, mostrando as\u00ed \u00abuna mirada tan realista como emocionante\u00bb del trabajo de la veterinaria.<\/p>\n<p>Hace casi un mes, la propia Fabiola visit\u00f3 &#8216;La Revuelta&#8217; de Broncano para promocionar el programa. All\u00ed lanz\u00f3 una advertencia sobre la caza furtiva del rinoceronte, cuya poblaci\u00f3n \u00abse ha reducido a la mitad\u00bb. \u00abEstamos en un momento cr\u00edtico, o espabilamos todos o esto se nos acaba\u00bb, lament\u00f3.<\/p>\n<p>Andreu Buenafuente anunci\u00f3 su baja temporal \u00abpor prescripci\u00f3n m\u00e9dica\u00bb<\/p>\n<p>Hace una semana, Andreu Buenafuente anunciaba para sorpresa de todos su baja temporal por \u00abexceso de carga laboral\u00bb. As\u00ed lo comunicaba El Terrat, la productora del presentador, y RTVE, a trav\u00e9s de un comunicado de prensa: \u00abPor motivos de exceso de carga laboral y por prescripci\u00f3n m\u00e9dica, Andreu Buenafuente se ve obligado a hacer un par\u00f3n temporal en su agenda profesional para descansar y recuperarse\u00bb.<\/p>\n<p>\u00abTengo que parar un poco para recuperarme y volver con la energ\u00eda que se merece todo lo que hago. Gracias por la comprensi\u00f3n, el apoyo y el cari\u00f1o\u00bb, recog\u00eda el comunicado sobre las palabras pronunciadas por Buenafuente. Por lo tanto, no habr\u00e1 nuevas entregas de &#8216;Futuro imperfecto&#8217; hasta nuevo aviso, pese a que se ha convertido en una de las apuestas m\u00e1s exitosas del prime time de La 1. De hecho, el pasado jueves 20 de noviembre, alcanzaba su m\u00e1ximo de temporada con un gran 14,3% de share y 1.056.000 espectadores, liderando muy por encima de &#8216;Gran Hermano&#8217;.<\/p>\n","protected":false},"excerpt":{"rendered":"El pasado viernes, 21 de noviembre, Andreu Buenafuente anunciaba, para sorpresa de todos, su retirada temporal de la&hellip;\n","protected":false},"author":2,"featured_media":260515,"comment_status":"","ping_status":"","sticky":false,"template":"","format":"standard","meta":{"footnotes":""},"categories":[171],"tags":[146,147,25,24,23,214],"class_list":{"0":"post-260514","1":"post","2":"type-post","3":"status-publish","4":"format-standard","5":"has-post-thumbnail","7":"category-tv","8":"tag-entertainment","9":"tag-entretenimiento","10":"tag-es","11":"tag-espana","12":"tag-spain","13":"tag-tv"},"share_on_mastodon":{"url":"https:\/\/pubeurope.com\/@es\/115628051327763393","error":""},"_links":{"self":[{"href":"https:\/\/www.europesays.com\/es\/wp-json\/wp\/v2\/posts\/260514","targetHints":{"allow":["GET"]}}],"collection":[{"href":"https:\/\/www.europesays.com\/es\/wp-json\/wp\/v2\/posts"}],"about":[{"href":"https:\/\/www.europesays.com\/es\/wp-json\/wp\/v2\/types\/post"}],"author":[{"embeddable":true,"href":"https:\/\/www.europesays.com\/es\/wp-json\/wp\/v2\/users\/2"}],"replies":[{"embeddable":true,"href":"https:\/\/www.europesays.com\/es\/wp-json\/wp\/v2\/comments?post=260514"}],"version-history":[{"count":0,"href":"https:\/\/www.europesays.com\/es\/wp-json\/wp\/v2\/posts\/260514\/revisions"}],"wp:featuredmedia":[{"embeddable":true,"href":"https:\/\/www.europesays.com\/es\/wp-json\/wp\/v2\/media\/260515"}],"wp:attachment":[{"href":"https:\/\/www.europesays.com\/es\/wp-json\/wp\/v2\/media?parent=260514"}],"wp:term":[{"taxonomy":"category","embeddable":true,"href":"https:\/\/www.europesays.com\/es\/wp-json\/wp\/v2\/categories?post=260514"},{"taxonomy":"post_tag","embeddable":true,"href":"https:\/\/www.europesays.com\/es\/wp-json\/wp\/v2\/tags?post=260514"}],"curies":[{"name":"wp","href":"https:\/\/api.w.org\/{rel}","templated":true}]}}