{"id":260519,"date":"2025-11-28T15:35:27","date_gmt":"2025-11-28T15:35:27","guid":{"rendered":"https:\/\/www.europesays.com\/es\/260519\/"},"modified":"2025-11-28T15:35:27","modified_gmt":"2025-11-28T15:35:27","slug":"fernando-alonso-3o-y-carlos-sainz-4o","status":"publish","type":"post","link":"https:\/\/www.europesays.com\/es\/260519\/","title":{"rendered":"Fernando Alonso 3\u00ba y Carlos Sainz 4\u00ba"},"content":{"rendered":"<p data-journey-content=\"true\" data-node-id=\"3\" class=\"css-6wxqfj emevuu60\">Oscar Piastri renace de sus cenizas en su circuito favorito. Se acab\u00f3 la mala racha, de momento, tras lo visto en los primeros y \u00fanicos entrenos del Gran Premio de Qatar de F\u00f3rmula 1. Lando Norris, err\u00e1tico, no pudo con el crono de su compa\u00f1ero de equipo, aunque la superioridad de McLaren vuelve a notarse tras la descalificaci\u00f3n del GP de Las Vegas. Por su parte, Max Verstappen sufre un mar de problemas en mitad del desierto y los pilotos espa\u00f1oles aspiran a tener un gran viernes. Los Libres 1 han dado mucho de s\u00ed. Los analizamos. <\/p>\n<p>Los problemas de Max Verstappen y Lando Norris en el GP de Qatar<\/p>\n<p data-journey-content=\"true\" data-node-id=\"7\" class=\"css-6wxqfj emevuu60\">No es por ser alarmista, pero la degradaci\u00f3n del Red Bull es mayor de la prevista, al menos, en los primeros y \u00fanicos entrenamientos en Losail. Vayamos por partes: <a href=\"https:\/\/www.caranddriver.com\/es\/formula-1\/a69539378\/cuentas-max-verstappen-proclamarse-campeon-f1-2025-lando-norris\/\" target=\"_blank\" data-vars-ga-outbound-link=\"https:\/\/www.caranddriver.com\/es\/formula-1\/a69539378\/cuentas-max-verstappen-proclamarse-campeon-f1-2025-lando-norris\/\" data-vars-ga-ux-element=\"Hyperlink\" data-vars-ga-call-to-action=\"Max Verstappen\" data-node-id=\"7.1\" class=\"body-link css-168zq96 emevuu60\" rel=\"nofollow noopener\">Max Verstappen<\/a> tard\u00f3 cuatro vueltas con el neum\u00e1tico duro para comunicar a su equipo una p\u00e9rdida de rendimiento adelantada. Por su parte, <a href=\"https:\/\/www.caranddriver.com\/es\/formula-1\/a69547902\/lando-norris-hace-autocritica-duelo-max-verstappen-las-vegas-bastante-vergonzoso\/\" target=\"_blank\" data-vars-ga-outbound-link=\"https:\/\/www.caranddriver.com\/es\/formula-1\/a69547902\/lando-norris-hace-autocritica-duelo-max-verstappen-las-vegas-bastante-vergonzoso\/\" data-vars-ga-ux-element=\"Hyperlink\" data-vars-ga-call-to-action=\"Lando Norris\" data-node-id=\"7.3\" class=\"body-link css-168zq96 emevuu60\" rel=\"nofollow noopener\">Lando Norris<\/a> alert\u00f3 al muro de ingenieros a trav\u00e9s de la radio: \u00ab\u00bfC\u00f3mo puedo encontrar 1,6 segundos?\u00bb Acto seguido, mejor\u00f3 1,3. Cuidado con las alturas del suelo&#8230;<\/p>\n<p data-journey-content=\"true\" data-node-id=\"9\" class=\"css-6wxqfj emevuu60\">Tal vez sea una dramatizaci\u00f3n de sendos contendientes al t\u00edtulo o, quiz\u00e1, un primer aviso de las posibles complicaciones para el RB21 y, en menor medida, para el MCL39 en el desierto qatar\u00ed. \u00bfY si tenemos sorpresas en el \u00faltimo formato sprint de la temporada?<\/p>\n<p><img draggable=\"true\" alt=\"lando norris puede ganar el mundial de f1 en el gp de qatar\" title=\"Lando Norris puede ganar el Mundial de F1 en el GP de Qatar\" loading=\"lazy\" width=\"5392\" height=\"3592\" decoding=\"async\" data-nimg=\"1\" style=\"color:transparent;width:100%;height:auto;\"   src=\"https:\/\/www.europesays.com\/es\/wp-content\/uploads\/2025\/11\/lando-norris-of-great-britain-driving-the-mclaren-mcl39-news-photo-1764339071.pjpeg\" class=\"css-0 e1g79fud0\"\/><a target=\"_blank\" rel=\"noopener nofollow\" data-theme-key=\"base-link\" href=\"https:\/\/pinterest.com\/pin\/create\/button\/?url=https:\/\/www.caranddriver.com\/es\/formula-1\/a69575031\/oscar-piastri-resucita-libres-1-gp-qatar-f1-fernando-alonso-tercero-carlos-sainz-cuarto\/&amp;description=&amp;media=https:\/\/hips.hearstapps.com\/hmg-prod\/images\/lando-norris-of-great-britain-driving-the-mclaren-mcl39-news-photo-1764339071.pjpeg?resize=1600:*\" class=\"pinterest css-on9hn5 e1c1bym14\"><img decoding=\"async\" data-dynamic-svg=\"true\" src=\"https:\/\/www.caranddriver.com\/_assets\/design-tokens\/fre\/static\/icons\/social\/pinterest.e8cf655.svg?primary=%2523ffffff\" loading=\"lazy\" data-testid=\"dynamic-svg-base\" height=\"auto\" width=\"auto\" alt=\"pinterest\" class=\"css-4lml0h e1mlxuuw1\"\/><\/a><\/p>\n<p>Rudy Carezzevoli\/\/Getty Images<\/p>\n<p data-journey-content=\"true\" data-node-id=\"15\" class=\"css-6wxqfj emevuu60\">Mientras Norris y Verstappen asustaban a sus respectivos ingenieros de pista, <a href=\"https:\/\/www.caranddriver.com\/es\/formula-1\/a69572034\/oscar-piastri-no-ordenes-mclaren-f1-beneficiar-max-verstappen\/\" target=\"_blank\" data-vars-ga-outbound-link=\"https:\/\/www.caranddriver.com\/es\/formula-1\/a69572034\/oscar-piastri-no-ordenes-mclaren-f1-beneficiar-max-verstappen\/\" data-vars-ga-ux-element=\"Hyperlink\" data-vars-ga-call-to-action=\"Oscar Piastri\" data-node-id=\"15.1\" class=\"body-link css-168zq96 emevuu60\" rel=\"nofollow noopener\">Oscar Piastri<\/a> trabaj\u00f3 en silencio. S\u00ed, tenemos que recordar que el piloto australiano de McLaren mantiene vivas sus esperanzas en el mundial. Ahora llega su trazado talism\u00e1n, el circuito internacional de Losail, lugar donde ha obtenido dos victorias al sprint y dos podios en sus dos \u00fanicas participaciones. Y &#8216;voi l\u00e0&#8217;, el protegido de Mark Webber registr\u00f3 la mejor tanda larga de los entrenamientos.<\/p>\n<blockquote data-theme-key=\"pullquote\" class=\"css-1eiql25 e1pe3zr91\">\n<blockquote class=\"css-fetnbk e1pe3zr90\"><p>El renacer de Oscar Piastri: no hay que dar por muerto al piloto m\u00e1s tranquilo de la parrilla<\/p><\/blockquote>\n<\/blockquote>\n<p>McLaren se recompone<\/p>\n<p data-journey-content=\"true\" data-node-id=\"19\" class=\"css-6wxqfj emevuu60\">Un viernes de pr\u00e1cticas que comenz\u00f3 con el atardecer y finaliz\u00f3 con la noche estrellada. \u00bfCu\u00e1l fue el neum\u00e1tico preferido? Indudablemente, el C1, el m\u00e1s duro. Habr\u00e1 que tener en cuenta <a href=\"https:\/\/www.caranddriver.com\/es\/formula-1\/a69455749\/la-fia-y-pirelli-hacen-oficial-que-habra-dos-paradas-obligatorias-en-el-gran-premio-de-qatar\/\" target=\"_blank\" data-vars-ga-outbound-link=\"https:\/\/www.caranddriver.com\/es\/formula-1\/a69455749\/la-fia-y-pirelli-hacen-oficial-que-habra-dos-paradas-obligatorias-en-el-gran-premio-de-qatar\/\" data-vars-ga-ux-element=\"Hyperlink\" data-vars-ga-call-to-action=\"la doble parada obligatoria en Qatar\" data-node-id=\"19.1\" class=\"body-link css-168zq96 emevuu60\" rel=\"nofollow noopener\">la doble parada obligatoria en Qatar<\/a>, adem\u00e1s de los posibles mareos y desmayos por parte de los pilotos, aunque se prev\u00e9 un clima menos caluroso que en ediciones anteriores.<\/p>\n<p data-journey-content=\"true\" data-node-id=\"21\" class=\"css-6wxqfj emevuu60\">Los pilotos omitieron el compuesto medio en los Libres 1 y tampoco forzaron en exceso los neum\u00e1ticos blandos: \u00e9stos tardaron en aparecer 50 minutos para las \u00fanicas simulaciones de clasificaci\u00f3n en todo el fin de semana. Unos intentos a una vuelta con el compuesto rojo que dieron muchas pistas.<\/p>\n<p data-journey-content=\"true\" data-node-id=\"24\" class=\"css-6wxqfj emevuu60\">Las m\u00e1s importantes: la recuperaci\u00f3n fugaz de McLaren (nos enga\u00f1aron), el medio segundo de distancia de Verstappen con respecto a sus rivales de color papaya, el fant\u00e1stico rendimiento de los espa\u00f1oles con <a href=\"https:\/\/www.caranddriver.com\/es\/formula-1\/a69566936\/fernando-alonso-apuesta-aston-martin-f1-adrian-newey-2026-competidor-lider\/\" target=\"_blank\" data-vars-ga-outbound-link=\"https:\/\/www.caranddriver.com\/es\/formula-1\/a69566936\/fernando-alonso-apuesta-aston-martin-f1-adrian-newey-2026-competidor-lider\/\" data-vars-ga-ux-element=\"Hyperlink\" data-vars-ga-call-to-action=\"Fernando Alonso tercero\" data-node-id=\"24.1\" class=\"body-link css-168zq96 emevuu60\" rel=\"nofollow noopener\">Fernando Alonso tercero<\/a> y <a href=\"https:\/\/www.caranddriver.com\/es\/formula-1\/a69567609\/carlos-sainz-salto-williams-f1-alex-albon-2025-habria-firmado-rapido\/\" target=\"_blank\" data-vars-ga-outbound-link=\"https:\/\/www.caranddriver.com\/es\/formula-1\/a69567609\/carlos-sainz-salto-williams-f1-alex-albon-2025-habria-firmado-rapido\/\" data-vars-ga-ux-element=\"Hyperlink\" data-vars-ga-call-to-action=\"Carlos Sainz cuarto\" data-node-id=\"24.3\" class=\"body-link css-168zq96 emevuu60\" rel=\"nofollow noopener\">Carlos Sainz cuarto<\/a>, y la desaparici\u00f3n total de Ferrari. Esta tarde-noche se disputar\u00e1 la clasificaci\u00f3n al sprint con medio t\u00edtulo en juego. Ser\u00e1 imperdible. <\/p>\n<p>        Resultados Libres 1 &#8211; GP de Qatar de F1 2025             F\u00f3rmula 1<a target=\"_blank\" rel=\"nofollow noopener\" data-theme-key=\"product-image-wrapper\" href=\"https:\/\/go.redirectingat.com?id=86370X1598422&amp;url=https%3A%2F%2Fstore.ferrari.com%2Fes-es%2Freplica%2Freplica-scuderia-ferrari%2Fcamisetas%2Fcamiseta-replica-puma-for-scuderia-ferrari-hp-monza-2025-edicion-limitada-LA0AEf02.html\" aria-label=\"90\u00a0$ en ferrari.com for Edici\u00f3n Limitada Camiseta R\u00e9plica Puma Scuderia Ferrari HP Monza 2025\" data-href=\"https:\/\/store.ferrari.com\/es-es\/replica\/replica-scuderia-ferrari\/camisetas\/camiseta-replica-puma-for-scuderia-ferrari-hp-monza-2025-edicion-limitada-LA0AEf02.html\" data-product-url=\"https:\/\/store.ferrari.com\/es-es\/replica\/replica-scuderia-ferrari\/camisetas\/camiseta-replica-puma-for-scuderia-ferrari-hp-monza-2025-edicion-limitada-LA0AEf02.html\" data-affiliate=\"true\" data-affiliate-url=\"https:\/\/go.redirectingat.com?id=86370X1598422&amp;url=https%3A%2F%2Fstore.ferrari.com%2Fes-es%2Freplica%2Freplica-scuderia-ferrari%2Fcamisetas%2Fcamiseta-replica-puma-for-scuderia-ferrari-hp-monza-2025-edicion-limitada-LA0AEf02.html\" data-affiliate-network=\"{&quot;site_id&quot;:&quot;bf230aaf-b86d-4bc7-8e37-4bb98b5f8571&quot;,&quot;network&quot;:{&quot;name&quot;:&quot;&quot;},&quot;afflink_redirect&quot;:&quot;\/_p\/afflink\/xgmj\/ferrari-camiseta-replica-puma-for-scuderia&quot;}\" data-vars-ga-call-to-action=\"90\u00a0$ en ferrari.com\" data-vars-ga-media-role=\"1\" data-vars-ga-media-type=\"Embedded Gallery List\" data-vars-ga-outbound-link=\"https:\/\/store.ferrari.com\/es-es\/replica\/replica-scuderia-ferrari\/camisetas\/camiseta-replica-puma-for-scuderia-ferrari-hp-monza-2025-edicion-limitada-LA0AEf02.html\" data-vars-ga-product-brand=\"Ferrari\" data-vars-ga-product-id=\"fbddc2c0-85e1-4118-970a-c7032ff0ceec\" data-vars-ga-product-price=\"90,00\u00a0$\" data-vars-ga-product-retailer-id=\"7cd7bfa1-cc88-4128-b729-71db60c27e43\" data-vars-ga-product-sem3-brand=\"Ferrari\" data-vars-ga-gallery-display=\"list\" data-vars-ga-link-treatment=\"(not set) | (not set)\" data-vars-ga-sku=\"camiseta-replica-puma-for-scuderia-ferrari-hp-monza-2025-edicion-limitada-LA0AEf02\" data-vars-ga-magento-tracking=\"1\" class=\"product-image-link ebgq4gw2 e1b8bpvs0 css-g6od0w e1c1bym14\"><img  alt=\"Edici\u00f3n Limitada Camiseta R\u00e9plica Puma Scuderia Ferrari HP Monza 2025\" title=\"Edici\u00f3n Limitada Camiseta R\u00e9plica Puma Scuderia Ferrari HP Monza 2025\" src=\"https:\/\/www.europesays.com\/es\/wp-content\/uploads\/2025\/11\/1764344120_628_1756806492-LA0AEf_02_1.jpg\" width=\"750\" height=\"1032\" decoding=\"async\" loading=\"lazy\"\/><\/a>Ferrari Edici\u00f3n Limitada Camiseta R\u00e9plica Puma Scuderia Ferrari HP Monza 2025Cr\u00e9dito: Ferrari<a target=\"_blank\" rel=\"nofollow noopener\" data-theme-key=\"product-image-wrapper\" href=\"https:\/\/go.redirectingat.com?id=86370X1598422&amp;url=https%3A%2F%2Feu.puma.com%2Fes%2Fes%2Fpd%2Fgorra-de-beisbol-scuderia-ferrari-hp-replica-monza%2F026668.html%3Fdwvar_026668_color%3D01\" aria-label=\"55\u00a0\u20ac en Puma for R\u00e9plica gorra de b\u00e9isbol Scuderia Ferrari HP Monza\" data-href=\"https:\/\/eu.puma.com\/es\/es\/pd\/gorra-de-beisbol-scuderia-ferrari-hp-replica-monza\/026668.html?dwvar_026668_color=01\" data-product-url=\"https:\/\/eu.puma.com\/es\/es\/pd\/gorra-de-beisbol-scuderia-ferrari-hp-replica-monza\/026668.html?dwvar_026668_color=01\" data-affiliate=\"true\" data-affiliate-url=\"https:\/\/go.redirectingat.com?id=86370X1598422&amp;url=https%3A%2F%2Feu.puma.com%2Fes%2Fes%2Fpd%2Fgorra-de-beisbol-scuderia-ferrari-hp-replica-monza%2F026668.html%3Fdwvar_026668_color%3D01\" data-affiliate-network=\"{&quot;site_id&quot;:&quot;bf230aaf-b86d-4bc7-8e37-4bb98b5f8571&quot;,&quot;network&quot;:{&quot;name&quot;:&quot;&quot;},&quot;afflink_redirect&quot;:&quot;\/_p\/afflink\/xgod\/puma-replica-gorra-de-beisbol-scuderia&quot;}\" data-vars-ga-call-to-action=\"55\u00a0\u20ac en Puma\" data-vars-ga-media-role=\"1\" data-vars-ga-media-type=\"Embedded Gallery List\" data-vars-ga-outbound-link=\"https:\/\/eu.puma.com\/es\/es\/pd\/gorra-de-beisbol-scuderia-ferrari-hp-replica-monza\/026668.html?dwvar_026668_color=01\" data-vars-ga-product-brand=\"Puma\" data-vars-ga-product-id=\"e4d6ce48-8e9d-4d1c-a711-e4a36bc9ca02\" data-vars-ga-product-price=\"55,00\u00a0\u20ac\" data-vars-ga-product-retailer-id=\"152cfafe-4d5f-4747-86e0-ae39ed9240a7\" data-vars-ga-product-sem3-brand=\"Puma\" data-vars-ga-gallery-display=\"list\" data-vars-ga-link-treatment=\"(not set) | (not set)\" class=\"product-image-link ebgq4gw2 e1b8bpvs0 css-g6od0w e1c1bym14\"><img  alt=\"R\u00e9plica gorra de b\u00e9isbol Scuderia Ferrari HP Monza\" title=\"R\u00e9plica gorra de b\u00e9isbol Scuderia Ferrari HP Monza\" src=\"https:\/\/www.europesays.com\/es\/wp-content\/uploads\/2025\/11\/1764344122_272_1756806739-gorra-de-be-isbol-scuderia-ferrari-hp-replica-monza-68b6be11f2b40.jpg\" width=\"1130\" height=\"1054\" decoding=\"async\" loading=\"lazy\"\/><\/a>Puma R\u00e9plica gorra de b\u00e9isbol Scuderia Ferrari HP MonzaCr\u00e9dito: Puma<a target=\"_blank\" rel=\"nofollow noopener\" data-theme-key=\"product-image-wrapper\" href=\"https:\/\/go.redirectingat.com?id=86370X1598422&amp;url=https%3A%2F%2Feu.puma.com%2Fes%2Fes%2Fpd%2Fsudadera-con-capucha-scuderia-ferrari-hp-monza-para-hombre%2F632757.html%3Fdwvar_632757_color%3D09%23\" aria-label=\"130\u00a0\u20ac en Puma for Sudadera con capucha Scuderia Ferrari HP Monza para hombre\" data-href=\"https:\/\/eu.puma.com\/es\/es\/pd\/sudadera-con-capucha-scuderia-ferrari-hp-monza-para-hombre\/632757.html?dwvar_632757_color=09#\" data-product-url=\"https:\/\/eu.puma.com\/es\/es\/pd\/sudadera-con-capucha-scuderia-ferrari-hp-monza-para-hombre\/632757.html?dwvar_632757_color=09#\" data-affiliate=\"true\" data-affiliate-url=\"https:\/\/go.redirectingat.com?id=86370X1598422&amp;url=https%3A%2F%2Feu.puma.com%2Fes%2Fes%2Fpd%2Fsudadera-con-capucha-scuderia-ferrari-hp-monza-para-hombre%2F632757.html%3Fdwvar_632757_color%3D09%23\" data-affiliate-network=\"{&quot;site_id&quot;:&quot;bf230aaf-b86d-4bc7-8e37-4bb98b5f8571&quot;,&quot;network&quot;:{&quot;name&quot;:&quot;&quot;},&quot;afflink_redirect&quot;:&quot;\/_p\/afflink\/xgox\/puma-sudadera-con-capucha-scuderia-ferrari&quot;}\" data-vars-ga-call-to-action=\"130\u00a0\u20ac en Puma\" data-vars-ga-media-role=\"1\" data-vars-ga-media-type=\"Embedded Gallery List\" data-vars-ga-outbound-link=\"https:\/\/eu.puma.com\/es\/es\/pd\/sudadera-con-capucha-scuderia-ferrari-hp-monza-para-hombre\/632757.html?dwvar_632757_color=09#\" data-vars-ga-product-brand=\"Puma\" data-vars-ga-product-id=\"d074e75d-7ad7-4382-bddf-e662774dc3f6\" data-vars-ga-product-price=\"130,00\u00a0\u20ac\" data-vars-ga-product-retailer-id=\"2565e96f-2f44-4ccd-a5db-fb6c28676736\" data-vars-ga-product-sem3-brand=\"Puma\" data-vars-ga-gallery-display=\"list\" data-vars-ga-link-treatment=\"(not set) | (not set)\" class=\"product-image-link ebgq4gw2 e1b8bpvs0 css-g6od0w e1c1bym14\"><img  alt=\"Sudadera con capucha Scuderia Ferrari HP Monza para hombre\" title=\"Sudadera con capucha Scuderia Ferrari HP Monza para hombre\" src=\"https:\/\/www.europesays.com\/es\/wp-content\/uploads\/2025\/11\/1764344123_464_1756807139-sudadera-con-capucha-scuderia-ferrari-hp-monza-para-hombre-68b6bfb5dd2e7.jpg\" width=\"1380\" height=\"1356\" decoding=\"async\" loading=\"lazy\"\/><\/a>Puma Sudadera con capucha Scuderia Ferrari HP Monza para hombreCr\u00e9dito: Puma<a target=\"_blank\" rel=\"nofollow noopener\" data-theme-key=\"product-image-wrapper\" href=\"https:\/\/www.amazon.es\/dp\/B0DWY2VCPF?tag=caranddriveryf1-21\" aria-label=\"42\u00a0\u20ac en Amazon for Aston Martin F1 2025 - Camiseta Oficial Fernando Alonso\" data-href=\"https:\/\/www.amazon.es\/dp\/B0DWY2VCPF\" data-product-url=\"https:\/\/www.amazon.es\/dp\/B0DWY2VCPF\" data-affiliate=\"true\" data-affiliate-url=\"https:\/\/www.amazon.es\/dp\/B0DWY2VCPF?tag=caranddriveryf1-21\" data-affiliate-network=\"{&quot;site_id&quot;:&quot;bf230aaf-b86d-4bc7-8e37-4bb98b5f8571&quot;,&quot;metadata&quot;:{&quot;links&quot;:{&quot;default&quot;:&quot;https:\/\/www.amazon.es\/dp\/B0DWY2VCPF?tag=caranddriveryf1-21&quot;}},&quot;network&quot;:{&quot;name&quot;:&quot;Amazon&quot;},&quot;afflink_redirect&quot;:&quot;\/_p\/afflink\/xgp1\/amazon-aston-martin-f1-5-camiseta&quot;}\" data-vars-ga-call-to-action=\"42\u00a0\u20ac en Amazon\" data-vars-ga-media-role=\"1\" data-vars-ga-media-type=\"Embedded Gallery List\" data-vars-ga-outbound-link=\"https:\/\/www.amazon.es\/dp\/B0DWY2VCPF\" data-vars-ga-product-brand=\"Aston Martin\" data-vars-ga-product-id=\"63ec70c2-99f2-41b1-aa74-fc18834de2a3\" data-vars-ga-product-price=\"42,25\u00a0\u20ac\" data-vars-ga-product-retailer-id=\"596c9a56-18f0-4258-ae5d-14e7749a4e4a\" data-vars-ga-product-sem3-brand=\"Aston Martin\" data-vars-ga-product-sem3-category=\"Camisetas para aficionados deportivos\" data-vars-ga-gallery-display=\"list\" data-vars-ga-link-treatment=\"sale | (not set)\" data-vars-ga-sku=\"B0DWY2VCPF\" data-vars-ga-magento-tracking=\"1\" class=\"product-image-link ebgq4gw2 e1b8bpvs0 css-g6od0w e1c1bym14\"><img  alt=\"Aston Martin F1 2025 - Camiseta Oficial Fernando Alonso\" title=\"Aston Martin F1 2025 - Camiseta Oficial Fernando Alonso\" src=\"https:\/\/www.europesays.com\/es\/wp-content\/uploads\/2025\/11\/1764344125_614_1748352312-71zI80BbG5L.jpg\" width=\"2560\" height=\"2560\" decoding=\"async\" loading=\"lazy\"\/><\/a>Aston Martin Aston Martin F1 2025 &#8211; Camiseta Oficial Fernando Alonso<\/p>\n<p>Ahora 40% de descuento<\/p>\n<p>Cr\u00e9dito: Amazon<a target=\"_blank\" rel=\"nofollow noopener\" data-theme-key=\"product-image-wrapper\" href=\"https:\/\/www.amazon.es\/dp\/B0DVMM9QM6?tag=caranddriveryf1-21\" aria-label=\"31\u00a0\u20ac en Amazon for Scuderia Ferrari F1 Gorra Charles Leclerc 2025\" data-href=\"https:\/\/www.amazon.es\/dp\/B0DVMM9QM6\" data-product-url=\"https:\/\/www.amazon.es\/dp\/B0DVMM9QM6\" data-affiliate=\"true\" data-affiliate-url=\"https:\/\/www.amazon.es\/dp\/B0DVMM9QM6?tag=caranddriveryf1-21\" data-affiliate-network=\"{&quot;site_id&quot;:&quot;bf230aaf-b86d-4bc7-8e37-4bb98b5f8571&quot;,&quot;metadata&quot;:{&quot;links&quot;:{&quot;default&quot;:&quot;https:\/\/www.amazon.es\/dp\/B0DVMM9QM6?tag=caranddriveryf1-21&quot;}},&quot;network&quot;:{&quot;name&quot;:&quot;Amazon&quot;},&quot;afflink_redirect&quot;:&quot;\/_p\/afflink\/urge\/amazon-puma-scuderia-ferrari-f1-gorra&quot;}\" data-vars-ga-call-to-action=\"31\u00a0\u20ac en Amazon\" data-vars-ga-media-role=\"1\" data-vars-ga-media-type=\"Embedded Gallery List\" data-vars-ga-outbound-link=\"https:\/\/www.amazon.es\/dp\/B0DVMM9QM6\" data-vars-ga-product-brand=\"PUMA\" data-vars-ga-product-id=\"163f5ece-2c8d-475b-b77c-540ccc0001e7\" data-vars-ga-product-price=\"31,50\u00a0\u20ac\" data-vars-ga-product-retailer-id=\"9def23c8-3297-45f6-a404-230c799a5885\" data-vars-ga-product-sem3-brand=\"PUMA\" data-vars-ga-product-sem3-category=\"Gorras de b\u00e9isbol para aficionados al deporte\" data-vars-ga-gallery-display=\"list\" data-vars-ga-link-treatment=\"sale | (not set)\" data-vars-ga-sku=\"B0DVMM9QM6\" data-vars-ga-magento-tracking=\"1\" class=\"product-image-link ebgq4gw2 e1b8bpvs0 css-g6od0w e1c1bym14\"><img  alt=\"Scuderia Ferrari F1 Gorra Charles Leclerc 2025\" title=\"Scuderia Ferrari F1 Gorra Charles Leclerc 2025\" src=\"https:\/\/www.europesays.com\/es\/wp-content\/uploads\/2025\/11\/1764344125_24_1747921832-613xKdfy7iL.jpg\" width=\"2560\" height=\"2560\" decoding=\"async\" loading=\"lazy\"\/><\/a>PUMA Scuderia Ferrari F1 Gorra Charles Leclerc 2025<\/p>\n<p>Ahora 30% de descuento<\/p>\n<p>Cr\u00e9dito: PUMA<a target=\"_blank\" rel=\"nofollow noopener\" data-theme-key=\"product-image-wrapper\" href=\"https:\/\/www.amazon.es\/dp\/B09NQ4TYDJ?tag=caranddriveryf1-21\" aria-label=\"37\u00a0\u20ac en Amazon for Gafas de sol HAWK\" data-href=\"https:\/\/www.amazon.es\/dp\/B09NQ4TYDJ\" data-product-url=\"https:\/\/www.amazon.es\/dp\/B09NQ4TYDJ\" data-affiliate=\"true\" data-affiliate-url=\"https:\/\/www.amazon.es\/dp\/B09NQ4TYDJ?tag=caranddriveryf1-21\" data-affiliate-network=\"{&quot;site_id&quot;:&quot;bf230aaf-b86d-4bc7-8e37-4bb98b5f8571&quot;,&quot;metadata&quot;:{&quot;links&quot;:{&quot;default&quot;:&quot;https:\/\/www.amazon.es\/dp\/B09NQ4TYDJ?tag=caranddriveryf1-21&quot;}},&quot;network&quot;:{&quot;name&quot;:&quot;Amazon&quot;},&quot;afflink_redirect&quot;:&quot;\/_p\/afflink\/urh1\/amazon-hawkers-gafas-de-sol-hawk&quot;}\" data-vars-ga-call-to-action=\"37\u00a0\u20ac en Amazon\" data-vars-ga-media-role=\"1\" data-vars-ga-media-type=\"Embedded Gallery List\" data-vars-ga-outbound-link=\"https:\/\/www.amazon.es\/dp\/B09NQ4TYDJ\" data-vars-ga-product-brand=\"HAWKERS\" data-vars-ga-product-id=\"393c7868-825c-4186-a2d9-bf80b481282f\" data-vars-ga-product-price=\"36,95\u00a0\u20ac\" data-vars-ga-product-retailer-id=\"4fe60038-4596-470f-9e19-aba973350122\" data-vars-ga-product-sem3-brand=\"HAWKERS\" data-vars-ga-product-sem3-category=\"Gafas de sol para hombre\" data-vars-ga-gallery-display=\"list\" data-vars-ga-link-treatment=\"sale | (not set)\" data-vars-ga-sku=\"B09NQ4TYDJ\" data-vars-ga-magento-tracking=\"1\" class=\"product-image-link ebgq4gw2 e1b8bpvs0 css-g6od0w e1c1bym14\"><img  alt=\"Gafas de sol HAWK\" title=\"Gafas de sol HAWK\" src=\"https:\/\/www.europesays.com\/es\/wp-content\/uploads\/2025\/11\/1764344126_777_1747922133-51CBz1FeIUL.jpg\" width=\"2013\" height=\"2560\" decoding=\"async\" loading=\"lazy\"\/><\/a>HAWKERS Gafas de sol HAWK<\/p>\n<p>Ahora 26% de descuento<\/p>\n<p>Cr\u00e9dito: Hawkers<img src=\"https:\/\/www.europesays.com\/es\/wp-content\/uploads\/2025\/11\/1764344127_680_8ad6d65c-1432-471f-a2a1-d5b65df8e749_1686840131.file\" alt=\"Headshot of Albert David Wojtaszczyk\" title=\"Headshot of Albert David Wojtaszczyk\" width=\"100%\" height=\"100%\" decoding=\"async\" loading=\"lazy\" class=\"css-o0wq4v ev8dhu53\"\/><\/p>\n<p>Albert es experto en periodismo deportivo, especializado en F\u00f3rmula 1 y automovilismo. Es capaz de informar, analizar, cubrir eventos deportivos in situ y debatir sobre cualquier acontecimiento relacionado con el Gran Circo.<\/p>\n<p>Asimismo, Albert no s\u00f3lo posee la habilidad de comunicar sobre F1, sino que adem\u00e1s presenta conocimientos extensos sobre otras disciplinas automovil\u00edsticas: F\u00f3rmula E, IndyCar, Resistencia, MotoGP y categor\u00edas de promoci\u00f3n como la F\u00f3rmula 2 y la F\u00f3rmula 3, entre otras tantas. Esto le ha permitido pisar los mejores circuitos de velocidad de Europa y entrevistar a grandes personalidades del mundo del motor.<\/p>\n<p>Por lo general, es un gran consumidor de carreras de coches, pero al mismo tiempo es una enciclopedia sobre automovilismo y su destreza para conectar con el p\u00fablico en redes sociales potencia sus dotes comunicativas.<\/p>\n<p>En relaci\u00f3n con este \u00faltimo apartado, Albert gestiona la redes sociales de Car and Driver Espa\u00f1a, tanto en su secci\u00f3n de competici\u00f3n como en la de automoci\u00f3n en Twitter, Facebook, Instagram y YouTube. Es aqu\u00ed donde interact\u00faa con la audiencia y atiende las peticiones y opiniones de \u00e9sta de manera din\u00e1mica y entretenida.<\/p>\n<p>Albert lleva una d\u00e9cada involucrado con el periodismo deportivo. M\u00e1s all\u00e1 de su pasi\u00f3n natural por los deportes desde peque\u00f1o, especialmente los de motor, desarroll\u00f3 y finaliz\u00f3 sus estudios de Periodismo en la Universidad Complutense de Madrid. Tambi\u00e9n se especializ\u00f3 en periodismo deportivo gracias a la obtenci\u00f3n de una titulaci\u00f3n en narraci\u00f3n deportiva, y dirigi\u00f3 y present\u00f3 con \u00e9xito el programa radiof\u00f3nico \u00abEl Grader\u00edo del Motor\u00bb.<\/p>\n<p>Desde 2014 ha escrito en proyectos personales como el blog \u00abLa curva m\u00e1s importante\u00bb y \u00abF\u00f3rmula Boost\u00bb, al igual que ha colaborado como redactor de contenidos en \u00abPitlane F1\u00bb y \u00abSoyMotor.com\u00bb. Del mismo modo, su conexi\u00f3n en redes con su p\u00fablico le ha permitido ser Community Manager para varias empresas relacionadas con la automoci\u00f3n: en el pasado con Volvo y, actualmente, con Car and Driver. \u00a0<\/p>\n","protected":false},"excerpt":{"rendered":"Oscar Piastri renace de sus cenizas en su circuito favorito. Se acab\u00f3 la mala racha, de momento, tras&hellip;\n","protected":false},"author":2,"featured_media":260520,"comment_status":"","ping_status":"","sticky":false,"template":"","format":"standard","meta":{"footnotes":""},"categories":[93],"tags":[168,253,25,24,23,167],"class_list":{"0":"post-260519","1":"post","2":"type-post","3":"status-publish","4":"format-standard","5":"has-post-thumbnail","7":"category-deportes","8":"tag-deportes","9":"tag-discover","10":"tag-es","11":"tag-espana","12":"tag-spain","13":"tag-sports"},"share_on_mastodon":{"url":"https:\/\/pubeurope.com\/@es\/115628063727657558","error":""},"_links":{"self":[{"href":"https:\/\/www.europesays.com\/es\/wp-json\/wp\/v2\/posts\/260519","targetHints":{"allow":["GET"]}}],"collection":[{"href":"https:\/\/www.europesays.com\/es\/wp-json\/wp\/v2\/posts"}],"about":[{"href":"https:\/\/www.europesays.com\/es\/wp-json\/wp\/v2\/types\/post"}],"author":[{"embeddable":true,"href":"https:\/\/www.europesays.com\/es\/wp-json\/wp\/v2\/users\/2"}],"replies":[{"embeddable":true,"href":"https:\/\/www.europesays.com\/es\/wp-json\/wp\/v2\/comments?post=260519"}],"version-history":[{"count":0,"href":"https:\/\/www.europesays.com\/es\/wp-json\/wp\/v2\/posts\/260519\/revisions"}],"wp:featuredmedia":[{"embeddable":true,"href":"https:\/\/www.europesays.com\/es\/wp-json\/wp\/v2\/media\/260520"}],"wp:attachment":[{"href":"https:\/\/www.europesays.com\/es\/wp-json\/wp\/v2\/media?parent=260519"}],"wp:term":[{"taxonomy":"category","embeddable":true,"href":"https:\/\/www.europesays.com\/es\/wp-json\/wp\/v2\/categories?post=260519"},{"taxonomy":"post_tag","embeddable":true,"href":"https:\/\/www.europesays.com\/es\/wp-json\/wp\/v2\/tags?post=260519"}],"curies":[{"name":"wp","href":"https:\/\/api.w.org\/{rel}","templated":true}]}}