{"id":260521,"date":"2025-11-28T15:36:17","date_gmt":"2025-11-28T15:36:17","guid":{"rendered":"https:\/\/www.europesays.com\/es\/260521\/"},"modified":"2025-11-28T15:36:17","modified_gmt":"2025-11-28T15:36:17","slug":"un-estudio-del-hospital-12-de-octubre-abre-la-puerta-a-un-nuevo-tratamiento-preventivo-contra-enfermedades-neurodegenerativas","status":"publish","type":"post","link":"https:\/\/www.europesays.com\/es\/260521\/","title":{"rendered":"Un estudio del Hospital 12 de Octubre abre la puerta a un nuevo tratamiento preventivo contra enfermedades neurodegenerativas"},"content":{"rendered":"<p>SANIDAD<\/p>\n<p>La investigaci\u00f3n ha descubierto que los fallos en las conexiones neuronales act\u00faan, desde las primeras etapas del envejecimiento, como una alarma que activa las c\u00e9lulas del sistema inmunitario que protegen el cerebro del deterioro.<\/p>\n<p class=\"articleSignature-name\"><a href=\"https:\/\/www.ondacero.es\/autores\/elena-bueno\/\" rel=\"nofollow noopener\" target=\"_blank\">Elena Bueno<\/a><\/p>\n<p class=\"articleSignature-datecontent\">Madrid | <strong>28.11.2025 15:49 <\/strong><\/p>\n<p><img loading=\"lazy\" decoding=\"async\" title=\"Un estudio del Hospital 12 de Octubre abre la puerta a un nuevo tratamiento preventivo contra enfermedades neurodegenerativas\" alt=\"Un estudio del Hospital 12 de Octubre abre la puerta a un nuevo tratamiento preventivo contra enfermedades neurodegenerativas\" width=\"480\" height=\"270\" src=\"https:\/\/www.europesays.com\/es\/wp-content\/uploads\/2025\/11\/estudio-hospital-12-octubre-abre-puerta-nuevo-tratamiento-preventivo-enfermedades-neurodegenerativas.webp\"\/>Un estudio del Hospital 12 de Octubre abre la puerta a un nuevo tratamiento preventivo contra enfermedades neurodegenerativas | Hospital 12 de Octubre<\/p>\n","protected":false},"excerpt":{"rendered":"SANIDAD La investigaci\u00f3n ha descubierto que los fallos en las conexiones neuronales act\u00faan, desde las primeras etapas del&hellip;\n","protected":false},"author":2,"featured_media":260522,"comment_status":"","ping_status":"","sticky":false,"template":"","format":"standard","meta":{"footnotes":""},"categories":[92],"tags":[25,24,165,166,23],"class_list":{"0":"post-260521","1":"post","2":"type-post","3":"status-publish","4":"format-standard","5":"has-post-thumbnail","7":"category-salud","8":"tag-es","9":"tag-espana","10":"tag-health","11":"tag-salud","12":"tag-spain"},"share_on_mastodon":{"url":"https:\/\/pubeurope.com\/@es\/115628067084708568","error":""},"_links":{"self":[{"href":"https:\/\/www.europesays.com\/es\/wp-json\/wp\/v2\/posts\/260521","targetHints":{"allow":["GET"]}}],"collection":[{"href":"https:\/\/www.europesays.com\/es\/wp-json\/wp\/v2\/posts"}],"about":[{"href":"https:\/\/www.europesays.com\/es\/wp-json\/wp\/v2\/types\/post"}],"author":[{"embeddable":true,"href":"https:\/\/www.europesays.com\/es\/wp-json\/wp\/v2\/users\/2"}],"replies":[{"embeddable":true,"href":"https:\/\/www.europesays.com\/es\/wp-json\/wp\/v2\/comments?post=260521"}],"version-history":[{"count":0,"href":"https:\/\/www.europesays.com\/es\/wp-json\/wp\/v2\/posts\/260521\/revisions"}],"wp:featuredmedia":[{"embeddable":true,"href":"https:\/\/www.europesays.com\/es\/wp-json\/wp\/v2\/media\/260522"}],"wp:attachment":[{"href":"https:\/\/www.europesays.com\/es\/wp-json\/wp\/v2\/media?parent=260521"}],"wp:term":[{"taxonomy":"category","embeddable":true,"href":"https:\/\/www.europesays.com\/es\/wp-json\/wp\/v2\/categories?post=260521"},{"taxonomy":"post_tag","embeddable":true,"href":"https:\/\/www.europesays.com\/es\/wp-json\/wp\/v2\/tags?post=260521"}],"curies":[{"name":"wp","href":"https:\/\/api.w.org\/{rel}","templated":true}]}}