{"id":260531,"date":"2025-11-28T15:41:09","date_gmt":"2025-11-28T15:41:09","guid":{"rendered":"https:\/\/www.europesays.com\/es\/260531\/"},"modified":"2025-11-28T15:41:09","modified_gmt":"2025-11-28T15:41:09","slug":"la-jueza-de-la-dana-considera-altamente-improbable-que-vilaplana-no-escuchara-las-conversaciones-de-mazon-tribunales","status":"publish","type":"post","link":"https:\/\/www.europesays.com\/es\/260531\/","title":{"rendered":"La jueza de la DANA considera \u00abaltamente improbable\u00bb que Vilaplana no escuchara las conversaciones de Maz\u00f3n | Tribunales"},"content":{"rendered":"<p class=\"loc\">Val\u00e8ncia<\/p>\n<p>La jueza que investiga la DANA concluye que es altamente improbable que Maribel Vilaplana <a href=\"https:\/\/cadenaser.com\/comunitat-valenciana\/2025\/11\/25\/la-periodista-que-comio-con-mazon-el-dia-de-la-dana-salio-del-parking-a-las-1947-radio-valencia\/\" target=\"_blank\" rel=\"noreferrer nofollow noopener\" title=\"https:\/\/cadenaser.com\/comunitat-valenciana\/2025\/11\/25\/la-periodista-que-comio-con-mazon-el-dia-de-la-dana-salio-del-parking-a-las-1947-radio-valencia\/\">no escuchara las conversaciones que Maz\u00f3n <\/a>ten\u00eda por tel\u00e9fono en El Ventorro el d\u00eda de la tragedia, a no ser que estuviera, seg\u00fan ha afirmado la magistrada, \u00abcompletamente abstra\u00edda de lo que suced\u00eda a su alrededor\u00bb. En un auto notificado hoy, la jueza descarta volverla a citar como testigo por ahora, pero insiste en que es poco cre\u00edble su versi\u00f3n.<\/p>\n<p>Recuerda que el due\u00f1o de El Ventorro ha aportado las medidas del reservado, que es reducido, y las fotograf\u00edas. Rechaza, en todo caso, citarla por ahora, a no ser que lo pida ella, aunque abre la puerta a hacerlo en un futuro, cuando el resto de personas que hablaron por tel\u00e9fono con Maz\u00f3n pasen por los juzgados de Catarroja. La magistrada recuerda que el jefe de Gabinete de Maz\u00f3n confirm\u00f3 el mi\u00e9rcoles que la consellera dudaba y preguntaba sobre sus propias competencias y las medidas a adoptar, y quedan todav\u00eda por testificar cinco personas de su n\u00facleo duro, los escoltas y el ch\u00f3fer.<\/p>\n<p>Propone a Pradas que vuelva a declarar<\/p>\n<p>En ese mismo auto, la jueza tambi\u00e9n ha dado un d\u00eda de plazo a la defensa de Salom\u00e9 Pradas <a href=\"https:\/\/cadenaser.com\/comunitat-valenciana\/2025\/10\/31\/la-ex-consellera-salome-pradas-imputada-por-la-dana-da-senales-de-un-cambio-de-estrategia-en-su-defensa-judicial-radio-castellon\/\" target=\"_blank\" rel=\"noreferrer nofollow noopener\" title=\"https:\/\/cadenaser.com\/comunitat-valenciana\/2025\/10\/31\/la-ex-consellera-salome-pradas-imputada-por-la-dana-da-senales-de-un-cambio-de-estrategia-en-su-defensa-judicial-radio-castellon\/\">para que decida si quiere volver a comparecer como imputada<\/a> despu\u00e9s de conocerse que ha dado una entrevista a La Sexta.<\/p>\n<p>La magistrada recuerda que la ley permite a los investigados declarar siempre que quieran en el juzgado, as\u00ed que, para garantizar todos sus derechos como investigada, le pide que decida si quiere volver a declarar. Explica que, una vez haya decidido la defensa de Pradas, y si accede a volver a declarar, solicitar\u00e1n a La Sexta que aporte a la causa el programa con su entrevista.<\/p>\n<p>Pradas y Vilaplana rechazan declarar<\/p>\n<p>La ex-consellera, Salom\u00e9 Pradas, rechaza de momento volver a declarar ante la jueza despu\u00e9s del ofrecimiento de la magistrada. Eso s\u00ed, no descarta hacerlo en un futuro seg\u00fan las diligencias que se practiquen, Seg\u00fan ha contado a la SER, Salom\u00e9 Pradas, en su declaraci\u00f3n cont\u00f3 toda la verdad sobre lo sucedido y vivido el d\u00eda 29 de octubre. A\u00f1ade que si su defensa considera que en alg\u00fan momento es aconsejable que declare de nuevo para aclarar alg\u00fan aspecto a ra\u00edz de las diligencias que se vayan practicando, no tendr\u00e9 ning\u00fan inconveniente en hacerlo. Pero no en estos momentos <\/p>\n<p>Tampoco lo har\u00e1 Maribel Vilaplana a la que tambi\u00e9n la jueza le daba esa posibilidad, ya que se ratifica en lo declarado.<\/p>\n<p>Sigue toda la \u00faltima hora en el canal de Whatsapp de Radio Valencia: <a href=\"https:\/\/eur01.safelinks.protection.outlook.com\/?url=https%3A%2F%2Fwhatsapp.com%2Fchannel%2F0029VaHjyqSFHWq2Q3iHB33R&amp;data=05%7C02%7CASanchezSa%40prisaradio.com%7Cbcbba1a7cd834febfc0008dc718f345b%7Cc4fd49f3e15a44d882e2c909735d2e45%7C0%7C0%7C638510107081166370%7CUnknown%7CTWFpbGZsb3d8eyJWIjoiMC4wLjAwMDAiLCJQIjoiV2luMzIiLCJBTiI6Ik1haWwiLCJXVCI6Mn0%3D%7C0%7C%7C%7C&amp;sdata=WFs4%2BokiRyjbxmDJgRU9c1ksYZP%2F7O9hOQ0C1W8Esm0%3D&amp;reserved=0\" target=\"_blank\" rel=\"nofollow noopener\" title=\"Direcci\u00f3n URL original: https:\/\/whatsapp.com\/channel\/0029VaHjyqSFHWq2Q3iHB33R. Haga clic o pulse si conf\u00eda en este v\u00ednculo.\">haz clic aqu\u00ed y suscr\u00edbete<\/a> para recibir toda la informaci\u00f3n y la actualidad del d\u00eda en tu m\u00f3vil.<\/p>\n","protected":false},"excerpt":{"rendered":"Val\u00e8ncia La jueza que investiga la DANA concluye que es altamente improbable que Maribel Vilaplana no escuchara las&hellip;\n","protected":false},"author":2,"featured_media":260532,"comment_status":"","ping_status":"","sticky":false,"template":"","format":"standard","meta":{"footnotes":""},"categories":[8],"tags":[17,18,25,24,13,14,11,19,20,9,10,15,16,23,12,21,22],"class_list":{"0":"post-260531","1":"post","2":"type-post","3":"status-publish","4":"format-standard","5":"has-post-thumbnail","7":"category-espana","8":"tag-breaking-news","9":"tag-breakingnews","10":"tag-es","11":"tag-espana","12":"tag-featured-news","13":"tag-featurednews","14":"tag-headlines","15":"tag-latest-news","16":"tag-latestnews","17":"tag-news","18":"tag-noticias","19":"tag-noticias-destacadas","20":"tag-noticiasdestacadas","21":"tag-spain","22":"tag-titulares","23":"tag-ultimas-noticias","24":"tag-ultimasnoticias"},"share_on_mastodon":{"url":"https:\/\/pubeurope.com\/@es\/115628086975513288","error":""},"_links":{"self":[{"href":"https:\/\/www.europesays.com\/es\/wp-json\/wp\/v2\/posts\/260531","targetHints":{"allow":["GET"]}}],"collection":[{"href":"https:\/\/www.europesays.com\/es\/wp-json\/wp\/v2\/posts"}],"about":[{"href":"https:\/\/www.europesays.com\/es\/wp-json\/wp\/v2\/types\/post"}],"author":[{"embeddable":true,"href":"https:\/\/www.europesays.com\/es\/wp-json\/wp\/v2\/users\/2"}],"replies":[{"embeddable":true,"href":"https:\/\/www.europesays.com\/es\/wp-json\/wp\/v2\/comments?post=260531"}],"version-history":[{"count":0,"href":"https:\/\/www.europesays.com\/es\/wp-json\/wp\/v2\/posts\/260531\/revisions"}],"wp:featuredmedia":[{"embeddable":true,"href":"https:\/\/www.europesays.com\/es\/wp-json\/wp\/v2\/media\/260532"}],"wp:attachment":[{"href":"https:\/\/www.europesays.com\/es\/wp-json\/wp\/v2\/media?parent=260531"}],"wp:term":[{"taxonomy":"category","embeddable":true,"href":"https:\/\/www.europesays.com\/es\/wp-json\/wp\/v2\/categories?post=260531"},{"taxonomy":"post_tag","embeddable":true,"href":"https:\/\/www.europesays.com\/es\/wp-json\/wp\/v2\/tags?post=260531"}],"curies":[{"name":"wp","href":"https:\/\/api.w.org\/{rel}","templated":true}]}}