{"id":260537,"date":"2025-11-28T15:48:14","date_gmt":"2025-11-28T15:48:14","guid":{"rendered":"https:\/\/www.europesays.com\/es\/260537\/"},"modified":"2025-11-28T15:48:14","modified_gmt":"2025-11-28T15:48:14","slug":"movistar-team-inicia-su-concentracion-de-pretemporada-en-valencia","status":"publish","type":"post","link":"https:\/\/www.europesays.com\/es\/260537\/","title":{"rendered":"Movistar Team inicia su concentraci\u00f3n de pretemporada en Valencia"},"content":{"rendered":"<p class=\"news_body-excerpt\">El conjunto telef\u00f3nico llevar\u00e1 a cabo su Training Camp del 1 al 22 de diciembre en el sureste de la provincia de Valencia, un entorno ya familiar tras la positiva experiencia del pasado a\u00f1o. Ser\u00e1 el primer gran punto de encuentro para todas sus escuadras antes del arranque de la temporada 2026.<\/p>\n<p><img fetchpriority=\"high\" decoding=\"async\" width=\"1380\" height=\"920\" src=\"https:\/\/www.europesays.com\/es\/wp-content\/uploads\/2025\/11\/romeo-1380x920.jpg\" alt=\"\" class=\"wp-image-145957\"  \/><\/p>\n<p>Tras la concentraci\u00f3n celebrada en octubre en Gorr\u00e1iz, <strong>Movistar Team<\/strong> contin\u00faa as\u00ed con su preparaci\u00f3n de pretemporada. En una primera fase, del 1 al 11 de diciembre, se reunir\u00e1 el equipo femenino; posteriormente, del 12 al 22 de diciembre, ser\u00e1 el turno del equipo masculino y del conjunto de desarrollo.<\/p>\n<p>En total, rodar\u00e1n por tierras valencianas <strong>27 ciclistas del equipo masculino, 17 corredoras del femenino y 12 integrantes del Movistar Team Academy<\/strong>. Ser\u00e1 adem\u00e1s la primera ocasi\u00f3n en la que coincidan en la carretera con los nuevos fichajes: Francesca Barale, en el equipo femenino; y Cian Uijtdebroeks, Ra\u00fal Garc\u00eda Pierna, Roger Adri\u00e0, Juanpe L\u00f3pez y Pavel Nov\u00e1k, en el masculino.<\/p>\n<p>A lo largo de estas tres semanas, las distintas formaciones combinar\u00e1n sesiones de entrenamiento en carretera con pruebas f\u00edsicas, reuniones t\u00e9cnicas, actividades con patrocinadores y otros actos relevantes para la escuadra azul.<\/p>\n","protected":false},"excerpt":{"rendered":"El conjunto telef\u00f3nico llevar\u00e1 a cabo su Training Camp del 1 al 22 de diciembre en el sureste&hellip;\n","protected":false},"author":2,"featured_media":260538,"comment_status":"","ping_status":"","sticky":false,"template":"","format":"standard","meta":{"footnotes":""},"categories":[273],"tags":[5168,313,1757,312,168,622,25,24,14861,699,303,8660,3013,23,167,1826,462,11214,5411,14860],"class_list":{"0":"post-260537","1":"post","2":"type-post","3":"status-publish","4":"format-standard","5":"has-post-thumbnail","7":"category-ciclismo","8":"tag-bicicletas","9":"tag-ciclismo","10":"tag-ciclista","11":"tag-cycling","12":"tag-deportes","13":"tag-equipo","14":"tag-es","15":"tag-espana","16":"tag-eusebio-unzue","17":"tag-grande","18":"tag-movistar","19":"tag-movistar-team","20":"tag-mundo","21":"tag-spain","22":"tag-sports","23":"tag-telefonica","24":"tag-tour-de-francia","25":"tag-uci","26":"tag-vuelta-a-espana","27":"tag-world-tour"},"share_on_mastodon":{"url":"https:\/\/pubeurope.com\/@es\/115628114398312222","error":""},"_links":{"self":[{"href":"https:\/\/www.europesays.com\/es\/wp-json\/wp\/v2\/posts\/260537","targetHints":{"allow":["GET"]}}],"collection":[{"href":"https:\/\/www.europesays.com\/es\/wp-json\/wp\/v2\/posts"}],"about":[{"href":"https:\/\/www.europesays.com\/es\/wp-json\/wp\/v2\/types\/post"}],"author":[{"embeddable":true,"href":"https:\/\/www.europesays.com\/es\/wp-json\/wp\/v2\/users\/2"}],"replies":[{"embeddable":true,"href":"https:\/\/www.europesays.com\/es\/wp-json\/wp\/v2\/comments?post=260537"}],"version-history":[{"count":0,"href":"https:\/\/www.europesays.com\/es\/wp-json\/wp\/v2\/posts\/260537\/revisions"}],"wp:featuredmedia":[{"embeddable":true,"href":"https:\/\/www.europesays.com\/es\/wp-json\/wp\/v2\/media\/260538"}],"wp:attachment":[{"href":"https:\/\/www.europesays.com\/es\/wp-json\/wp\/v2\/media?parent=260537"}],"wp:term":[{"taxonomy":"category","embeddable":true,"href":"https:\/\/www.europesays.com\/es\/wp-json\/wp\/v2\/categories?post=260537"},{"taxonomy":"post_tag","embeddable":true,"href":"https:\/\/www.europesays.com\/es\/wp-json\/wp\/v2\/tags?post=260537"}],"curies":[{"name":"wp","href":"https:\/\/api.w.org\/{rel}","templated":true}]}}