{"id":260541,"date":"2025-11-28T15:51:09","date_gmt":"2025-11-28T15:51:09","guid":{"rendered":"https:\/\/www.europesays.com\/es\/260541\/"},"modified":"2025-11-28T15:51:09","modified_gmt":"2025-11-28T15:51:09","slug":"el-betis-anuncia-la-renovacion-de-pellegrini-hasta-2027","status":"publish","type":"post","link":"https:\/\/www.europesays.com\/es\/260541\/","title":{"rendered":"El Betis anuncia la renovaci\u00f3n de Pellegrini hasta 2027"},"content":{"rendered":"<p>28\/11\/2025<br \/>\n<br \/><strong><br \/>\nActualizado a las 12:56h.<br \/>\n<\/strong><\/p>\n<p class=\"voc-p\" style=\"\">El <strong>Real Betis<\/strong> ha hecho oficial este viernes la renovaci\u00f3n de Manuel <strong>Pellegrini<\/strong> como entrenador hasta 2027. La negociaci\u00f3n con el t\u00e9cnico chileno se ultim\u00f3 esta semana despu\u00e9s de la conversaci\u00f3n durante el par\u00f3n y se alcanzaron los acuerdos necesarios para rubricar este  &#8230; acuerdo, que se ha firmado entre jueves y viernes.<\/p>\n<p class=\"voc-p\" style=\"\">Finaliza as\u00ed uno de los culebrones de la temporada despu\u00e9s de decidir el club variar el escenario e ir<strong> renovando al t\u00e9cnico a\u00f1o a a\u00f1o<\/strong>. En la \u00faltima conversaci\u00f3n las partes quedaron satisfechas con las nuevas condiciones y ahora se ha producido la firma y el anuncio, justo antes del derbi.<\/p>\n<p class=\"voc-p\" style=\"\">El t\u00e9cnico pasar\u00e1 a cobrar una cantidad similar a la actual en fijo pero pierde variables debido a que no habr\u00e1 primas especiales por clasificaciones europeas que no sean de <strong>Champions League<\/strong>. S\u00ed las habr\u00e1 por la consecuci\u00f3n de t\u00edtulos. Con ello el club eleva el nivel de exigencia de cara a las pr\u00f3ximas temporadas acorde con las presumibles mejores prestaciones de la plantilla.<\/p>\n<p class=\"voc-p\" style=\"\">El Betis ha anunciado la renovaci\u00f3n de Pellegrini con un v\u00eddeo en el que se destaca su licenciatura como ingeniero y en el que dibuja las l\u00edneas de un campo de f\u00fatbol y firma antes de aparecer el cl\u00e1sico cartel de 2027.<\/p>\n<p class=\"voc-p\" style=\"\">Pellegrini cumplir\u00e1 as\u00ed un ciclo hist\u00f3rico desde que lleg\u00f3 en 2020 a Heli\u00f3polis y en el que ha cambiado el rumbo del club con clasificaciones consecutivas a competiciones europeas como nunca en su recorrido hist\u00f3rico y tambi\u00e9n con el t\u00edtulo de Copa del Rey de 2022.<\/p>\n<p>\nArt\u00edculo solo para suscriptores\n<\/p>\n<p>Reportar un error<\/p>\n","protected":false},"excerpt":{"rendered":"28\/11\/2025 Actualizado a las 12:56h. El Real Betis ha hecho oficial este viernes la renovaci\u00f3n de Manuel Pellegrini&hellip;\n","protected":false},"author":2,"featured_media":260542,"comment_status":"","ping_status":"","sticky":false,"template":"","format":"standard","meta":{"footnotes":""},"categories":[268],"tags":[15609,4187,291,168,25,24,280,282,22479,1135,281,23,167],"class_list":{"0":"post-260541","1":"post","2":"type-post","3":"status-publish","4":"format-standard","5":"has-post-thumbnail","7":"category-futbol","8":"tag-15609","9":"tag-anuncia","10":"tag-betis","11":"tag-deportes","12":"tag-es","13":"tag-espana","14":"tag-football","15":"tag-futbol","16":"tag-pellegrini","17":"tag-renovacion","18":"tag-soccer","19":"tag-spain","20":"tag-sports"},"share_on_mastodon":{"url":"https:\/\/pubeurope.com\/@es\/115628126187774916","error":""},"_links":{"self":[{"href":"https:\/\/www.europesays.com\/es\/wp-json\/wp\/v2\/posts\/260541","targetHints":{"allow":["GET"]}}],"collection":[{"href":"https:\/\/www.europesays.com\/es\/wp-json\/wp\/v2\/posts"}],"about":[{"href":"https:\/\/www.europesays.com\/es\/wp-json\/wp\/v2\/types\/post"}],"author":[{"embeddable":true,"href":"https:\/\/www.europesays.com\/es\/wp-json\/wp\/v2\/users\/2"}],"replies":[{"embeddable":true,"href":"https:\/\/www.europesays.com\/es\/wp-json\/wp\/v2\/comments?post=260541"}],"version-history":[{"count":0,"href":"https:\/\/www.europesays.com\/es\/wp-json\/wp\/v2\/posts\/260541\/revisions"}],"wp:featuredmedia":[{"embeddable":true,"href":"https:\/\/www.europesays.com\/es\/wp-json\/wp\/v2\/media\/260542"}],"wp:attachment":[{"href":"https:\/\/www.europesays.com\/es\/wp-json\/wp\/v2\/media?parent=260541"}],"wp:term":[{"taxonomy":"category","embeddable":true,"href":"https:\/\/www.europesays.com\/es\/wp-json\/wp\/v2\/categories?post=260541"},{"taxonomy":"post_tag","embeddable":true,"href":"https:\/\/www.europesays.com\/es\/wp-json\/wp\/v2\/tags?post=260541"}],"curies":[{"name":"wp","href":"https:\/\/api.w.org\/{rel}","templated":true}]}}