{"id":260551,"date":"2025-11-28T15:58:19","date_gmt":"2025-11-28T15:58:19","guid":{"rendered":"https:\/\/www.europesays.com\/es\/260551\/"},"modified":"2025-11-28T15:58:19","modified_gmt":"2025-11-28T15:58:19","slug":"martin-landaluce-esta-dentro-de-las-next-gen-atp-finals-presented-by-pif-atp-tour","status":"publish","type":"post","link":"https:\/\/www.europesays.com\/es\/260551\/","title":{"rendered":"Mart\u00edn Landaluce est\u00e1 dentro de las Next Gen ATP Finals presented by PIF | ATP Tour"},"content":{"rendered":"<p>        Next Gen ATP Finals<br \/>\n    Landaluce est\u00e1 dentro de las Next Gen ATP Finals presented by PIF<\/p>\n<p>El espa\u00f1ol fue reserva en la pasada edici\u00f3n de 2024<\/p>\n<p>November 28, 2025<\/p>\n<p>            <img decoding=\"async\" src=\"https:\/\/www.europesays.com\/es\/wp-content\/uploads\/2025\/11\/landaluce-jeddah-2025-qualification.jpg\" alt=\"Martin Landaluce, de 19 a\u00f1os, es el primer espa\u00f1ol clasificado para el torneo desde Carlos Alcaraz.\"\/><\/p>\n<p>Pierre Froger<\/p>\n<p>        Martin Landaluce, de 19 a\u00f1os, es el primer espa\u00f1ol clasificado para el torneo desde Carlos Alcaraz.<br \/>\n        By Redacci\u00f3n ATP <\/p>\n<p>Martin Landaluce se ha clasificado para las <a href=\"https:\/\/www.atptour.com\/es\/tournaments\/next-gen-atp-finals\/7696\/overview\" rel=\"nofollow noopener\" target=\"_blank\">Next Gen ATP Finals presented by PIF<\/a>, doce meses despu\u00e9s de asumir el papel de reserva en el torneo que re\u00fane a los mejores sub-20 del mundo.<\/p>\n<p>El espa\u00f1ol firm\u00f3 un gran estreno de temporada, al clasificarse al Abierto de Australia por primera vez. Despu\u00e9s de seis consistentes meses, Landaluce logr\u00f3 su primera victoria en el cuadro principal de un ATP Masters 1000 de Cincinnati. El \u00e9xito en el ATP Challenger Tour lleg\u00f3 en Orleans, donde a sus 19 a\u00f1os levant\u00f3 su segundo trofeo de esta categor\u00eda y primero del a\u00f1o.<\/p>\n<p><a rel=\"noopener noreferrer nofollow\" href=\"https:\/\/www.atptour.com\/es\/news\/it-all-adds-up-hub\/\" target=\"_blank\"><img decoding=\"async\" alt=\"\" style=\"height:90px; width:728px;\" src=\"https:\/\/www.europesays.com\/es\/wp-content\/uploads\/2025\/09\/1758546732_354_it-all-adds-up-banner.jpg\"\/><\/a><\/p>\n<p>Landaluce trabaja con sus entrenadores \u00d3scar Burrieza y <a href=\"https:\/\/www.atptour.com\/es\/players\/esteban-carril\/c470\/overview\" rel=\"nofollow noopener\" target=\"_blank\">Esteban Carril<\/a>. La colaboraci\u00f3n de Landaluce con Burrieza empez\u00f3 con una llamada de tel\u00e9fono cuando ten\u00eda 14 a\u00f1os. M\u00e1s all\u00e1 de la calidad de su rev\u00e9s o su destreza en la pista, lo que distingue a Landaluce seg\u00fan su entrenador es algo intangible, algo muy poco com\u00fan.<\/p>\n<p> \u201cPara m\u00ed su equilibrio, mentalmente, es uno de sus mayores talentos\u201d, se\u00f1al\u00f3 a ATPTour.com. \u201cEl tenis es mentalmente brutal. La mayor\u00eda de las semanas, pierdes. Pero Mart\u00edn tiene la capacidad de levantarse al d\u00eda siguiente y volver a entrenar como si no hubiera pasado nada. Se reinicia emocionalmente. Da igual si juega el Madrid Open o un partido en un Futures, act\u00faa de la misma forma. Esa consistencia en la actitud no es habitual\u201d.<\/p>\n<p>Landaluce, antiguo campe\u00f3n del <a href=\"https:\/\/www.atptour.com\/es\/tournaments\/us-open\/560\/overview\" rel=\"nofollow noopener\" target=\"_blank\">US Open<\/a> en categor\u00eda junior, disfruta fuera de la pista tocando la guitarra y estudiando el apartado mental del deporte.<\/p>\n<p> \u201cMe gusta hacer muchas cosas fuera de la pista que me ayudan mentalmente, como leer, ejercicios de respiraci\u00f3n. Esas cosas me ayudan a estar concentrado en pista\u201d, reconoci\u00f3 a ATPTour.com en agosto.<\/p>\n<p> \u201cIntento dar m\u00e1s importancia a la disciplina que a la motivaci\u00f3n. Mucha gente cree que la motivaci\u00f3n llega antes, pero para m\u00ed, es la disciplina la que da lugar a la motivaci\u00f3n. Empiezas haciendo algo y vas mejorando, empiezas a disfrutarlo\u2026 Ah\u00ed es donde aparece la motivaci\u00f3n\u201d, a\u00f1adi\u00f3 el espa\u00f1ol.<\/p>\n<p>Las <a href=\"https:\/\/www.atptour.com\/es\/tournaments\/next-gen-atp-finals\/7696\/overview\" rel=\"nofollow noopener\" target=\"_blank\">Next Gen ATP Finals presented by PIF<\/a> tendr\u00e1n lugar del 17 al 21 de diciembre. Entre los antiguos campeones del torneo se encuentran <a href=\"https:\/\/www.atptour.com\/es\/players\/jannik-sinner\/s0ag\/overview\" rel=\"nofollow noopener\" target=\"_blank\">Jannik Sinner<\/a> y <a href=\"https:\/\/www.atptour.com\/es\/players\/carlos-alcaraz\/a0e2\/overview\" rel=\"nofollow noopener\" target=\"_blank\">Carlos Alcaraz<\/a>, y para esta edici\u00f3n ya tienen un billete para Jeddah los siguientes jugadores: <a href=\"https:\/\/www.atptour.com\/es\/players\/jakub-mensik\/m0ni\/overview\" rel=\"nofollow noopener\" target=\"_blank\">Jakub Mensik<\/a>, <a href=\"https:\/\/www.atptour.com\/es\/players\/learner-tien\/t0ha\/overview\" rel=\"nofollow noopener\" target=\"_blank\">Learner Tien<\/a>, <a href=\"https:\/\/www.atptour.com\/es\/players\/alexander-blockx\/b0pg\/overview\" rel=\"nofollow noopener\" target=\"_blank\">Alexander Blockx<\/a>, <a href=\"https:\/\/www.atptour.com\/es\/players\/dino-prizmic\/p0hw\/overview\" rel=\"nofollow noopener\" target=\"_blank\">Dino Prizmic<\/a> y el propio Landaluce.<\/p>\n","protected":false},"excerpt":{"rendered":"Next Gen ATP Finals Landaluce est\u00e1 dentro de las Next Gen ATP Finals presented by PIF El espa\u00f1ol&hellip;\n","protected":false},"author":2,"featured_media":260552,"comment_status":"","ping_status":"","sticky":false,"template":"","format":"standard","meta":{"footnotes":""},"categories":[93],"tags":[168,25,24,23,167],"class_list":{"0":"post-260551","1":"post","2":"type-post","3":"status-publish","4":"format-standard","5":"has-post-thumbnail","7":"category-deportes","8":"tag-deportes","9":"tag-es","10":"tag-espana","11":"tag-spain","12":"tag-sports"},"share_on_mastodon":{"url":"https:\/\/pubeurope.com\/@es\/115628154165112813","error":""},"_links":{"self":[{"href":"https:\/\/www.europesays.com\/es\/wp-json\/wp\/v2\/posts\/260551","targetHints":{"allow":["GET"]}}],"collection":[{"href":"https:\/\/www.europesays.com\/es\/wp-json\/wp\/v2\/posts"}],"about":[{"href":"https:\/\/www.europesays.com\/es\/wp-json\/wp\/v2\/types\/post"}],"author":[{"embeddable":true,"href":"https:\/\/www.europesays.com\/es\/wp-json\/wp\/v2\/users\/2"}],"replies":[{"embeddable":true,"href":"https:\/\/www.europesays.com\/es\/wp-json\/wp\/v2\/comments?post=260551"}],"version-history":[{"count":0,"href":"https:\/\/www.europesays.com\/es\/wp-json\/wp\/v2\/posts\/260551\/revisions"}],"wp:featuredmedia":[{"embeddable":true,"href":"https:\/\/www.europesays.com\/es\/wp-json\/wp\/v2\/media\/260552"}],"wp:attachment":[{"href":"https:\/\/www.europesays.com\/es\/wp-json\/wp\/v2\/media?parent=260551"}],"wp:term":[{"taxonomy":"category","embeddable":true,"href":"https:\/\/www.europesays.com\/es\/wp-json\/wp\/v2\/categories?post=260551"},{"taxonomy":"post_tag","embeddable":true,"href":"https:\/\/www.europesays.com\/es\/wp-json\/wp\/v2\/tags?post=260551"}],"curies":[{"name":"wp","href":"https:\/\/api.w.org\/{rel}","templated":true}]}}