{"id":260553,"date":"2025-11-28T15:59:12","date_gmt":"2025-11-28T15:59:12","guid":{"rendered":"https:\/\/www.europesays.com\/es\/260553\/"},"modified":"2025-11-28T15:59:12","modified_gmt":"2025-11-28T15:59:12","slug":"la-oms-asegura-que-las-muertes-por-sarampion-disminuyen-un-88-desde-2000-pero-aumentan-los-casos-servimedia","status":"publish","type":"post","link":"https:\/\/www.europesays.com\/es\/260553\/","title":{"rendered":"La OMS asegura que las muertes por sarampi\u00f3n disminuyen un 88% desde 2000 pero aumentan los casos &#8211; Servimedia"},"content":{"rendered":"<ol>\n<li><a href=\"https:\/\/news.google.com\/rss\/articles\/CBMivAFBVV95cUxOQWJYaW9iRVU3QlQ5VWN4NWp1d0dxN01GQ3N6M0kxYWFnTUtWQjhiM0hLbEk5d3ZJLW1FSV9xcFI1enpEdF9UbjJLOTFaeTFmSld6dmtVdFkwb3ptcnMyYzlsZlM1OGNFQjh4VDY4QlRITWdhZ0JlWl9oMzNBeDNPWHNDcVpOZnVyaXlHVG5QZXpCQTJ0ZFZwQnRURjFKSExWVzBRUFMwV3N6SllmdC1LODdQdWtUR2tOMWJxbQ?oc=5\" target=\"_blank\" rel=\"nofollow noopener\">La OMS asegura que las muertes por sarampi\u00f3n disminuyen un 88% desde 2000 pero aumentan los casos<\/a>&nbsp;&nbsp;Servimedia<\/li>\n<li><a href=\"https:\/\/news.google.com\/rss\/articles\/CBMi7AFBVV95cUxPMDgzNWpIOFV3R1RadDVxM1B0V2JkdG5vM0Ria2lRUi1zUHBhXzFXcDFuZ0Q5aTEzaFY3cXhVT05LRHFQZmFNeDQxVTZBc3UwNW55alFpSTNsdzhoUDlIUjU0QlpWcTBwcXo0Q3V2Sko4ZEVleTlSU3NrcmNBNlEwdmk3QnNFTmNxRkNfSVFJQjh2NGhKVVJlWV9HMEo1SFVjYVpHNUpSbnM1Sm9FWE5qQ2FmSHNuMWNDZWFlMXJ2bUV2ek9TdE41YVF3aTdvQUw0UWF3UnZkODZCSFRlcVR0US15WG5HY09Wak90Qw?oc=5\" target=\"_blank\" rel=\"nofollow noopener\">Uno de cada cuatro grandes brotes de sarampi\u00f3n en 2024 ocurri\u00f3 en pa\u00edses que estaban libres de esa enfermedad<\/a>&nbsp;&nbsp;EL PA\u00cdS<\/li>\n<li><a href=\"https:\/\/news.google.com\/rss\/articles\/CBMitAFBVV95cUxQV2VuWlNTVHVxNDBacjlYQVlYMmtTZXFVMkN5S3lhT0tIcW1qTy1ielU0VEVEYXlDZFZmZFc1OUNJN1RHOHZJel84eElqcHFhU2ktdnBGdFJ4NkdWX3lwTURSY0oxU2pMTEw0cnp5RVBwSXVBQkxVdHJXc3dNNkN5TGYtVlRJTGxsQTdsZ2J1QkZUa1FZSDRvekVPUmFURGFVU0stQl9HTnJLTWl3WHpnQWZ4a0bSAboBQVVfeXFMTVRnSEdJd1c0bjIzaUdRNWdfQ1E0dTRjdlRBSzd2bjJ3NDNKNjgzaGd6Y0QwNzA5cjVQdGFqeTkySFRQRDgyd2lSNGdsQlN1dzNMaTREV2d2MUJmR3NEclhaRDdIU3IxUU1SM3F2MEI5S2ZFaDJMaGwwbWFuX0I2RkhEUjdXYU5UTVRvT055N3N1R3M5Mk9GS0ZEWEQwZXFHTGZhZ2xUZjVMU09rblpVYnRHZUZwYlhxbXd3?oc=5\" target=\"_blank\" rel=\"nofollow noopener\">Sarampi\u00f3n: por qu\u00e9 aumenta una enfermedad que la vacuna puede frenar por completo<\/a>&nbsp;&nbsp;Cu\u00eddatePlus<\/li>\n<li><a href=\"https:\/\/news.google.com\/rss\/articles\/CBMi7wFBVV95cUxNTkNWQlZhWEVOY25jd3BTTG9kQzJVTmhNeDZFcW5DcVVROGtiZF9uVURWcjJUX0JhZl9tdFhQQkNIcVlLWWExTGVBYndxNVgwd200Z0R3UkJiSEhGY1VCLWVLTGw2ajFLQnZBdXpNTU13UE5pZm40YlVmaFB4SHJTanBsVzlIYTFSQTJmNGhWZTBlMktKNXdBTGVqekNiWC15Mmt6NVZDWlJ5NDVDYkw2cXF6ZjVaMVRNMUs0eEtxVXpxejhOQ1M3dldXRW5jQ1R2M2NYdEdDQXU0cXB6ank0WTk5N2hzWWgxeEQ2ci1sSdIBiwJBVV95cUxNZjN4YzRDSGJydmhLdjVpOWwwYVhGdnR6YW5oRWp4V1RPbGhDUFctcnJKcU9BOWk1RUV5STlmUjBtaXczM1A3U3FQQm45NkxldW1nWmk2NmFZODR6VnVYV1VZMEpUOGlMMXc0ZWFLdXROYUNLc3NaZUJ1NENUUTI0QkcxQm05b3kxZFJaVU9ZTjBDc1k4aFFyRl9GMWFVMlQ1V080S0pLcHhXeVlsSndnZ19HVW9kN0dVZ2tvYTFHSE4ya0RnRHl6TXQzMDFialRkdVVmMUlNVnpzVnE0T0tESnRmblFQSEdGbmZLdmJ2Um9DT2NGemtNOXlMZ2daZ3pGT21OUS1TRGQ2OUk?oc=5\" target=\"_blank\" rel=\"nofollow noopener\">La OMS advierte de un aumento de casos de sarampi\u00f3n a pesar de una reducci\u00f3n de muertes del 88 % desde el a\u00f1o 2000<\/a>&nbsp;&nbsp;La Voz de Galicia<\/li>\n<li><a href=\"https:\/\/news.google.com\/rss\/articles\/CBMiygFBVV95cUxQY3F2V0hnMWhUSzU3MF9yY0w3RDdMRDg2VkRSbFl4RDhHVkhLUlFiOE5GdzU5clBtUi13MC1PdF9oaFp6TlhKZVJNWFdYTDk2dW9HMk9zbmdSd3MwcV94Yy1KNXhJNkxvNmdFQ3dDYV8zRDNlWGk3UzBsZ3BRaUxHY1Vnc2ZOcVZmOWF1V1dUOW5tX0Q0M0QzaEZ4b1Y3d3RTb1IySTRDTV93Y3VpTXFuT0FpMGtBV3ZXRjRibHRMODJtQ0EzQVJ2aElR?oc=5\" target=\"_blank\" rel=\"nofollow noopener\">Europa vive un auge del sarampi\u00f3n por brotes globales, seg\u00fan la OMS<\/a>&nbsp;&nbsp;Euronews.com<\/li>\n<\/ol>\n","protected":false},"excerpt":{"rendered":"La OMS asegura que las muertes por sarampi\u00f3n disminuyen un 88% desde 2000 pero aumentan los casos&nbsp;&nbsp;Servimedia Uno&hellip;\n","protected":false},"author":2,"featured_media":260554,"comment_status":"","ping_status":"","sticky":false,"template":"","format":"standard","meta":{"footnotes":""},"categories":[92],"tags":[858,25,24,165,4809,3572,166,3829,492,23,8177],"class_list":{"0":"post-260553","1":"post","2":"type-post","3":"status-publish","4":"format-standard","5":"has-post-thumbnail","7":"category-salud","8":"tag-casos","9":"tag-es","10":"tag-espana","11":"tag-health","12":"tag-muertes","13":"tag-oms","14":"tag-salud","15":"tag-sarampion","16":"tag-sociedad","17":"tag-spain","18":"tag-vacuna"},"share_on_mastodon":{"url":"https:\/\/pubeurope.com\/@es\/115628157539185883","error":""},"_links":{"self":[{"href":"https:\/\/www.europesays.com\/es\/wp-json\/wp\/v2\/posts\/260553","targetHints":{"allow":["GET"]}}],"collection":[{"href":"https:\/\/www.europesays.com\/es\/wp-json\/wp\/v2\/posts"}],"about":[{"href":"https:\/\/www.europesays.com\/es\/wp-json\/wp\/v2\/types\/post"}],"author":[{"embeddable":true,"href":"https:\/\/www.europesays.com\/es\/wp-json\/wp\/v2\/users\/2"}],"replies":[{"embeddable":true,"href":"https:\/\/www.europesays.com\/es\/wp-json\/wp\/v2\/comments?post=260553"}],"version-history":[{"count":0,"href":"https:\/\/www.europesays.com\/es\/wp-json\/wp\/v2\/posts\/260553\/revisions"}],"wp:featuredmedia":[{"embeddable":true,"href":"https:\/\/www.europesays.com\/es\/wp-json\/wp\/v2\/media\/260554"}],"wp:attachment":[{"href":"https:\/\/www.europesays.com\/es\/wp-json\/wp\/v2\/media?parent=260553"}],"wp:term":[{"taxonomy":"category","embeddable":true,"href":"https:\/\/www.europesays.com\/es\/wp-json\/wp\/v2\/categories?post=260553"},{"taxonomy":"post_tag","embeddable":true,"href":"https:\/\/www.europesays.com\/es\/wp-json\/wp\/v2\/tags?post=260553"}],"curies":[{"name":"wp","href":"https:\/\/api.w.org\/{rel}","templated":true}]}}