{"id":260559,"date":"2025-11-28T16:02:12","date_gmt":"2025-11-28T16:02:12","guid":{"rendered":"https:\/\/www.europesays.com\/es\/260559\/"},"modified":"2025-11-28T16:02:12","modified_gmt":"2025-11-28T16:02:12","slug":"onda-reune-al-ecosistema-ceramico-para-analizar-el-impacto-de-la-construccion-industrializada-en-el-sector","status":"publish","type":"post","link":"https:\/\/www.europesays.com\/es\/260559\/","title":{"rendered":"Onda re\u00fane al ecosistema cer\u00e1mico para analizar el impacto de la construcci\u00f3n industrializada en el sector"},"content":{"rendered":"<p>ONDA.\u00a0Onda se convierto\u00a0en el epicentro de la innovaci\u00f3n cer\u00e1mica con la celebraci\u00f3n de la jornada empresarial \u00abConstrucci\u00f3n industrializada: c\u00f3mo impacta en el futuro del sector cer\u00e1mico\u00bb, en la que empresas, tecn\u00f3logos y representantes institucionales han analizado c\u00f3mo la industrializaci\u00f3n y los nuevos modelos constructivos est\u00e1n redefiniendo la competitividad de la industria cer\u00e1mica en toda su cadena de valor.<\/p>\n<p data-end=\"1025\" data-start=\"685\">Durante la sesi\u00f3n, celebrada en <strong>La Campaneta Factor\u00eda Cultural<\/strong>, se han abordado retos y oportunidades vinculados a la integraci\u00f3n del material cer\u00e1mico en sistemas industrializados, la automatizaci\u00f3n de procesos, la eficiencia energ\u00e9tica, la trazabilidad digital y el papel de la <strong>Inteligencia Artificial<\/strong> en la producci\u00f3n industrial.<\/p>\n<p data-end=\"1750\" data-start=\"1027\">En la apertura, la alcaldesa de <strong>Onda<\/strong>, <strong>Carmina Ballester<\/strong>, ha puesto en valor la capacidad de la industria cer\u00e1mica para anticiparse al cambio: \u00abOnda es ese lugar donde las ideas cobran vida para mejorar nuestra forma de construir, de trabajar y de vivir. El sector cer\u00e1mico siempre ha sido inconformista, siempre ha ido un paso por delante, y esa ambici\u00f3n es la que nos permite seguir rompiendo l\u00edmites en calidad, innovaci\u00f3n y sostenibilidad\u00bb. En esta l\u00ednea, ha asegurado que el <strong>Ayuntamiento<\/strong> \u00abseguir\u00e1 apoyando cada inversi\u00f3n, atrayendo talento y generando oportunidades de crecimiento porque creemos en la cer\u00e1mica y en la capacidad de esta tierra para seguir liderando la transformaci\u00f3n industrial del futuro\u00bb.<\/p>\n<p>Debate empresarial<\/p>\n<p data-end=\"2192\" data-start=\"1780\">La jornada ha contado con la participaci\u00f3n de la presidenta de la <strong>C\u00e1mara de Comercio de Castell\u00f3n<\/strong>, <strong>Lola Guillam\u00f3n<\/strong>, junto a representantes estrat\u00e9gicos del sector como <strong>Joaqu\u00edn Peris<\/strong>, CEO de <strong>Peronda Group<\/strong>; <strong>Javier L\u00f3pez<\/strong>, CEO de <strong>Reymansa<\/strong>; y <strong>Leonardo Nomdedeu<\/strong>, CEO de <strong>Boreal Open Systems<\/strong>. La mesa de debate ha estado moderada por la directora general de <strong>ITC-AICE<\/strong>, <strong>Yolanda Roig<\/strong>.<\/p>\n<p data-end=\"2512\" data-start=\"2194\">Los ponentes han coincidido en se\u00f1alar que la industrializaci\u00f3n de la construcci\u00f3n abre una ventana de oportunidad para los materiales cer\u00e1micos t\u00e9cnicos y de alto rendimiento, tanto en el mercado nacional como en el internacional, impulsada por la demanda de soluciones modulares, sostenibles y de instalaci\u00f3n r\u00e1pida.<\/p>\n<p data-end=\"2857\" data-start=\"2514\">Por su parte, el concejal de Industria del <strong>Ayuntamiento de Onda<\/strong>, <strong>Vicente Ram\u00f3n<\/strong>, ha clausurado la sesi\u00f3n subrayando el papel de la ciudad como punto de encuentro para la innovaci\u00f3n y la cooperaci\u00f3n empresarial: \u00abOnda apuesta por liderar la transformaci\u00f3n industrial del sector desde la cooperaci\u00f3n, la innovaci\u00f3n y la visi\u00f3n de futuro\u00bb.<\/p>\n<p data-end=\"3001\" data-is-last-node=\"\" data-is-only-node=\"\" data-start=\"2859\">La jornada ha concluido con un espacio de networking que ha favorecido la creaci\u00f3n de alianzas y el impulso de nuevos proyectos empresariales.<\/p>\n<p data-end=\"3001\" data-is-last-node=\"\" data-is-only-node=\"\" data-start=\"2859\">\u00a0<\/p>\n","protected":false},"excerpt":{"rendered":"ONDA.\u00a0Onda se convierto\u00a0en el epicentro de la innovaci\u00f3n cer\u00e1mica con la celebraci\u00f3n de la jornada empresarial \u00abConstrucci\u00f3n industrializada:&hellip;\n","protected":false},"author":2,"featured_media":260560,"comment_status":"","ping_status":"","sticky":false,"template":"","format":"standard","meta":{"footnotes":""},"categories":[80],"tags":[82,95,94,25,24,23],"class_list":{"0":"post-260559","1":"post","2":"type-post","3":"status-publish","4":"format-standard","5":"has-post-thumbnail","7":"category-economia","8":"tag-business","9":"tag-economia","10":"tag-economy","11":"tag-es","12":"tag-espana","13":"tag-spain"},"share_on_mastodon":{"url":"https:\/\/pubeurope.com\/@es\/115628169473242512","error":""},"_links":{"self":[{"href":"https:\/\/www.europesays.com\/es\/wp-json\/wp\/v2\/posts\/260559","targetHints":{"allow":["GET"]}}],"collection":[{"href":"https:\/\/www.europesays.com\/es\/wp-json\/wp\/v2\/posts"}],"about":[{"href":"https:\/\/www.europesays.com\/es\/wp-json\/wp\/v2\/types\/post"}],"author":[{"embeddable":true,"href":"https:\/\/www.europesays.com\/es\/wp-json\/wp\/v2\/users\/2"}],"replies":[{"embeddable":true,"href":"https:\/\/www.europesays.com\/es\/wp-json\/wp\/v2\/comments?post=260559"}],"version-history":[{"count":0,"href":"https:\/\/www.europesays.com\/es\/wp-json\/wp\/v2\/posts\/260559\/revisions"}],"wp:featuredmedia":[{"embeddable":true,"href":"https:\/\/www.europesays.com\/es\/wp-json\/wp\/v2\/media\/260560"}],"wp:attachment":[{"href":"https:\/\/www.europesays.com\/es\/wp-json\/wp\/v2\/media?parent=260559"}],"wp:term":[{"taxonomy":"category","embeddable":true,"href":"https:\/\/www.europesays.com\/es\/wp-json\/wp\/v2\/categories?post=260559"},{"taxonomy":"post_tag","embeddable":true,"href":"https:\/\/www.europesays.com\/es\/wp-json\/wp\/v2\/tags?post=260559"}],"curies":[{"name":"wp","href":"https:\/\/api.w.org\/{rel}","templated":true}]}}