{"id":260561,"date":"2025-11-28T16:03:12","date_gmt":"2025-11-28T16:03:12","guid":{"rendered":"https:\/\/www.europesays.com\/es\/260561\/"},"modified":"2025-11-28T16:03:12","modified_gmt":"2025-11-28T16:03:12","slug":"leon-xiv-en-turquia-a-1700-anos-del-concilio-de-nicea-dw-27-11-2025","status":"publish","type":"post","link":"https:\/\/www.europesays.com\/es\/260561\/","title":{"rendered":"Le\u00f3n XIV en Turqu\u00eda a 1700 a\u00f1os del Concilio de Nicea \u2013 DW \u2013 27\/11\/2025"},"content":{"rendered":"<p>En 2025 se conmemoran 1700 a\u00f1os\u00a0del Concilio de Nicea.\u00a0Para la <a class=\"internal-link\" href=\"https:\/\/www.dw.com\/es\/el-papa-le\u00f3n-xiv-aterriza-en-turqu\u00eda-en-su-primer-viaje-internacional\/a-74916542\" rel=\"nofollow noopener\" target=\"_blank\">celebraci\u00f3n principal,<\/a> el papa <a class=\"internal-link\" href=\"https:\/\/www.dw.com\/es\/papa-le\u00f3n-xiv\/t-72484173\" rel=\"nofollow noopener\" target=\"_blank\">Le\u00f3n XIV<\/a> visita <a class=\"internal-link\" href=\"https:\/\/www.dw.com\/es\/turqu\u00eda\/t-17410467\" rel=\"nofollow noopener\" target=\"_blank\">Turqu\u00eda<\/a> y viajar\u00e1 en helic\u00f3ptero el viernes 28 de noviembre desde Estambul a Iznik. En la antig\u00fcedad, esta ciudad de 40 000 habitantes se llamaba Nicea.<\/p>\n<p>En ella se celebr\u00f3\u00a0en el\u00a0a\u00f1o 325 un\u00a0importante encuentro eclesi\u00e1stico en el seno del <a class=\"internal-link\" href=\"https:\/\/www.dw.com\/es\/el-cristianismo-se-convierte-en-religi\u00f3n-del-estado-en-el-imperio-romano\/a-4298473\" rel=\"nofollow noopener\" target=\"_blank\">Imperio Romano<\/a>, bajo el emperador Constantino. Aquella cumbre est\u00e1 considerada como una etapa crucial en el desarrollo de la Iglesia, que defini\u00f3 aspectos esenciales de la fe cristiana actual. 1700 a\u00f1os despu\u00e9s, cristianos de todo el mundo a\u00fan recitan aquel Credo formulado por unos 200 obispos.<\/p>\n<p>Concilio antes de los cismas<\/p>\n<p>En Nicea, los cristianos estaban unidos. <a class=\"internal-link\" href=\"https:\/\/www.dw.com\/es\/le\u00f3n-xiv-y-carlos-iii-protagonizan-un-rezo-hist\u00f3rico-por-la-unidad-cristiana\/a-74476715\" rel=\"nofollow noopener\" target=\"_blank\">Los diversos cismas<\/a> dentro de las iglesias tuvieron lugar\u00a0m\u00e1s tarde, en diferentes etapas de la historia de la iglesia. \u00abNicea fue el \u00fanico concilio, es decir, la \u00fanica asamblea, que reuni\u00f3 pr\u00e1cticamente a todas las autoridades relevantes de la iglesia antigua en aquel momento, bajo el liderazgo del emperador\u00bb, explica a DW Christian Stoll, te\u00f3logo cat\u00f3lico de Paderborn y asesor del <a class=\"internal-link\" href=\"https:\/\/www.dw.com\/es\/vaticano\/t-17410629\" rel=\"nofollow noopener\" target=\"_blank\">Vaticano<\/a> en asuntos ecum\u00e9nicos.<\/p>\n<p>El Concilio de Nicea aclar\u00f3 dos puntos fundamentales de controversia. En primer lugar, tras un largo debate, los participantes acordaron una fecha com\u00fan para la Pascua, para que todos los cristianos del mundo\u00a0celebren en los\u00a0mismos d\u00edas\u00a0esa\u00a0festividad.<\/p>\n<p>\u00bfQui\u00e9n fue Jes\u00fas de Nazaret?<\/p>\n<p>Adem\u00e1s, los participantes del Concilio llegaron a un acuerdo sobre c\u00f3mo deb\u00eda entenderse la persona de Jes\u00fas de Nazaret. \u00abIncluso el Nuevo Testamento presenta diferentes puntos de vista al respecto\u00bb, afirma Stoll, por lo que hubo \u00abvarias controversias teol\u00f3gicas\u00bb en el mundo antiguo sobre este punto.<\/p>\n<p>\u00abEn Nicea, se acord\u00f3 que Cristo puede ser llamado Dios\u00bb, prosigue Stoll. Esto a\u00fan lo sostienen todas las denominaciones cristianas hoy en d\u00eda. El Credo de Nicea afirma que Jesucristo es\u00a0\u00abDios verdadero de Dios verdadero, engendrado, no creado, de la misma naturaleza que el Padre&#8230;\u00bb.\u00a0<\/p>\n<p>\u00abEl aniversario ha tenido una repercusi\u00f3n sorprendentemente fuerte en el mundo acad\u00e9mico y en las iglesias\u00bb, reflexiona Stoll.\u00a0En la mayor\u00eda de las di\u00f3cesis alemanas, as\u00ed como a nivel internacional,\u00a0se han celebrado conferencias y debates sobre la importancia del Concilio de Nicea.<\/p>\n<p>Stoll asegura que ha sido \u00abconmovedor\u00bb observar c\u00f3mo en muchos eventos ecum\u00e9nicos de este a\u00f1o \u00abcristianos de tradiciones muy diferentes profesan juntos esta fe compartida\u00bb. Para Stoll, esto es \u00abun signo de unidad y compa\u00f1erismo\u00bb, algo que \u00ablas sociedades sacudidas por la polarizaci\u00f3n y el conflicto sin duda necesitan\u00bb.<\/p>\n<p>Al frente de la Iglesia cat\u00f3lica, el papa Francisco trabaj\u00f3 durante a\u00f1os por la conmemoraci\u00f3n conjunta de los acontecimientos del a\u00f1o 325. La unidad de los cristianos era una preocupaci\u00f3n muy importante para el pont\u00edfice y el papa Le\u00f3n XVI ha retomado el tema. En mayo, se reuni\u00f3 con el patriarca Bartolom\u00e9 I y volver\u00e1 a verlo en varias ocasiones durante su visita de tres d\u00edas a Turqu\u00eda, tanto en Iznik como en Estambul.<\/p>\n<p><img data-format=\"MASTER_LANDSCAPE\" data-id=\"72621435\" data-url=\"https:\/\/static.dw.com\/image\/72621435_${formatId}.jpg\" data-aspect-ratio=\"16\/9\" alt=\"Le\u00f3n XIV y el patriarca Bartolom\u00e9 se saludan rodeados de eclesi\u00e1sticos.\" style=\"padding-bottom: 56.25%; height: 0; max-height: 0;\"\/>19 de mayo de 2025: encuentro de Le\u00f3n XIV con el patriarca ortodoxo Bartolom\u00e9 I.Imagen: Vatikan Media\/AFP<\/p>\n<p>El te\u00f3logo Stoll afirma que el Papa Le\u00f3n XIV ya enfatiz\u00f3 la importancia de la unidad cristiana y el fundamento com\u00fan de la fe cristiana en su lema\u00a0\u00abin illo uno unum\u00bb (en ese uno somos uno). \u00abEl Papa\u00a0lleva consigo este mensaje al viajar\u00a0a la sede del Concilio de Nicea\u00bb, afirma Stoll. Sin duda, lo renovar\u00e1 all\u00ed.<\/p>\n<p>El propio Le\u00f3n XIV ha subrayado\u00a0la importancia que concede a la parada en Iznik, con una acci\u00f3n inusual apenas unos d\u00edas antes del viaje: dedic\u00f3 una carta apost\u00f3lica aparte al 1700 aniversario del Concilio. En ella, enfatiza el testimonio compartido de los cristianos. \u00abLo que nos une es en realidad mucho m\u00e1s que lo que nos divide\u00bb, afirma el pont\u00edfice.\u00a0<\/p>\n<p>Y prosigue diciendo que el Credo de Nicea del a\u00f1o 325 puede ser la base para lograr la unidad y la reconciliaci\u00f3n entre todos los cristianos, ya que \u00abpropone un modelo de verdadera unidad en la leg\u00edtima diversidad\u00bb. Seg\u00fan Le\u00f3n XIV, de lo que se trata hoy es de alcanzar un \u00abfuturo ecumenismo de reconciliaci\u00f3n por la v\u00eda del di\u00e1logo\u00bb.<\/p>\n<p>Reflexiones sobre el papado<\/p>\n<p>Poco antes de la visita papal, el cardenal Kurt Koch, responsable del ecumenismo en la curia, coment\u00f3\u00a0en una entrevista con la Agencia Cat\u00f3lica de Noticias que\u00a0el\u00a0encuentro de Le\u00f3n XIV con el patriarca Bartolom\u00e9 I\u00a0puede suscitar nuevos debates sobre una nueva comprensi\u00f3n del papado, que se entender\u00eda ecum\u00e9nicamente \u00abcomo un servicio a la unidad\u00bb.<\/p>\n<p>Aun as\u00ed, a pesar de todos los elogios por la reuni\u00f3n con el patriarca ortodoxo\u00a0en Iznik con Bartolom\u00e9 I y la\u00a0presencia de representantes de otras iglesias, desde hace a\u00f1os el di\u00e1logo entre el Vaticano y la Iglesia ortodoxa rusa, si no se ha interrumpido, al menos pr\u00e1cticamente ha dejado de existir.<\/p>\n<p>Como aliado cercano del presidente ruso, Vlad\u00edmir Putin, <a class=\"internal-link\" href=\"https:\/\/www.dw.com\/es\/el-patriarca-kirill-la-excusa-de-hungr\u00eda-para-bloquear-sanciones-a-rusia\/a-62006019\" rel=\"nofollow noopener\" target=\"_blank\">el patriarca\u00a0ruso Kiril\u00a0<\/a>aprueba decididamente\u00a0la guerra\u00a0de Putin en Ucrania. Actualmente, <a class=\"internal-link\" href=\"https:\/\/www.dw.com\/es\/papa-pide-al-patriarca-ortodoxo-ruso-defender-la-paz-en-ucrania\/a-61581434\" rel=\"nofollow noopener\" target=\"_blank\">el patriarca de Mosc\u00fa<\/a> muestra poco inter\u00e9s en el ecumenismo.<\/p>\n<p>(ms\/el)<\/p>\n<p>\u00a0<\/p>\n<p>\u00a0<\/p>\n","protected":false},"excerpt":{"rendered":"En 2025 se conmemoran 1700 a\u00f1os\u00a0del Concilio de Nicea.\u00a0Para la celebraci\u00f3n principal, el papa Le\u00f3n XIV visita Turqu\u00eda&hellip;\n","protected":false},"author":2,"featured_media":260562,"comment_status":"","ping_status":"","sticky":false,"template":"","format":"standard","meta":{"footnotes":""},"categories":[42],"tags":[17,18,13,14,11,61,62,63,64,19,20,9,10,15,16,12,21,22,65,66,67],"class_list":{"0":"post-260561","1":"post","2":"type-post","3":"status-publish","4":"format-standard","5":"has-post-thumbnail","7":"category-internacional","8":"tag-breaking-news","9":"tag-breakingnews","10":"tag-featured-news","11":"tag-featurednews","12":"tag-headlines","13":"tag-internacional","14":"tag-international","15":"tag-international-news","16":"tag-internationalnews","17":"tag-latest-news","18":"tag-latestnews","19":"tag-news","20":"tag-noticias","21":"tag-noticias-destacadas","22":"tag-noticiasdestacadas","23":"tag-titulares","24":"tag-ultimas-noticias","25":"tag-ultimasnoticias","26":"tag-world","27":"tag-world-news","28":"tag-worldnews"},"share_on_mastodon":{"url":"https:\/\/pubeurope.com\/@es\/115628173268741228","error":""},"_links":{"self":[{"href":"https:\/\/www.europesays.com\/es\/wp-json\/wp\/v2\/posts\/260561","targetHints":{"allow":["GET"]}}],"collection":[{"href":"https:\/\/www.europesays.com\/es\/wp-json\/wp\/v2\/posts"}],"about":[{"href":"https:\/\/www.europesays.com\/es\/wp-json\/wp\/v2\/types\/post"}],"author":[{"embeddable":true,"href":"https:\/\/www.europesays.com\/es\/wp-json\/wp\/v2\/users\/2"}],"replies":[{"embeddable":true,"href":"https:\/\/www.europesays.com\/es\/wp-json\/wp\/v2\/comments?post=260561"}],"version-history":[{"count":0,"href":"https:\/\/www.europesays.com\/es\/wp-json\/wp\/v2\/posts\/260561\/revisions"}],"wp:featuredmedia":[{"embeddable":true,"href":"https:\/\/www.europesays.com\/es\/wp-json\/wp\/v2\/media\/260562"}],"wp:attachment":[{"href":"https:\/\/www.europesays.com\/es\/wp-json\/wp\/v2\/media?parent=260561"}],"wp:term":[{"taxonomy":"category","embeddable":true,"href":"https:\/\/www.europesays.com\/es\/wp-json\/wp\/v2\/categories?post=260561"},{"taxonomy":"post_tag","embeddable":true,"href":"https:\/\/www.europesays.com\/es\/wp-json\/wp\/v2\/tags?post=260561"}],"curies":[{"name":"wp","href":"https:\/\/api.w.org\/{rel}","templated":true}]}}