{"id":260567,"date":"2025-11-28T16:10:10","date_gmt":"2025-11-28T16:10:10","guid":{"rendered":"https:\/\/www.europesays.com\/es\/260567\/"},"modified":"2025-11-28T16:10:10","modified_gmt":"2025-11-28T16:10:10","slug":"martin-landaluce-se-clasifica-para-disputar-las-next-gen-atp-finals","status":"publish","type":"post","link":"https:\/\/www.europesays.com\/es\/260567\/","title":{"rendered":"Martin Landaluce se clasifica para disputar las Next Gen ATP Finals"},"content":{"rendered":"<p data-mrf-recirculation=\"Links P\u00e1rrafos\" class=\"ue-c-article__paragraph paragraph xai-icon-container ue-c-article--first-letter-highlighted\">El tenista espa\u00f1ol Mart\u00edn <strong>Landaluce ha logrado la clasificaci\u00f3n para las Next Gen ATP Finals 2025<\/strong>, que re\u00fane a los ocho mejores tenistas menores de 20 a\u00f1os de la temporada entre el 17 y el 21 de diciembre en Yeda.<\/p>\n<p data-mrf-recirculation=\"Links P\u00e1rrafos\" class=\"ue-c-article__paragraph paragraph xai-icon-container\"><strong>Tras quedarse a las puertas de la clasificaci\u00f3n en 2024, el madrile\u00f1o har\u00e1 su debut oficial en torneo de j\u00f3venes maestros.<\/strong> Landaluce, de 19 a\u00f1os, llega a la cita tras una temporada en la que conquist\u00f3 el Challenger de Orl\u00e9ans (Francia), fue semifinalista en Olbia (Italia), super\u00f3 la fase previa del Abierto de Australia y alcanz\u00f3 la segunda ronda del Masters 1.000 de Cincinnati (EE.UU.).<\/p>\n<p data-mrf-recirculation=\"Links P\u00e1rrafos\" class=\"ue-c-article__paragraph paragraph xai-icon-container\">En el tramo final del a\u00f1o accedi\u00f3 a las semifinales tanto en el Challenger de Canberra \u2014el primero de 2025\u2014 como en el de Villena, el \u00faltimo disputado.<\/p>\n<p data-mrf-recirculation=\"Links P\u00e1rrafos\" class=\"ue-c-article__paragraph paragraph xai-icon-container\"><strong>Entre los campeones de las Next Gen ATP Finals se encuentran Jannik Sinner y Carlos Alcaraz,<\/strong> y para esta edici\u00f3n ya tienen un billete para Yeda Jakub Mensik, Learner Tien, Alexander Blockx, Dino Prizmic y el propio Landaluce.<\/p>\n","protected":false},"excerpt":{"rendered":"El tenista espa\u00f1ol Mart\u00edn Landaluce ha logrado la clasificaci\u00f3n para las Next Gen ATP Finals 2025, que re\u00fane&hellip;\n","protected":false},"author":2,"featured_media":260568,"comment_status":"","ping_status":"","sticky":false,"template":"","format":"standard","meta":{"footnotes":""},"categories":[274],"tags":[168,25,24,23,167,327,326],"class_list":{"0":"post-260567","1":"post","2":"type-post","3":"status-publish","4":"format-standard","5":"has-post-thumbnail","7":"category-tenis","8":"tag-deportes","9":"tag-es","10":"tag-espana","11":"tag-spain","12":"tag-sports","13":"tag-tenis","14":"tag-tennis"},"share_on_mastodon":{"url":"https:\/\/pubeurope.com\/@es\/115628200849419647","error":""},"_links":{"self":[{"href":"https:\/\/www.europesays.com\/es\/wp-json\/wp\/v2\/posts\/260567","targetHints":{"allow":["GET"]}}],"collection":[{"href":"https:\/\/www.europesays.com\/es\/wp-json\/wp\/v2\/posts"}],"about":[{"href":"https:\/\/www.europesays.com\/es\/wp-json\/wp\/v2\/types\/post"}],"author":[{"embeddable":true,"href":"https:\/\/www.europesays.com\/es\/wp-json\/wp\/v2\/users\/2"}],"replies":[{"embeddable":true,"href":"https:\/\/www.europesays.com\/es\/wp-json\/wp\/v2\/comments?post=260567"}],"version-history":[{"count":0,"href":"https:\/\/www.europesays.com\/es\/wp-json\/wp\/v2\/posts\/260567\/revisions"}],"wp:featuredmedia":[{"embeddable":true,"href":"https:\/\/www.europesays.com\/es\/wp-json\/wp\/v2\/media\/260568"}],"wp:attachment":[{"href":"https:\/\/www.europesays.com\/es\/wp-json\/wp\/v2\/media?parent=260567"}],"wp:term":[{"taxonomy":"category","embeddable":true,"href":"https:\/\/www.europesays.com\/es\/wp-json\/wp\/v2\/categories?post=260567"},{"taxonomy":"post_tag","embeddable":true,"href":"https:\/\/www.europesays.com\/es\/wp-json\/wp\/v2\/tags?post=260567"}],"curies":[{"name":"wp","href":"https:\/\/api.w.org\/{rel}","templated":true}]}}