{"id":260569,"date":"2025-11-28T16:11:12","date_gmt":"2025-11-28T16:11:12","guid":{"rendered":"https:\/\/www.europesays.com\/es\/260569\/"},"modified":"2025-11-28T16:11:12","modified_gmt":"2025-11-28T16:11:12","slug":"walter-vargas-y-diana-penuela-ganan-la-contrarreloj-de-ciclismo-de-los-juegos-bolivarianos-esciclismo","status":"publish","type":"post","link":"https:\/\/www.europesays.com\/es\/260569\/","title":{"rendered":"Walter Vargas y Diana Pe\u00f1uela ganan la contrarreloj de ciclismo de los Juegos Bolivarianos &#8211; Esciclismo"},"content":{"rendered":"<ol>\n<li><a href=\"https:\/\/news.google.com\/rss\/articles\/CBMiakFVX3lxTE9JekNCLTdyX1UzTWtpZE8xRHNrTW00WW1wVnRCLXRubFFPQUZ0OWFRU3FzT2taTUNjQ1NPSDZyVGx6djh6QVRWNDFJeDJsRW5BclZucWx0aFVyUDdUclFBOEY1TXBZM2JGWUE?oc=5\" target=\"_blank\" rel=\"nofollow noopener\">Walter Vargas y Diana Pe\u00f1uela ganan la contrarreloj de ciclismo de los Juegos Bolivarianos<\/a>&nbsp;&nbsp;Esciclismo<\/li>\n<li><a href=\"https:\/\/news.google.com\/rss\/articles\/CBMiiAFBVV95cUxOWTdXbUtwVjJMcWE2SDlVbHVlUk5BOHAzTnRFUlRzSmVRVk9YVklrYjh1ZUItM2xnZ25sLW50dEFMN2xRNmNFMlVGRHZOQ0xMYjBZY3JfMXFQRnBnTVJlWVl3UFNZS09QdXE1UlNpT1A2Qld4SEE1US1SU0lCZGwyX3plWEMwM3h3?oc=5\" target=\"_blank\" rel=\"nofollow noopener\">Al cierre de las competencias de este mi\u00e9rcoles 26 de noviembre Colombia alcanz\u00f3 los 49 oros y se despega en el medallero general de los XX Juegos Bolivarianos Ayacucho \u2013 Lima 2025.<\/a>&nbsp;&nbsp;facebook.com<\/li>\n<li><a href=\"https:\/\/news.google.com\/rss\/articles\/CBMiowFBVV95cUxPZ0M2T0Y1bG5oNVJxR1hVVzVCRzdXMTdwdUNmb2ljYkRfUzdTZGRwQ3J3UFEwSC1WcEJ4ZE15NDNncTNOU3hUandEckVXYlY5TUpIaklXMy1oTHFFb2RiWXlyX1dSWmtzWEdPMUlZbmppdVRVQTJKMVJMWTJ1Q0luem5Gby1vX29OYUNCYW1TX3NXOHBsVGJzN1NwSWhLN0ZvTFA4?oc=5\" target=\"_blank\" rel=\"nofollow noopener\">Colombia vol\u00f3 contra el reloj y se adue\u00f1\u00f3 de la crono de ciclismo de ruta<\/a>&nbsp;&nbsp;Comit\u00e9 Ol\u00edmpico Colombiano<\/li>\n<li><a href=\"https:\/\/news.google.com\/rss\/articles\/CBMivwFBVV95cUxQZTdRaDZoWTZVV3NMREw1VFIxUG1wUF9PSDM3NzZ6M045U3V1WWxmSUN6bjR1NFBWUWRxWmRsQi1ONE9MT0dfajcxbzBVNWZxLUZRc3VkSTZ5bjZFQ2FyUVU0ZTZHNjVsUV91MjJITGxxSnlMU2xWUlI4UlZjNXFjNUdkWVhybmF4WVdJaFl2dlh6aVNRS09rQ0hGaXJhNmlnNm1wNE1lZmYzcHpQejllQ1NKelJub2p3b0NPSHJDYw?oc=5\" target=\"_blank\" rel=\"nofollow noopener\">Diana Pe\u00f1uela se cuelga la medalla de oro en la contrarreloj individual de los XX Juegos Bolivarianos<\/a>&nbsp;&nbsp;La Patria<\/li>\n<li><a href=\"https:\/\/news.google.com\/rss\/articles\/CBMisgFBVV95cUxOdVRLMXpKZzMyWldGZ2JvSXlDZEEtOHNSNElLRjl5azNHdUNTc0U4S0x0WXptZUczRnNPOGM1emZpMEdXZ3NKUHk3WHI3aGVsRkxwSnlJb0NRd0V4WC1TYjFvVlpSd1ZYS0hrTmdkRnlKZXV6b1ZqQmRXcG1HYkFZMjBaUEZOWlZPWGJUZDZvdHVCRlREeHhfOXQ2cE1OMXl2TTBrSEtoMHdHb0JkNDVmbkNR0gG3AUFVX3lxTE05NWJ4QXRPbGFwWGFNMHJOS0JoVUwwM0ZFdEdzalpzWTdLblZqTWFjTHNDZEZCU1otbjhRYW42QzNLdmluenVUZjhsaXFiVUxVUGVoY3F3T3ZuczFycGIzM0QySXBaaVpDcUVKSHVoTnhzdVptcGNaUkZOcnB6Mldzbk11SEdudFk4cE1RMDRxbmdkT0Z3VTdZOTExbzdoNkhvSEltR3VFVURpVGo0cXphRDBSejBKQQ?oc=5\" target=\"_blank\" rel=\"nofollow noopener\">Walter Vargas y Diana Pe\u00f1uela ganaron oro en los Juegos Bolivarianos<\/a>&nbsp;&nbsp;Antena 2<\/li>\n<\/ol>\n","protected":false},"excerpt":{"rendered":"Walter Vargas y Diana Pe\u00f1uela ganan la contrarreloj de ciclismo de los Juegos Bolivarianos&nbsp;&nbsp;Esciclismo Al cierre de las&hellip;\n","protected":false},"author":2,"featured_media":260570,"comment_status":"","ping_status":"","sticky":false,"template":"","format":"standard","meta":{"footnotes":""},"categories":[273],"tags":[10114,14234,313,4623,312,168,8401,25,24,4417,23,167,1362,29864],"class_list":{"0":"post-260569","1":"post","2":"type-post","3":"status-publish","4":"format-standard","5":"has-post-thumbnail","7":"category-ciclismo","8":"tag-alejandro","9":"tag-carolina","10":"tag-ciclismo","11":"tag-colombianos","12":"tag-cycling","13":"tag-deportes","14":"tag-diana","15":"tag-es","16":"tag-espana","17":"tag-los","18":"tag-spain","19":"tag-sports","20":"tag-vargas","21":"tag-walter"},"share_on_mastodon":{"url":"https:\/\/pubeurope.com\/@es\/115628204561668958","error":""},"_links":{"self":[{"href":"https:\/\/www.europesays.com\/es\/wp-json\/wp\/v2\/posts\/260569","targetHints":{"allow":["GET"]}}],"collection":[{"href":"https:\/\/www.europesays.com\/es\/wp-json\/wp\/v2\/posts"}],"about":[{"href":"https:\/\/www.europesays.com\/es\/wp-json\/wp\/v2\/types\/post"}],"author":[{"embeddable":true,"href":"https:\/\/www.europesays.com\/es\/wp-json\/wp\/v2\/users\/2"}],"replies":[{"embeddable":true,"href":"https:\/\/www.europesays.com\/es\/wp-json\/wp\/v2\/comments?post=260569"}],"version-history":[{"count":0,"href":"https:\/\/www.europesays.com\/es\/wp-json\/wp\/v2\/posts\/260569\/revisions"}],"wp:featuredmedia":[{"embeddable":true,"href":"https:\/\/www.europesays.com\/es\/wp-json\/wp\/v2\/media\/260570"}],"wp:attachment":[{"href":"https:\/\/www.europesays.com\/es\/wp-json\/wp\/v2\/media?parent=260569"}],"wp:term":[{"taxonomy":"category","embeddable":true,"href":"https:\/\/www.europesays.com\/es\/wp-json\/wp\/v2\/categories?post=260569"},{"taxonomy":"post_tag","embeddable":true,"href":"https:\/\/www.europesays.com\/es\/wp-json\/wp\/v2\/tags?post=260569"}],"curies":[{"name":"wp","href":"https:\/\/api.w.org\/{rel}","templated":true}]}}