{"id":260571,"date":"2025-11-28T16:13:10","date_gmt":"2025-11-28T16:13:10","guid":{"rendered":"https:\/\/www.europesays.com\/es\/260571\/"},"modified":"2025-11-28T16:13:10","modified_gmt":"2025-11-28T16:13:10","slug":"obradovic-se-planta-no-quiere-seguir-en-el-partizan","status":"publish","type":"post","link":"https:\/\/www.europesays.com\/es\/260571\/","title":{"rendered":"Obradovic se planta: no quiere seguir en el Partiz\u00e1n"},"content":{"rendered":"<p class=\"\">Parece que no hay marcha atr\u00e1s en la decisi\u00f3n que <b>Zeljko Obradovic<\/b> (65 a\u00f1os) tom\u00f3 el pasado mi\u00e9rcoles. El t\u00e9cnico present\u00f3 ese d\u00eda su renuncia tras perder ante el <b>Panathinaikos <\/b>por 22 puntos (91-69). Un d\u00eda despu\u00e9s, <b>el club rechaz\u00f3 su dimisi\u00f3n<\/b> antes de que centenares de aficionados coparan el aeropuerto de Belgrado para recibir al t\u00e9cnico, que aterriz\u00f3 el jueves all\u00ed tras alargar un poco m\u00e1s su estancia en <b>Atenas<\/b>. <\/p>\n<p class=\"\">Entrenador y club se hab\u00edan citado este viernes para hablar sobre el asunto, pero seg\u00fan publica el medio serbio Sportal, no ha habido acuerdo (Obradovic ya hab\u00eda avisado de que su dimisi\u00f3n era \u201cirrevocable\u201d) y, en las pr\u00f3ximas horas, el Partiz\u00e1n deber\u00edan <b>anunciar de forma oficia<\/b>l la marcha de Obradovic, que aterriz\u00f3 en el equipo en 2021 con un contrato por tres temporadas, que posteriormente ampli\u00f3 hasta 2026. Por lo tanto, \u00e9sta era su \u00faltima temporada en plantilla.<\/p>\n<p class=\"\">Aunque el equipo se qued\u00f3 a las puertas de la<b> Final Four en 2023<\/b> (perdi\u00f3 una renta de 0-2 ante el Real Madrid en aquella serie marcada por la tangana en el Palacio), el Partiz\u00e1n no ha vuelto a disputar <b>el playoff<\/b> desde entonces (11\u00ba en 2024 y 12\u00ba el curso pasado) y su marcha esta temporada tampoco estaba siendo la mejor: <b>va 4-9<\/b>, pero ha perdido<b> siete de los \u00faltimos ocho<\/b> partidos.<\/p>\n<p>Noticias relacionadas<\/p>\n<p class=\"\">Obradovic es el t\u00e9cnico m\u00e1s laureado de la Euroliga. En su primera etapa con el Partiz\u00e1n levant\u00f3 la <b>Copa de Europa de 1992<\/b> y despu\u00e9s lo har\u00eda tambi\u00e9n con el <b>Joventut <\/b>(1994), el <b>Real Madrid<\/b> (1995), el <b>Panathinaikos <\/b>(2000, 2002, 2007, 2009 y 2011) y la \u00faltima de ellas con el <b>Fenerbah\u00e7e <\/b>(2017), su \u00faltimo club antes de su llegada, de nuevo, al Partiz\u00e1n.<\/p>\n<p class=\"\"><b>\u00a1Tus opiniones importan!<\/b> Comenta en los art\u00edculos y suscr\u00edbete gratis a nuestra <a href=\"https:\/\/asfan.as.com\/newsletters\/\" target=\"_blank\" rel=\"nofollow noopener\" title=\"https:\/\/asfan.as.com\/newsletters\/\">newsletter<\/a> y a las alertas informativas en la <a href=\"https:\/\/as.com\/aplicacion-de-as-n\/\" target=\"_blank\" rel=\"nofollow noopener\" title=\"https:\/\/as.com\/aplicacion-de-as-n\/\">App<\/a> o el canal de <a href=\"https:\/\/www.whatsapp.com\/channel\/0029VaAasdA7j6g745nz9M10\" target=\"_blank\" rel=\"nofollow noopener\" title=\"https:\/\/www.whatsapp.com\/channel\/0029VaAasdA7j6g745nz9M10\">WhatsApp<\/a>. \u00bfBuscas licenciar contenido? Haz clic <a href=\"https:\/\/profesional.elpais.com\/soluciones-sindicacion?utm_medium=interno&amp;utm_source=crosslinking&amp;utm_campaign=sindicacion_as_pie_articulos\" target=\"_blank\" rel=\"nofollow noopener\" title=\"https:\/\/profesional.elpais.com\/soluciones-sindicacion?utm_medium=interno&amp;utm_source=crosslinking&amp;utm_campaign=sindicacion_as_pie_articulos\">aqu\u00ed<\/a><\/p>\n","protected":false},"excerpt":{"rendered":"Parece que no hay marcha atr\u00e1s en la decisi\u00f3n que Zeljko Obradovic (65 a\u00f1os) tom\u00f3 el pasado mi\u00e9rcoles.&hellip;\n","protected":false},"author":2,"featured_media":260572,"comment_status":"","ping_status":"","sticky":false,"template":"","format":"standard","meta":{"footnotes":""},"categories":[269],"tags":[299,298,168,25,24,23,167],"class_list":{"0":"post-260571","1":"post","2":"type-post","3":"status-publish","4":"format-standard","5":"has-post-thumbnail","7":"category-baloncesto","8":"tag-baloncesto","9":"tag-basketball","10":"tag-deportes","11":"tag-es","12":"tag-espana","13":"tag-spain","14":"tag-sports"},"share_on_mastodon":{"url":"https:\/\/pubeurope.com\/@es\/115628212593954436","error":""},"_links":{"self":[{"href":"https:\/\/www.europesays.com\/es\/wp-json\/wp\/v2\/posts\/260571","targetHints":{"allow":["GET"]}}],"collection":[{"href":"https:\/\/www.europesays.com\/es\/wp-json\/wp\/v2\/posts"}],"about":[{"href":"https:\/\/www.europesays.com\/es\/wp-json\/wp\/v2\/types\/post"}],"author":[{"embeddable":true,"href":"https:\/\/www.europesays.com\/es\/wp-json\/wp\/v2\/users\/2"}],"replies":[{"embeddable":true,"href":"https:\/\/www.europesays.com\/es\/wp-json\/wp\/v2\/comments?post=260571"}],"version-history":[{"count":0,"href":"https:\/\/www.europesays.com\/es\/wp-json\/wp\/v2\/posts\/260571\/revisions"}],"wp:featuredmedia":[{"embeddable":true,"href":"https:\/\/www.europesays.com\/es\/wp-json\/wp\/v2\/media\/260572"}],"wp:attachment":[{"href":"https:\/\/www.europesays.com\/es\/wp-json\/wp\/v2\/media?parent=260571"}],"wp:term":[{"taxonomy":"category","embeddable":true,"href":"https:\/\/www.europesays.com\/es\/wp-json\/wp\/v2\/categories?post=260571"},{"taxonomy":"post_tag","embeddable":true,"href":"https:\/\/www.europesays.com\/es\/wp-json\/wp\/v2\/tags?post=260571"}],"curies":[{"name":"wp","href":"https:\/\/api.w.org\/{rel}","templated":true}]}}