{"id":260576,"date":"2025-11-28T16:16:21","date_gmt":"2025-11-28T16:16:21","guid":{"rendered":"https:\/\/www.europesays.com\/es\/260576\/"},"modified":"2025-11-28T16:16:21","modified_gmt":"2025-11-28T16:16:21","slug":"la-nueva-flor-de-hierro-que-habita-ya-en-los-herran","status":"publish","type":"post","link":"https:\/\/www.europesays.com\/es\/260576\/","title":{"rendered":"La nueva &#8216;Flor&#8217; de hierro que habita ya en Los Herr\u00e1n"},"content":{"rendered":"<p>Una nueva especie habita en Los Herr\u00e1n. Se trata de <strong>Lorea<\/strong>,\u00a0la emblem\u00e1tica escultura de\u00a0<strong>Ricardo Ugarte<\/strong> construida en 1973<strong>.\u00a0<\/strong>La colocaci\u00f3n de esta obra forma parte del convenio entre Artium y Ayuntamiento para convertir el <strong>eje Montehermoso\u2013Artium Museoa\u2013Los Herr\u00e1n en un corredor cultural abierto<\/strong>.<\/p>\n<p>La obra\u00a0Lorea, realizada en hierro pintado en naranja, recibi\u00f3 Menci\u00f3n de Honor en la IV Bienal de Escultura de Zaragoza y fue adquirida por la Diputaci\u00f3n Foral de \u00c1lava. Es una composici\u00f3n de m\u00f3dulos c\u00fabicos huecos que evocan la estructura de un \u00e1rbol o una flor, una de las constantes formales de Ugarte. Su instalaci\u00f3n en Los Herr\u00e1n permitir\u00e1 que la ciudadan\u00eda redescubra esta pieza hist\u00f3rica en un entorno totalmente renovado.<\/p>\n<p>\t\t\t\t\t\t\tPUBLICIDAD &#8211; SIGUE LEYENDO ABAJO<br \/>\n\t\t\t\t\t\t\t<a rel=\"noreferrer nofollow noopener\" href=\"https:\/\/www.ecoisola.es\/\" target=\"_blank\"><br \/>\n\t\t\t\t\t\t\t\t<img decoding=\"async\" width=\"400px\" height=\"400px\" layout=\"responsive\" data-category=\"banner-ecoisola\" id=\"segundoparr\" class=\"banclick\" src=\"https:\/\/www.europesays.com\/es\/wp-content\/uploads\/2025\/11\/publicidad-segundo-parrafo-62.gif\"\/><br \/>\n\t\t\t\t\t\t\t<\/a><\/p>\n<p>Lorea es una de las piezas m\u00e1s destacadas de la trayectoria de Ricardo Ugarte (Pasaia, 1942), escultor perteneciente a la Escuela Vasca de Escultura, reconocido tambi\u00e9n por su obra pict\u00f3rica, fotogr\u00e1fica y su poes\u00eda visual. Su trabajo forma parte de colecciones como el Museo Reina Sof\u00eda, Artium Museoa, el Museo San Telmo o el Museo de Arte Contempor\u00e1neo de Sevilla, y ha sido premiado internacionalmente.<\/p>\n<p><a href=\"https:\/\/www.europesays.com\/es\/wp-content\/uploads\/2025\/11\/lores-flor-loes-herran.jpg.webp.jpeg\"><img fetchpriority=\"high\" decoding=\"async\" class=\"aligncenter wp-image-276609 size-full\" title=\"lorea Ricardo Ugarte\" src=\"https:\/\/www.europesays.com\/es\/wp-content\/uploads\/2025\/11\/lores-flor-loes-herran.jpg.webp.jpeg\" alt=\"lorea Ricardo Ugarte\" width=\"719\" height=\"774\"  \/><\/a><\/p>\n<p>Nuevas obras<\/p>\n<p>A Lorea se unir\u00e1 en los pr\u00f3ximos meses Broca Kenkenes\u00a0de 1976, de Vicente Larrea, tambi\u00e9n perteneciente a Artium. Ambas piezas formar\u00e1n parte de un recorrido escult\u00f3rico que enlazar\u00e1 tambi\u00e9n con las obras de Irantzu Lekue y Miriam Isasi.<\/p>\n<p>\t\t\t\t\t\tPUBLICIDAD &#8211; SIGUE LEYENDO ABAJO<br \/>\n\t\t\t\t\t\t<a rel=\"noreferrer nofollow noopener\" href=\"https:\/\/www.hyundai.es\/concesionarios\/autolasa\/gama-hibrida-electrica\" target=\"_blank\"><br \/>\n\t\t\t\t\t\t\t<img decoding=\"async\" width=\"400px\" height=\"400px\" layout=\"responsive\" data-category=\"banner-Hyundai-autolasa\" id=\"quintoparr\" class=\"banclick\" src=\"https:\/\/www.europesays.com\/es\/wp-content\/uploads\/2025\/10\/publicidad-quinto-parrafo-33.gif\"\/><br \/>\n\t\t\t\t\t\t<\/a><\/p>\n<p>El convenio establece un reparto claro de tareas: <strong>Artium Museoa revisar\u00e1 el estado de conservaci\u00f3n de cada pieza<\/strong>, fijar\u00e1 los criterios t\u00e9cnicos de montaje y coordinar\u00e1 los traslados. Por su parte, el Ayuntamiento <strong>asumir\u00e1 los permisos necesarios<\/strong>, la seguridad de las obras durante la instalaci\u00f3n, los seguros frente a da\u00f1os o actos vand\u00e1licos y el mantenimiento de las zonas donde se ubiquen.<\/p>\n<p>La concejala de Espacio P\u00fablico y Barrios,\u00a0Beatriz Artolazabal, ha asegurado que\u00a0\u201cla gran transformaci\u00f3n de Los Herr\u00e1n no es solo urban\u00edstica: tambi\u00e9n es cultural. Queremos que este nuevo eje verde sea un\u00a0espacio vivo, con arte, con identidad\u00a0y con sentido de ciudad. Acercar una obra como\u00a0Lorea\u00a0al d\u00eda a d\u00eda de la ciudadan\u00eda es una forma de enriquecer el entorno y generar v\u00ednculos nuevos entre cultura y espacio p\u00fablico\u201d.<\/p>\n<p>\u00abNuestro compromiso es que la cultura no se quede \u00fanicamente dentro de los museos, sino que se abra y se viva en la calle. Queremos que el arte forme parte del d\u00eda a d\u00eda de la ciudadan\u00eda, que forme parte de los espacios urbanos. Su presencia en el espacio p\u00fablico es una manera de fortalecer ese v\u00ednculo colectivo con la cultura\u00bb, ha asegurado Ana del Val.<\/p>\n<p>\t\t\t\t\t\t\tPUBLICIDAD &#8211; SIGUE LEYENDO ABAJO<br \/>\n\t\t\t\t\t\t\t<a rel=\"noreferrer nofollow noopener\" href=\"https:\/\/www.bakh.es\/\" target=\"_blank\"><br \/>\n\t\t\t\t\t\t\t\t<img decoding=\"async\" width=\"400px\" height=\"400px\" layout=\"responsive\" data-category=\"banner-bakh\" id=\"novparr\" class=\"banclick\" src=\"https:\/\/www.europesays.com\/es\/wp-content\/uploads\/2025\/11\/publicidad-noveno-parrafo-66.jpg\"\/><br \/>\n\t\t\t\t\t\t\t<\/a><\/p>\n","protected":false},"excerpt":{"rendered":"Una nueva especie habita en Los Herr\u00e1n. Se trata de Lorea,\u00a0la emblem\u00e1tica escultura de\u00a0Ricardo Ugarte construida en 1973.\u00a0La&hellip;\n","protected":false},"author":2,"featured_media":260577,"comment_status":"","ping_status":"","sticky":false,"template":"","format":"standard","meta":{"footnotes":""},"categories":[173],"tags":[229,233,231,230,232,234,146,147,25,24,23],"class_list":{"0":"post-260576","1":"post","2":"type-post","3":"status-publish","4":"format-standard","5":"has-post-thumbnail","7":"category-arte-y-diseno","8":"tag-arte","9":"tag-arte-y-diseno","10":"tag-arts","11":"tag-arts-and-design","12":"tag-design","13":"tag-diseno","14":"tag-entertainment","15":"tag-entretenimiento","16":"tag-es","17":"tag-espana","18":"tag-spain"},"share_on_mastodon":{"url":"https:\/\/pubeurope.com\/@es\/115628224647096202","error":""},"_links":{"self":[{"href":"https:\/\/www.europesays.com\/es\/wp-json\/wp\/v2\/posts\/260576","targetHints":{"allow":["GET"]}}],"collection":[{"href":"https:\/\/www.europesays.com\/es\/wp-json\/wp\/v2\/posts"}],"about":[{"href":"https:\/\/www.europesays.com\/es\/wp-json\/wp\/v2\/types\/post"}],"author":[{"embeddable":true,"href":"https:\/\/www.europesays.com\/es\/wp-json\/wp\/v2\/users\/2"}],"replies":[{"embeddable":true,"href":"https:\/\/www.europesays.com\/es\/wp-json\/wp\/v2\/comments?post=260576"}],"version-history":[{"count":0,"href":"https:\/\/www.europesays.com\/es\/wp-json\/wp\/v2\/posts\/260576\/revisions"}],"wp:featuredmedia":[{"embeddable":true,"href":"https:\/\/www.europesays.com\/es\/wp-json\/wp\/v2\/media\/260577"}],"wp:attachment":[{"href":"https:\/\/www.europesays.com\/es\/wp-json\/wp\/v2\/media?parent=260576"}],"wp:term":[{"taxonomy":"category","embeddable":true,"href":"https:\/\/www.europesays.com\/es\/wp-json\/wp\/v2\/categories?post=260576"},{"taxonomy":"post_tag","embeddable":true,"href":"https:\/\/www.europesays.com\/es\/wp-json\/wp\/v2\/tags?post=260576"}],"curies":[{"name":"wp","href":"https:\/\/api.w.org\/{rel}","templated":true}]}}