{"id":260578,"date":"2025-11-28T16:18:13","date_gmt":"2025-11-28T16:18:13","guid":{"rendered":"https:\/\/www.europesays.com\/es\/260578\/"},"modified":"2025-11-28T16:18:13","modified_gmt":"2025-11-28T16:18:13","slug":"el-aclamado-tuit-de-jordi-cruz-el-bueno-sobre-el-veto-de-rtve-a-israel-en-eurovision-lo-importante-es-no-olvidar-quienes-somos","status":"publish","type":"post","link":"https:\/\/www.europesays.com\/es\/260578\/","title":{"rendered":"El aclamado tuit de Jordi Cruz (el bueno) sobre el veto de RTVE a Israel en Eurovisi\u00f3n: \u00abLo importante es no olvidar qui\u00e9nes somos\u00bb"},"content":{"rendered":"<p class=\"paragraph text-xl pb-7 w-full text-pretty [&amp;_a]:text-link-normal dark:[&amp;_a]:text-link-dark [&amp;_a]:decoration-1 [&amp;_a:hover]:underline [&amp;_a:hover]:text-link-hover [&amp;_a:hover]:decoration-2 [&amp;_b_a]:text-link-normal dark:[&amp;_b_a]:text-link-dark [&amp;_b_a]:decoration-1 [&amp;_b_a:hover]:underline [&amp;_b_a:hover]:text-link-hover desktop:leading-relaxed break-words font-serif\" data-original-text-size=\"text-xl\"><b>RTVE<\/b> ratificar\u00e1 ante la Uni\u00f3n Europea de Radiodifusi\u00f3n (UER) su <a href=\"https:\/\/www.publico.es\/sociedad\/rtve-ratificara-uer-participara-eurovision-2026-israel.html\" title=\"RTVE ratificar\u00e1 ante la UER que no participar\u00e1 en Eurovisi\u00f3n 2026 si lo hace Israel\" rel=\"nofollow noopener\" target=\"_blank\">determinaci\u00f3n de no participar en <b>Eurovisi\u00f3n 2026<\/b><\/a><b> <\/b>si se mantiene a la delegaci\u00f3n israel\u00ed en competici\u00f3n. Su presidente, <b>Jos\u00e9 Pablo L\u00f3pez<\/b>, ha argumentado la decisi\u00f3n por el <a href=\"https:\/\/www.publico.es\/tremending\/patada-eric-cantona-genocidio-gaza-llegado-momento-suspender-israel.html\" title=\"La &#039;patada&#039; de \u00c9ric Cantona contra el genocidio en Gaza: &quot;Ha llegado el momento de suspender a Israel&quot;\" rel=\"nofollow noopener\" target=\"_blank\">genocidio en <b>Gaza<\/b><\/a> y por \u00abel incumplimiento sistem\u00e1tico de Israel de las normas del propio concurso, ya que lo ha usado pol\u00edticamente\u00bb.\u00a0<\/p>\n<p class=\"paragraph text-xl pb-7 w-full text-pretty [&amp;_a]:text-link-normal dark:[&amp;_a]:text-link-dark [&amp;_a]:decoration-1 [&amp;_a:hover]:underline [&amp;_a:hover]:text-link-hover [&amp;_a:hover]:decoration-2 [&amp;_b_a]:text-link-normal dark:[&amp;_b_a]:text-link-dark [&amp;_b_a]:decoration-1 [&amp;_b_a:hover]:underline [&amp;_b_a:hover]:text-link-hover desktop:leading-relaxed break-words font-serif\" data-original-text-size=\"text-xl\">Un anuncio que llega en una semana en la que <b>Israel<\/b> ha seguido matando. Desde el alto el fuego anunciado el 20 de octubre ya <a href=\"https:\/\/www.publico.es\/internacional\/israel-asesina-tres-personas-ataques-norte-sur-gaza-pese-alto-fuego.html\" title=\"Israel asesina a tres personas en ataques en el norte y el sur de Gaza pese al alto el fuego\" rel=\"nofollow noopener\" target=\"_blank\">van m\u00e1s de 340 gazat\u00edes muertos<\/a>.\u00a0<\/p>\n<p class=\"paragraph text-xl pb-7 w-full text-pretty [&amp;_a]:text-link-normal dark:[&amp;_a]:text-link-dark [&amp;_a]:decoration-1 [&amp;_a:hover]:underline [&amp;_a:hover]:text-link-hover [&amp;_a:hover]:decoration-2 [&amp;_b_a]:text-link-normal dark:[&amp;_b_a]:text-link-dark [&amp;_b_a]:decoration-1 [&amp;_b_a:hover]:underline [&amp;_b_a:hover]:text-link-hover desktop:leading-relaxed break-words font-serif\" data-original-text-size=\"text-xl\">En las redes sociales el debate est\u00e1 activo y hay opiniones para todos los gustos. Este jueves un tuitero asegur\u00f3 que \u00absi nos vamos de Eurovisi\u00f3n nadie se va a acordar de nosotros\u00bb. La respuesta de <b>Jordi Cruz<\/b>\u00a0&#8216;<a href=\"https:\/\/www.publico.es\/tremending\/jordi-cruz-bueno-pasa-twitter-respuesta-iker-jimenez-sobre-ganador-eurovision.html\" title=\"Jordi Cruz (el bueno) se pasa Twitter con su respuesta a Iker Jim\u00e9nez sobre el ganador de Eurovisi\u00f3n\" rel=\"nofollow noopener\" target=\"_blank\">el bueno<\/a>&#8216; se ha convertido en uno de los virales de las \u00faltimas horas, con m\u00e1s de <b>10.000 &#8216;me gusta&#8217;<\/b>.\u00a0<\/p>\n<p class=\"paragraph text-xl pb-7 w-full text-pretty [&amp;_a]:text-link-normal dark:[&amp;_a]:text-link-dark [&amp;_a]:decoration-1 [&amp;_a:hover]:underline [&amp;_a:hover]:text-link-hover [&amp;_a:hover]:decoration-2 [&amp;_b_a]:text-link-normal dark:[&amp;_b_a]:text-link-dark [&amp;_b_a]:decoration-1 [&amp;_b_a:hover]:underline [&amp;_b_a:hover]:text-link-hover desktop:leading-relaxed break-words font-serif\" data-original-text-size=\"text-xl\">El presentador y m\u00edtico conductor de Art Attack asegur\u00f3: \u00abNo importa que no se acuerden de nosotros. Lo importante es no olvidar qui\u00e9nes somos\u00bb.\u00a0<\/p>\n<p class=\"paragraph text-xl pb-7 w-full text-pretty [&amp;_a]:text-link-normal dark:[&amp;_a]:text-link-dark [&amp;_a]:decoration-1 [&amp;_a:hover]:underline [&amp;_a:hover]:text-link-hover [&amp;_a:hover]:decoration-2 [&amp;_b_a]:text-link-normal dark:[&amp;_b_a]:text-link-dark [&amp;_b_a]:decoration-1 [&amp;_b_a:hover]:underline [&amp;_b_a:hover]:text-link-hover desktop:leading-relaxed break-words font-serif\" data-original-text-size=\"text-xl\">Los aplausos se cuentan por decenas.\u00a0<\/p>\n<p class=\"paragraph text-xl pb-7 w-full text-pretty [&amp;_a]:text-link-normal dark:[&amp;_a]:text-link-dark [&amp;_a]:decoration-1 [&amp;_a:hover]:underline [&amp;_a:hover]:text-link-hover [&amp;_a:hover]:decoration-2 [&amp;_b_a]:text-link-normal dark:[&amp;_b_a]:text-link-dark [&amp;_b_a]:decoration-1 [&amp;_b_a:hover]:underline [&amp;_b_a:hover]:text-link-hover desktop:leading-relaxed break-words font-serif\" data-original-text-size=\"text-xl\">Mientras, seguimos conociendo detalles de la barbarie, como que la ONG israel\u00ed que controlaba la ayuda en Gaza <a href=\"https:\/\/www.publico.es\/internacional\/ong-israeli-controlaba-ayuda-gaza-retira-aclarar-2-615-muertes-repartos-trampa.html\" title=\"La ONG israel\u00ed que controlaba la ayuda en Gaza se retira sin aclarar las 2.615 muertes en sus repartos &#039;trampa&#039;\" rel=\"nofollow noopener\" target=\"_blank\">se ha retirado sin aclarar las 2.615 muertes en sus repartos &#8216;trampa&#8217;<\/a>,\u00a0 en cifras del Ministerio de Salud palestino\u00a0<a href=\"https:\/\/healthcluster.who.int\/countries-and-regions\/occupied-palestinian-territory\" target=\"_blank\" rel=\"nofollow noreferrer noopener\" title=\"WHO- Occupied Palestinian territory\">contrastadas por la OMSM<\/a>.\u00a0Washington y Tel Aviv crearon la Fundaci\u00f3n Humanitaria de Gaza para asegurar un m\u00ednimo de asistencia, pero sus repartos se convirtieron en una ratonera para los palestinos.\u00a0\u00a0<\/p>\n","protected":false},"excerpt":{"rendered":"RTVE ratificar\u00e1 ante la Uni\u00f3n Europea de Radiodifusi\u00f3n (UER) su determinaci\u00f3n de no participar en Eurovisi\u00f3n 2026 si&hellip;\n","protected":false},"author":2,"featured_media":260579,"comment_status":"","ping_status":"","sticky":false,"template":"","format":"standard","meta":{"footnotes":""},"categories":[171],"tags":[12025,5133,7383,146,147,25,24,12833,23,38367,214],"class_list":{"0":"post-260578","1":"post","2":"type-post","3":"status-publish","4":"format-standard","5":"has-post-thumbnail","7":"category-tv","8":"tag-aclamado","9":"tag-bueno","10":"tag-cruz","11":"tag-entertainment","12":"tag-entretenimiento","13":"tag-es","14":"tag-espana","15":"tag-jordi","16":"tag-spain","17":"tag-tuit","18":"tag-tv"},"share_on_mastodon":{"url":"https:\/\/pubeurope.com\/@es\/115628232431047277","error":""},"_links":{"self":[{"href":"https:\/\/www.europesays.com\/es\/wp-json\/wp\/v2\/posts\/260578","targetHints":{"allow":["GET"]}}],"collection":[{"href":"https:\/\/www.europesays.com\/es\/wp-json\/wp\/v2\/posts"}],"about":[{"href":"https:\/\/www.europesays.com\/es\/wp-json\/wp\/v2\/types\/post"}],"author":[{"embeddable":true,"href":"https:\/\/www.europesays.com\/es\/wp-json\/wp\/v2\/users\/2"}],"replies":[{"embeddable":true,"href":"https:\/\/www.europesays.com\/es\/wp-json\/wp\/v2\/comments?post=260578"}],"version-history":[{"count":0,"href":"https:\/\/www.europesays.com\/es\/wp-json\/wp\/v2\/posts\/260578\/revisions"}],"wp:featuredmedia":[{"embeddable":true,"href":"https:\/\/www.europesays.com\/es\/wp-json\/wp\/v2\/media\/260579"}],"wp:attachment":[{"href":"https:\/\/www.europesays.com\/es\/wp-json\/wp\/v2\/media?parent=260578"}],"wp:term":[{"taxonomy":"category","embeddable":true,"href":"https:\/\/www.europesays.com\/es\/wp-json\/wp\/v2\/categories?post=260578"},{"taxonomy":"post_tag","embeddable":true,"href":"https:\/\/www.europesays.com\/es\/wp-json\/wp\/v2\/tags?post=260578"}],"curies":[{"name":"wp","href":"https:\/\/api.w.org\/{rel}","templated":true}]}}