{"id":260594,"date":"2025-11-28T16:26:08","date_gmt":"2025-11-28T16:26:08","guid":{"rendered":"https:\/\/www.europesays.com\/es\/260594\/"},"modified":"2025-11-28T16:26:08","modified_gmt":"2025-11-28T16:26:08","slug":"empleados-organizan-movilizaciones-para-reclamar-una-prima","status":"publish","type":"post","link":"https:\/\/www.europesays.com\/es\/260594\/","title":{"rendered":"Empleados organizan movilizaciones para reclamar una prima"},"content":{"rendered":"<p>Una veintena de <strong>trabajadores<\/strong> de la multinacional espa\u00f1ola <strong>Inditex en Francia<\/strong> se han concentrado este mediod\u00eda enfrente de una tienda de Zara en una de las calles m\u00e1s comerciales de Par\u00eds. La tienda se encuentra a pocos cientos de metros del Ayuntamiento. Los manifestantes reclaman una prima para todos los empleados a cuenta de los beneficios del grupo textil. Esta protesta forma parte de una campa\u00f1a multinacional organizada para <strong>presionar al grupo textil<\/strong>. <\/p>\n<p>Los participantes iban con chalecos de la Confederaci\u00f3n Francesa de Trabajadores Cristianos (<strong>CFTC<\/strong>) y mostraban pancartas reivindicativas, haci\u00e9ndose notar con altavoces ante los clientes que entraban y sal\u00edan de la tienda. Seg\u00fan ha explicado a EFE el representante sindical de la CFTC y miembro del <strong>Comit\u00e9 de Empresa Europeo<\/strong> (CEE), Imed, protestan \u00abpara que haya un <strong>reparto de los beneficios<\/strong> que sea equitativo y, sobre todo, para el conjunto de los empleados del grupo Inditex que tiene beneficios r\u00e9cord\u00bb. <\/p>\n<p>El representante ha explicado que esa prima es \u00ab<strong>ampliamente merecida<\/strong> cuando se ve las ventajas que tienen los accionistas y la direcci\u00f3n en t\u00e9rminos de remuneraci\u00f3n\u00bb. Respondiendo a la pregunta de cu\u00e1nto querr\u00edan obtener, ha respondido de manera conciliadora que espera algo \u00abrealista, solo un gesto de la empresa\u00bb. <\/p>\n<p>El sindicalista ha insistido en que el propietario de la multinacional, Amancio Ortega, por el que ha sentenciado que siente \u00abun profundo respeto\u00bb, \u00absiempre ha considerado que sus empleados, sean los de las tiendas o de las f\u00e1bricas, son la base esencial para la <strong>evoluci\u00f3n del grupo Inditex<\/strong>\u00ab, por lo que le ha pedido \u00abque muestre de nuevo ese reconocimiento\u00bb. El gigante del textil espa\u00f1ol tiene en Francia m\u00e1s de 240 tiendas y m\u00e1s de 11.000 empleados. <\/p>\n<p>Movilizaciones en otros pa\u00edses<\/p>\n<p>Esta movilizaci\u00f3n en Par\u00eds solo es una de las varias que han convocado las organizaciones sindicales que integran el Comit\u00e9 de Empresa Europeo de Inditex. Las organizaciones han llamado a los trabajadores a movilizarse en <strong>varios pa\u00edses europeos<\/strong>, entre ellos Espa\u00f1a. Estas acciones coinciden con la campa\u00f1a del Black Friday. La petici\u00f3n es la misma, una participaci\u00f3n extraordinaria en los beneficios del grupo y un reparto \u00abjusto\u00bb de los mismos entre sus plantillas. <\/p>\n<p>Las organizaciones sindicales que integran el Comit\u00e9 de Empresa Europeo (CEE) del Grupo Inditex han convocado <strong>movilizaciones simult\u00e1neas en varios pa\u00edses europeos<\/strong>, entre ellos Espa\u00f1a, este  viernes, coincidiendo con la campa\u00f1a del &#8216;Black Friday&#8217;, con el fin  de exigir una f\u00f3rmula de participaci\u00f3n extraordinaria en los beneficios econ\u00f3micos del grupo textil y un reparto \u00abjusto\u00bb de los  mismos entre sus plantillas. <\/p>\n<p>Las plantillas buscan un reconocimiento al esfuerzo, una reclamaci\u00f3n que se repite desde hace a\u00f1os por parte de los <strong>sindicatos de los diferentes<\/strong> <strong>pa\u00edses <\/strong>en las reuniones celebradas del CEE pero que \u00absiempre se ha encontrado con la negativa de Inditex\u00bb, ha asegurado a EFE la coordinadora de CC.OO. en el grupo, Beatriz Aliaga.<\/p>\n<p>\t\tZara cumple 50 a\u00f1os con un modelo de negocio que se extiende por el mundo\t<\/p>\n<p>Una de las grandes demandas de los trabajadores<\/p>\n<p>Los sindicatos han asegurado que esta petici\u00f3n se ha planteado en reiteradas ocasiones en las reuniones del Comit\u00e9 de Empresa sin que se haya alcanzado un acuerdo con la direcci\u00f3n empresarial en torno al <strong>reparto de beneficios<\/strong>. <\/p>\n<p>A pesar de haber logrado algunos avances en otros \u00e1mbitos laborales, consideran que este punto sigue siendo una \u00abasignatura pendiente\u00bb para la multinacional. La responsable de Inditex en UGT Madrid, Carolina Albarr\u00e1n, ha afirmado que Inditex \u00abdebe entender que sus <strong>resultados astron\u00f3micos no son un milagro<\/strong>, sino la consecuencia directa del trabajo diario, incansable y esencial de cada persona en las tiendas\u00bb. <\/p>\n<p>Fuentes de la empresa han afirmado a Europa Press que \u00ab<strong>no van a realizar comentarios<\/strong>, por el momento\u00bb sobre la convocatoria de dichas movilizaciones. Despu\u00e9s de agotar otras v\u00edas de di\u00e1logo, como el env\u00edo de cartas y planteamientos formales en las reuniones europeas, las organizaciones sindicales han decidido convocar estas concentraciones. <\/p>\n","protected":false},"excerpt":{"rendered":"Una veintena de trabajadores de la multinacional espa\u00f1ola Inditex en Francia se han concentrado este mediod\u00eda enfrente de&hellip;\n","protected":false},"author":2,"featured_media":260595,"comment_status":"","ping_status":"","sticky":false,"template":"","format":"standard","meta":{"footnotes":""},"categories":[42],"tags":[17,18,13,14,11,61,62,63,64,19,20,9,10,15,16,12,21,22,65,66,67],"class_list":{"0":"post-260594","1":"post","2":"type-post","3":"status-publish","4":"format-standard","5":"has-post-thumbnail","7":"category-internacional","8":"tag-breaking-news","9":"tag-breakingnews","10":"tag-featured-news","11":"tag-featurednews","12":"tag-headlines","13":"tag-internacional","14":"tag-international","15":"tag-international-news","16":"tag-internationalnews","17":"tag-latest-news","18":"tag-latestnews","19":"tag-news","20":"tag-noticias","21":"tag-noticias-destacadas","22":"tag-noticiasdestacadas","23":"tag-titulares","24":"tag-ultimas-noticias","25":"tag-ultimasnoticias","26":"tag-world","27":"tag-world-news","28":"tag-worldnews"},"share_on_mastodon":{"url":"https:\/\/pubeurope.com\/@es\/115628263736673820","error":""},"_links":{"self":[{"href":"https:\/\/www.europesays.com\/es\/wp-json\/wp\/v2\/posts\/260594","targetHints":{"allow":["GET"]}}],"collection":[{"href":"https:\/\/www.europesays.com\/es\/wp-json\/wp\/v2\/posts"}],"about":[{"href":"https:\/\/www.europesays.com\/es\/wp-json\/wp\/v2\/types\/post"}],"author":[{"embeddable":true,"href":"https:\/\/www.europesays.com\/es\/wp-json\/wp\/v2\/users\/2"}],"replies":[{"embeddable":true,"href":"https:\/\/www.europesays.com\/es\/wp-json\/wp\/v2\/comments?post=260594"}],"version-history":[{"count":0,"href":"https:\/\/www.europesays.com\/es\/wp-json\/wp\/v2\/posts\/260594\/revisions"}],"wp:featuredmedia":[{"embeddable":true,"href":"https:\/\/www.europesays.com\/es\/wp-json\/wp\/v2\/media\/260595"}],"wp:attachment":[{"href":"https:\/\/www.europesays.com\/es\/wp-json\/wp\/v2\/media?parent=260594"}],"wp:term":[{"taxonomy":"category","embeddable":true,"href":"https:\/\/www.europesays.com\/es\/wp-json\/wp\/v2\/categories?post=260594"},{"taxonomy":"post_tag","embeddable":true,"href":"https:\/\/www.europesays.com\/es\/wp-json\/wp\/v2\/tags?post=260594"}],"curies":[{"name":"wp","href":"https:\/\/api.w.org\/{rel}","templated":true}]}}