{"id":260598,"date":"2025-11-28T16:28:39","date_gmt":"2025-11-28T16:28:39","guid":{"rendered":"https:\/\/www.europesays.com\/es\/260598\/"},"modified":"2025-11-28T16:28:39","modified_gmt":"2025-11-28T16:28:39","slug":"manises-participa-en-un-recuento-nocturno-que-ha-identificado-casi-una-decena-de-personas-sin-hogar","status":"publish","type":"post","link":"https:\/\/www.europesays.com\/es\/260598\/","title":{"rendered":"Manises participa en un recuento nocturno que ha identificado casi una decena de personas sin hogar"},"content":{"rendered":"<p>\u00b7 M\u00e1s de 30 profesionales y voluntarios han participado en un dispositivo organizado por la Direcci\u00f3n General de Inclusi\u00f3n para detectar y acompa\u00f1ar a quienes viven en la calle en diferentes puntos del municipio<\/p>\n<p>Manises. 28 de noviembre de 2025.- Durante la pasada noche del 27 de noviembre de 2025, entre las 20 y 00 horas, el Ayuntamiento de Manises particip\u00f3 en el Recuento Nocturno de Personas Sin Hogar, una acci\u00f3n organizada por la Direcci\u00f3n General de Inclusi\u00f3n Social y Cooperaci\u00f3n al Desarrollo con el objetivo de identificar, visibilizar y dimensionar la realidad del sinhogarismo en 12 municipios afectados por la DANA del 29 de noviembre de 2024.<\/p>\n<p>Durante el operativo, en Manises, se han detectado casi una decena de personas en situaci\u00f3n de sin hogar, repartidas en espacios como almacenes abandonados, autocaravanas, bancos, paradas de metro o incluso el entorno del hospital. El objetivo de este proyecto es tener los casos contabilizados y recoger el m\u00e1ximo de informaci\u00f3n posible para llevar a cabo la correspondiente intervenci\u00f3n y seguimiento desde el departamento de Servicios Sociales, en colaboraci\u00f3n con las entidades del tercer sector municipales. El perfil detectado ha sido mayoritariamente el de personas transe\u00fantes, sin un lugar fijo de pernocta, lo cual refuerza la importancia de este tipo de acciones, para obtener una fotograf\u00eda real de la situaci\u00f3n y activar mecanismos de atenci\u00f3n y acompa\u00f1amiento.<\/p>\n<p>El concejal de Servicios Sociales del Ayuntamiento de Manises, Juan Carlos Esteve, ha se\u00f1alado que este recuento \u201cpermite conocer con precisi\u00f3n una realidad que muchas veces no es visible\u201d. \u201cAgradezco de manera sincera la implicaci\u00f3n de todo el personal t\u00e9cnico, el voluntariado y las fuerzas de seguridad, puesto que la colaboraci\u00f3n entre administraciones y entidades es fundamental para no dejar a nadie atr\u00e1s\u201d, ha a\u00f1adido el regidor.<\/p>\n<p>En el recuento participaron t\u00e9cnicos de Servicios Sociales del Ayuntamiento de Manises, voluntarios de C\u00e1ritas, voluntarios y t\u00e9cnicos de Cruz Roja, trabajadores sociales del Albergue San Juan de Dios, dos t\u00e9cnicas de la Direcci\u00f3n General de Inclusi\u00f3n Social y Cooperaci\u00f3n al Desarrollo, as\u00ed como Protecci\u00f3n Civil y Polic\u00eda Local de Manises, la presencia de los cuales facilit\u00f3 la seguridad y el correcto desarrollo del operativo.<\/p>\n<p>El Ayuntamiento de Manises reafirma su compromiso con la inclusi\u00f3n social y la protecci\u00f3n de las personas m\u00e1s vulnerables, y recuerda que este recuento constituye una herramienta esencial para orientar pol\u00edticas p\u00fablicas basadas en datos reales y fortalecer la red comunitaria de apoyo.<\/p>\n","protected":false},"excerpt":{"rendered":"\u00b7 M\u00e1s de 30 profesionales y voluntarios han participado en un dispositivo organizado por la Direcci\u00f3n General de&hellip;\n","protected":false},"author":2,"featured_media":260599,"comment_status":"","ping_status":"","sticky":false,"template":"","format":"standard","meta":{"footnotes":""},"categories":[5],"tags":[17,18,25,24,13,14,11,19,20,9,10,15,16,23,12,21,22],"class_list":{"0":"post-260598","1":"post","2":"type-post","3":"status-publish","4":"format-standard","5":"has-post-thumbnail","7":"category-titulares","8":"tag-breaking-news","9":"tag-breakingnews","10":"tag-es","11":"tag-espana","12":"tag-featured-news","13":"tag-featurednews","14":"tag-headlines","15":"tag-latest-news","16":"tag-latestnews","17":"tag-news","18":"tag-noticias","19":"tag-noticias-destacadas","20":"tag-noticiasdestacadas","21":"tag-spain","22":"tag-titulares","23":"tag-ultimas-noticias","24":"tag-ultimasnoticias"},"share_on_mastodon":{"url":"https:\/\/pubeurope.com\/@es\/115628271356478914","error":""},"_links":{"self":[{"href":"https:\/\/www.europesays.com\/es\/wp-json\/wp\/v2\/posts\/260598","targetHints":{"allow":["GET"]}}],"collection":[{"href":"https:\/\/www.europesays.com\/es\/wp-json\/wp\/v2\/posts"}],"about":[{"href":"https:\/\/www.europesays.com\/es\/wp-json\/wp\/v2\/types\/post"}],"author":[{"embeddable":true,"href":"https:\/\/www.europesays.com\/es\/wp-json\/wp\/v2\/users\/2"}],"replies":[{"embeddable":true,"href":"https:\/\/www.europesays.com\/es\/wp-json\/wp\/v2\/comments?post=260598"}],"version-history":[{"count":0,"href":"https:\/\/www.europesays.com\/es\/wp-json\/wp\/v2\/posts\/260598\/revisions"}],"wp:featuredmedia":[{"embeddable":true,"href":"https:\/\/www.europesays.com\/es\/wp-json\/wp\/v2\/media\/260599"}],"wp:attachment":[{"href":"https:\/\/www.europesays.com\/es\/wp-json\/wp\/v2\/media?parent=260598"}],"wp:term":[{"taxonomy":"category","embeddable":true,"href":"https:\/\/www.europesays.com\/es\/wp-json\/wp\/v2\/categories?post=260598"},{"taxonomy":"post_tag","embeddable":true,"href":"https:\/\/www.europesays.com\/es\/wp-json\/wp\/v2\/tags?post=260598"}],"curies":[{"name":"wp","href":"https:\/\/api.w.org\/{rel}","templated":true}]}}