{"id":260605,"date":"2025-11-28T16:38:11","date_gmt":"2025-11-28T16:38:11","guid":{"rendered":"https:\/\/www.europesays.com\/es\/260605\/"},"modified":"2025-11-28T16:38:11","modified_gmt":"2025-11-28T16:38:11","slug":"una-historia-que-merece-ser-compartida","status":"publish","type":"post","link":"https:\/\/www.europesays.com\/es\/260605\/","title":{"rendered":"Una historia que merece ser compartida"},"content":{"rendered":"<p class=\"c-paragraph\">Cumpliendo la promesa que hizo semanas atr\u00e1s,<a href=\"https:\/\/www.20minutos.es\/tags\/personas\/ibai-llanos.html\" title=\"Ibai Llanos\" rel=\"nofollow noopener\" target=\"_blank\"> <b>Ibai Llanos<\/b><\/a> puso <b>rumbo a Per\u00fa <\/b>el pasado 25 de noviembre para adentrarse en el estilo de vida de sus habitantes y deleitarse con la gastronom\u00eda local. No obstante, antes de emprender su particular ruta, el vasco hizo una primera parada en uno de los barrios m\u00e1s humildes de Lima para conocer la realidad de <b>Koir\u00e1n.\u00a0\u00a0<\/b><\/p>\n<p class=\"c-paragraph\">Acompa\u00f1ado del youtuber <b>Gaspi,<\/b>\u00a0con quien se reencontr\u00f3 durante su estancia en Argentina, el organizador de<a href=\"https:\/\/www.20minutos.es\/tags\/temas\/la-velada-del-ano.html\" title=\"La Velada del A\u00f1o\" rel=\"nofollow noopener\" target=\"_blank\"> La velada del a\u00f1o <\/a>se traslad\u00f3 hasta el distrito de Ventanilla, donde, en la parte superior del cerro, les esperaba el streamer Koirandoshil.<b> \u00abHemos subido 500 escalones, Koir\u00e1n\u00bb<\/b>, destac\u00f3 Ibai\u00a0tan pronto el joven peruano les abri\u00f3 las puertas de su casa.\u00a0<\/p>\n<p class=\"c-paragraph\">Uno de los asuntos que m\u00e1s le sorprendi\u00f3 de este barrio de bajos recursos, con casas inacabadas o construidas con materiales poco resistentes, fue la escasez de lluvia. \u00abYo me imaginaba que llov\u00eda poco, pero hombre, <b>una vez en cuatro a\u00f1os es complicado\u00bb, <\/b>coment\u00f3 Ibai, poco antes de adentrarse en una de las estancias principales de la vivienda.<\/p>\n<p class=\"c-paragraph\">All\u00ed, Koir\u00e1n desvel\u00f3 que hace un tiempo sufri\u00f3 un aparatoso derrumbe. \u00abM\u00e1s que nada, cayeron las piedras y as\u00ed est\u00e1 ahorita la pared\u00bb, apuntaba el youtuber, ense\u00f1ando la montonera de escombros con la que debe lidiar desde entonces.<b> \u00abSi ya es dif\u00edcil subir hasta aqu\u00ed, imag\u00ednate tener que pasar por encima de una pared o intentar reconstruir esto\u00bb,<\/b> subray\u00f3.\u00a0<\/p>\n<p class=\"c-paragraph\">No obstante, Koir\u00e1n, a qui\u00e9n Ibai describe en tono de humor como \u00abel Manny Manitas peruano\u00bb, hab\u00eda logrado ingeni\u00e1rselas para conectarse a internet y disponer de una mesa de trabajo desde la que compaginaba \u00abtrabajos de edici\u00f3n\u00bb puntuales con transmisiones en vivo desde distintas plataformas.\u00a0<\/p>\n<p class=\"c-paragraph\">Y es que, seg\u00fan explic\u00f3, lo \u00abinteresante y chistoso\u00bb es que \u00e9l mismo se hab\u00eda visto obligado a crear un sistema de palos de bamb\u00fa distribuidos por la zona para habilitar su conexi\u00f3n conexi\u00f3n. \u00abLa empresa me dijo que no pod\u00edan hacer la instalaci\u00f3n por lo complicado y peligroso que pod\u00eda ser\u00bb, recordaba el peruano.<\/p>\n<p class=\"c-paragraph\">Del mismo modo, el streamer peruano afront\u00f3 serias dificultades para adquirir los distintos componentes vinculados a su ordenador\u00a0y, por este motivo, algunos de ellos llegaban defectuosos o da\u00f1ados.<b> \u00abT\u00e9cnicamente, me han estafado <\/b>porque yo, de hecho, tuve que reparar la gr\u00e1fica 30\/70 que tengo ahora\u00bb, se\u00f1al\u00f3 Koir\u00e1n.<\/p>\n<p class=\"c-paragraph\">Sin poder ocultar su asombro, Ibai Llanos elogi\u00f3 la creatividad y la propia determinaci\u00f3n del peruano, que logr\u00f3 levantar su particular estudio de grabaci\u00f3n en medio de la adversidad. \u00abYo creo que <b>tienes una historia muy llamativa <\/b>y uno de los set-ups m\u00e1s extra\u00f1os del mundo, probablemente\u00bb, destac\u00f3 el vasco.\u00a0<\/p>\n<p class=\"c-paragraph\">En su v\u00eddeo, que no tard\u00f3 en hacerse viral, el influencer, quien para entonces a\u00fan no hab\u00eda probado el <b><a href=\"https:\/\/www.20minutos.es\/gente\/peru-se-impone-venezuela-se-proclama-campeon-mundial-desayunos-ibai-llanos_6326251_0.html\" title=\"Per\u00fa se impone a Venezuela y se proclama campe\u00f3n del Mundial de Desayunos de Ibai Llanos\" rel=\"nofollow noopener\" target=\"_blank\">pan con chicharr\u00f3n,<\/a><\/b> el plato t\u00edpico que result\u00f3 ganador en su Mundial de Desayunos,\u00a0resumi\u00f3 su visita a la casa de Koir\u00e1n como \u00abuna historia que merece la pena compartir\u00bb.<\/p>\n","protected":false},"excerpt":{"rendered":"Cumpliendo la promesa que hizo semanas atr\u00e1s, Ibai Llanos puso rumbo a Per\u00fa el pasado 25 de noviembre&hellip;\n","protected":false},"author":2,"featured_media":260606,"comment_status":"","ping_status":"","sticky":false,"template":"","format":"standard","meta":{"footnotes":""},"categories":[174],"tags":[255,146,147,25,24,256,3659,3660,6745,23,575,6027],"class_list":{"0":"post-260605","1":"post","2":"type-post","3":"status-publish","4":"format-standard","5":"has-post-thumbnail","7":"category-famosos","8":"tag-celebrities","9":"tag-entertainment","10":"tag-entretenimiento","11":"tag-es","12":"tag-espana","13":"tag-famosos","14":"tag-ibai","15":"tag-llanos","16":"tag-shock","17":"tag-spain","18":"tag-tras","19":"tag-viajar"},"share_on_mastodon":{"url":"https:\/\/pubeurope.com\/@es\/115628310977486802","error":""},"_links":{"self":[{"href":"https:\/\/www.europesays.com\/es\/wp-json\/wp\/v2\/posts\/260605","targetHints":{"allow":["GET"]}}],"collection":[{"href":"https:\/\/www.europesays.com\/es\/wp-json\/wp\/v2\/posts"}],"about":[{"href":"https:\/\/www.europesays.com\/es\/wp-json\/wp\/v2\/types\/post"}],"author":[{"embeddable":true,"href":"https:\/\/www.europesays.com\/es\/wp-json\/wp\/v2\/users\/2"}],"replies":[{"embeddable":true,"href":"https:\/\/www.europesays.com\/es\/wp-json\/wp\/v2\/comments?post=260605"}],"version-history":[{"count":0,"href":"https:\/\/www.europesays.com\/es\/wp-json\/wp\/v2\/posts\/260605\/revisions"}],"wp:featuredmedia":[{"embeddable":true,"href":"https:\/\/www.europesays.com\/es\/wp-json\/wp\/v2\/media\/260606"}],"wp:attachment":[{"href":"https:\/\/www.europesays.com\/es\/wp-json\/wp\/v2\/media?parent=260605"}],"wp:term":[{"taxonomy":"category","embeddable":true,"href":"https:\/\/www.europesays.com\/es\/wp-json\/wp\/v2\/categories?post=260605"},{"taxonomy":"post_tag","embeddable":true,"href":"https:\/\/www.europesays.com\/es\/wp-json\/wp\/v2\/tags?post=260605"}],"curies":[{"name":"wp","href":"https:\/\/api.w.org\/{rel}","templated":true}]}}