{"id":260611,"date":"2025-11-28T16:43:18","date_gmt":"2025-11-28T16:43:18","guid":{"rendered":"https:\/\/www.europesays.com\/es\/260611\/"},"modified":"2025-11-28T16:43:18","modified_gmt":"2025-11-28T16:43:18","slug":"el-drama-de-sarah-polley-basado-en-hechos-reales-asi-es-ellas-hablan","status":"publish","type":"post","link":"https:\/\/www.europesays.com\/es\/260611\/","title":{"rendered":"El drama de Sarah Polley basado en hechos reales: as\u00ed es &#8216;Ellas hablan&#8217;"},"content":{"rendered":"<p><strong>Rooney Mara, Claire Foy, Jessie Buckley, Judith Ivey, Ben Whishaw y Frances McDormand<\/strong> encabezan el impresionante reparto de la pel\u00edcula, escrita y <strong>dirigida por Sarah Polley.<\/strong> La actriz peg\u00f3 un giro en su carrera en 2006, lanz\u00e1ndose a escribir y dirigir. Antes hab\u00eda experimentado con el cortometraje y <strong>animada por directoras como Isabel Coixet y Kathryn Bigelow decidi\u00f3 dar el paso. <\/strong><\/p>\n<p><strong>Su primera pel\u00edcula fue <\/strong><strong>Lejos de ella,<\/strong> que recibi\u00f3 dos nominaciones al Oscar (Mejor actriz, para Julie Christie, y Mejor guion, para ella). En 2008 sorprendi\u00f3 con Ellas hablan, una historia que conmovi\u00f3 y revolvi\u00f3 por partes iguales. <\/p>\n<p>El libro de Miriam Toews al cine<\/p>\n<p>Para debutar, Sarah Polley quiso adaptar el libro de Miriam Toews que cuenta<strong> la historia de ocho mujeres que viven en una colonia menonita<\/strong> situada en un lugar aislado de la zona oriental de Bolivia<strong>. <\/strong>Tienen distintas edades, pero est\u00e1n unidas por muchas cosas, entre ellas su fe. <strong>Pero su fe se tambalea cuando descubren que, durante a\u00f1os, los hombres de la comunidad drogaron y violaron a varias mujeres.<\/strong> \u00abEs una pel\u00edcula comprometida con la comprensi\u00f3n de las diferencias en lugar de construir relaciones sociales excluyentes basadas en la identificaci\u00f3n\u00bb, dec\u00eda la directora.  <\/p>\n<p>Ben Whishaw, Rooney Mara y Claire Foy.<\/p>\n<p>Pensando en Doce hombres sin piedad<\/p>\n<p>El libro de Miriam Toews se public\u00f3 en 2020, tras el fen\u00f3meno del #MeToo. tuvo mucho \u00e9xito y fueron muchas las personas que lo leyeron. Entre ellas, <strong>Frances McDormand<\/strong> que quiso llevarlo al cine. Su primer paso fue envi\u00e1rselo a <strong>Dede Gardner, productora de pel\u00edculas como<\/strong><strong> Al descubierto <\/strong><strong>(una adaptaci\u00f3n del libro de Jodi Kantor y Megan Twohey sobre la investigaci\u00f3n period\u00edstica sobre Weinstein)<\/strong><strong>, Blonde<\/strong><strong> y <\/strong><strong>Moonlight. <\/strong><strong>\u00ab<\/strong>Estructuralmente era cinematogr\u00e1fico y propon\u00eda una forma diferente de hablar de todo el ruido que nos rodeaba. Y pens\u00e9, si se rod\u00f3 Doce hombres sin piedad, podemos rodar con ocho mujeres en un granero\u00bb.<\/p>\n<p><strong>Otra de las personas que ley\u00f3 el libro fue Sarah Polley y se mor\u00eda de ganas de convertirlo en pel\u00edcula.<\/strong> \u00abLa historia te atraviesa como una bala\u00bb, dijo. Investig\u00f3 y descubri\u00f3 que McDormand y Gardner hab\u00edan adquirido los derechos, y enseguida pidi\u00f3 ayuda a su agente para saber si ya hab\u00edan pensado en alguien para dirigirla. Su sorpresa fue enorme cuando su agente le dijo que las productoras hab\u00edan pensado en ella. \u00abParec\u00eda algo predestinado\u00bb.<\/p>\n<p>Las protagonistas de &#8216;Ellas hablan&#8217;\u00a0RTVE<\/p>\n<p>Basada en hechos reales<\/p>\n<p>La historia tiene elementos reales, ya que Miriam Toews fue criada como menonita y <strong>escribi\u00f3 desde su experiencia y los testimonios de mujeres abusadas. \u00abCuando las escuch\u00e9 hablar por primera vez de estas violaciones y ataques, all\u00e1 por 2009 o 2010, me horroric\u00e9. <\/strong>Ten\u00eda tantas preguntas y quer\u00eda reflexionar sobre el tema que me dije que ten\u00eda que escribir el libro. Pero hab\u00eda un riesgo: no quer\u00eda recrear los abusos porque sent\u00eda que ello supondr\u00eda una nueva violaci\u00f3n de las v\u00edctimas. \u00abQuer\u00eda que hubiera una conversaci\u00f3n, que las mujeres solo hablaran\u00bb.<\/p>\n<p><strong>Frances McDormand tiene un peque\u00f1o papel en la pel\u00edcula. <\/strong>Su personaje es Scarface Janz, y aunque es secundario tiene mucho peso. \u00abRepresento a todas las mujeres que han decidido no irse, a todas las que tienen miedo y se quedar\u00e1n all\u00ed sin hacer nada. No es solo su voz, sino la voz de todas las mujeres que no son escuchadas\u00bb. <\/p>\n<p>Escena de &#8216;Ellas hablan&#8217;, de Sarah Polley<\/p>\n<p>El gran trabajo de Jessie Buckley<\/p>\n<p>El resto de actrices, y actores, est\u00e1n a la altura. Encabezan el reparto Rooney Mara, Claire Foy, Jessie Buckley y Judith Ivey. Junto a ellas vemos a Ben Whishaw. Todos recibieron excelentes cr\u00edticas por sus interpretaciones, pero<strong> se alab\u00f3 especialmente el trabajo de Jessie Buckley<\/strong>. La actriz llam\u00f3 poderosamente la atenci\u00f3n con la pel\u00edcula Judi y la serie Chernobyl, y desde entonces se le agolpan los proyectos. <\/p>\n<p>Luchar o huir<\/p>\n<p>Al principio de la pel\u00edcula aparece la frase <strong>\u00abLo que sigue es un acto de imaginaci\u00f3n femenina\u00bb.<\/strong> Y estas palabras, que tienen un significado terrible, fueron una declaraci\u00f3n de intenciones para la directora. \u00abEsta es la frase que los hombres utilizaban para enga\u00f1ar a las mujeres y que creyeran que las agresiones sexuales, que suced\u00edan mientras estaban drogadas con tranquilizantes para ganado, eran provocadas por demonios\u00bb. <\/p>\n<p><strong>La pel\u00edcula pone el foco en el debate intergeneracional que surge entre ellas: o se defienden atacando o huyen. <\/strong>La directora no juzga a las protagonistas, solo expone su situaci\u00f3n, desde el respeto, dejando que cada persona que vea la pel\u00edcula tenga libertad para opinar. <\/p>\n<p>Escena de &#8216;Ellas hablan&#8217;, rodada en Toronto<\/p>\n<p>Rodada en Canad\u00e1<\/p>\n<p><strong>Sara Polley es de Toronto y all\u00ed quiso rodar su pel\u00edcula.<\/strong> Hay momentos en que la pel\u00edcula parece estar en blanco y negro, pero se trata de un &#8216;acabado&#8217; muy buscado,<strong> inspirado en la obra del fot\u00f3grafo canadiense Larry Towell<\/strong>. Para ello se jug\u00f3 con la saturaci\u00f3n de los tonos para ofrecer un efecto antiguo. \u00abQuer\u00edamos llevar al espectador a un mundo que se desvaneci\u00f3 en el pasado\u00bb, dijo Polley.  <\/p>\n<p><strong>El libro de Miriam Toews est\u00e1 narrado por el personaje August Wilson<\/strong> y as\u00ed se empez\u00f3 a rodar la pel\u00edcula. <strong>Pero Sarah Polley cambi\u00f3 de idea y dej\u00f3 la nararaci\u00f3n a Autje. <\/strong>\u00abDurante el proceso de edici\u00f3n se hizo evidente que la historia deb\u00eda ser contada por una de las mujeres agredidas\u00bb, revel\u00f3. <\/p>\n<p>El mejor cine, en RTVE Play<\/p>\n<p>La pel\u00edcula llega al cat\u00e1logo de RTVE Play en la que ya est\u00e1n <strong>La favorita,<\/strong> con Olivia Colman, y dos t\u00edtulos de los Monty Pitthon: <strong><a href=\"https:\/\/www.rtve.es\/television\/20251124\/sentido-vida-pelicula-monty-python-donde-ver\/16827809.shtml\" target=\"_blank\" rel=\"nofollow noopener\">El sentido de la vida<\/a><\/strong> y <strong><a href=\"https:\/\/www.rtve.es\/television\/20251110\/vida-brian-donde-ver-significado-titulo\/16806715.shtml\" target=\"_blank\" rel=\"nofollow noopener\">La vida de Brian<\/a><\/strong><strong>.<\/strong> Adem\u00e1s, t\u00edtulos de Russel Crowe como <strong>Gladiator, Misi\u00f3n Hostil <\/strong><strong>y<\/strong> <strong><a href=\"https:\/\/www.rtve.es\/television\/20250509\/maestro-agua-russell-crowe-donde-rodo-nombre-del-curiosidades\/16415639.shtml\" target=\"_blank\" rel=\"nofollow noopener\">El maestro del agua<\/a><\/strong>. Para los amantes de la historia llega<a href=\"https:\/\/www.rtve.es\/play\/videos\/ena-la-reina-victoria-eugenia\/\" target=\"_blank\" rel=\"nofollow noopener\"> la serie Ena<\/a>, que recuerda la figura de la reina Victoria Eugenia. <\/p>\n<p>Recuerda que se ha activado el registro obligatorio y la nueva plataforma <a href=\"https:\/\/www.rtve.es\/participa\/es\/\" rel=\"nofollow noopener\" target=\"_blank\">Participa<\/a>.<\/p>\n","protected":false},"excerpt":{"rendered":"Rooney Mara, Claire Foy, Jessie Buckley, Judith Ivey, Ben Whishaw y Frances McDormand encabezan el impresionante reparto de&hellip;\n","protected":false},"author":2,"featured_media":260612,"comment_status":"","ping_status":"","sticky":false,"template":"","format":"standard","meta":{"footnotes":""},"categories":[169],"tags":[177,146,147,25,24,176,175,23],"class_list":{"0":"post-260611","1":"post","2":"type-post","3":"status-publish","4":"format-standard","5":"has-post-thumbnail","7":"category-cine","8":"tag-cine","9":"tag-entertainment","10":"tag-entretenimiento","11":"tag-es","12":"tag-espana","13":"tag-film","14":"tag-movies","15":"tag-spain"},"share_on_mastodon":{"url":"https:\/\/pubeurope.com\/@es\/115628330472082054","error":""},"_links":{"self":[{"href":"https:\/\/www.europesays.com\/es\/wp-json\/wp\/v2\/posts\/260611","targetHints":{"allow":["GET"]}}],"collection":[{"href":"https:\/\/www.europesays.com\/es\/wp-json\/wp\/v2\/posts"}],"about":[{"href":"https:\/\/www.europesays.com\/es\/wp-json\/wp\/v2\/types\/post"}],"author":[{"embeddable":true,"href":"https:\/\/www.europesays.com\/es\/wp-json\/wp\/v2\/users\/2"}],"replies":[{"embeddable":true,"href":"https:\/\/www.europesays.com\/es\/wp-json\/wp\/v2\/comments?post=260611"}],"version-history":[{"count":0,"href":"https:\/\/www.europesays.com\/es\/wp-json\/wp\/v2\/posts\/260611\/revisions"}],"wp:featuredmedia":[{"embeddable":true,"href":"https:\/\/www.europesays.com\/es\/wp-json\/wp\/v2\/media\/260612"}],"wp:attachment":[{"href":"https:\/\/www.europesays.com\/es\/wp-json\/wp\/v2\/media?parent=260611"}],"wp:term":[{"taxonomy":"category","embeddable":true,"href":"https:\/\/www.europesays.com\/es\/wp-json\/wp\/v2\/categories?post=260611"},{"taxonomy":"post_tag","embeddable":true,"href":"https:\/\/www.europesays.com\/es\/wp-json\/wp\/v2\/tags?post=260611"}],"curies":[{"name":"wp","href":"https:\/\/api.w.org\/{rel}","templated":true}]}}