{"id":260630,"date":"2025-11-28T17:00:18","date_gmt":"2025-11-28T17:00:18","guid":{"rendered":"https:\/\/www.europesays.com\/es\/260630\/"},"modified":"2025-11-28T17:00:18","modified_gmt":"2025-11-28T17:00:18","slug":"laliga-saca-pecho-tras-vender-los-derechos-de-tv-por-6-135-millones-un-9-mas-a-telefonica-y-dazn","status":"publish","type":"post","link":"https:\/\/www.europesays.com\/es\/260630\/","title":{"rendered":"LaLiga saca pecho tras vender los derechos de TV por 6.135 millones, un 9% m\u00e1s, a Telef\u00f3nica y DAZN"},"content":{"rendered":"<p class=\"ft-text\"><strong>LaLiga<\/strong> ha concluido <a class=\"ft-link ft-link--decoration\" href=\"https:\/\/www.sport.es\/es\/noticias\/laliga\/numeros-demuestran-desigualdad-derechos-televisivos-114919311\" rel=\"nofollow noopener\" target=\"_blank\">el proceso de venta de los derechos de TV<\/a> para el ciclo 2027\/28-2031\/32, alcanzando <strong>un valor total de m\u00e1s de 5.250 millones de euros para LaLiga EASports (Primera). <\/strong>Este resultado supone un incremento total del 6% respecto al ciclo anterior (2022-2027), que se situaba en 4.950 millones de euros, renovando Telef\u00f3nica y Dazn la adjudicaci\u00f3n de <strong>cinco partidos por jornada<\/strong> cada operador durante cinco a\u00f1os adicionales. <strong>De este modo, de los 990 millones de euros anuales que LaLiga percib\u00eda por temporada, el valor, tras esta nueva adjudicaci\u00f3n, aumentar\u00e1 a 1.050. <\/strong><\/p>\n<p class=\"ft-text\">El valor total de los derechos audiovisuales dom\u00e9sticos de LaLiga (con Primera y Segunda Divisi\u00f3n) <strong>ascender\u00e1 a 6.135 millones de euros en el ciclo anunciado, lo que supone un crecimiento del 9% respecto al periodo anterior.<\/strong> \u00abEste avance se sustenta en el notable rendimiento de todas las categor\u00edas adicionales a los ya citados derechos residenciales: 30% en el segmento Horeca (hosteler\u00eda), que pasa de 500 a cerca de 650 millones de euros; un crecimiento del 40% en LaLiga Hypermotion (Segunda), que eleva su valor de 125 a alrededor de 175 millones; y m\u00e1s de 60 millones derivados de los derechos en abierto y los res\u00famenes y clips de v\u00eddeo\u00bb, seg\u00fan informa la patronal.<\/p>\n<p><img decoding=\"async\" src=\"https:\/\/www.europesays.com\/es\/wp-content\/uploads\/2025\/11\/af703323-4865-4c20-a25a-a56564273cf8_alta-libre-aspect-ratio_default_0.jpg\" width=\"1200\" height=\"545\" alt=\"Comparativa de los ingresos logrados por LaLiga entre el anterior concurso y el que acaba de adjudicarse.\" class=\"ft-helper-img-rd\" loading=\"lazy\"\/><\/p>\n<p class=\"ft-helper-fontColor-quaternary ft-helper-fontSize-body-S ft-helper-spacer-t-xxs\">Comparativa de los ingresos logrados por LaLiga entre el anterior concurso y el que acaba de adjudicarse.  \/ LALIGA<\/p>\n<p class=\"ft-text\">De este modo, LaLiga asegura \u00abconsolidar la trayectoria de sostenibilidad\u00bb y expansi\u00f3n del modelo de comercializaci\u00f3n de las competiciones profesionales. En palabras de su presidente, Javier Tebas, \u00aben un contexto nacional e internacional complejo, haber asegurado un crecimiento <strong>en conjunto de un 9%, que supone m\u00e1s de 500 millones que el ciclo anterior<\/strong>, es una excelente noticia para la sostenibilidad econ\u00f3mica de nuestros clubes y para el futuro del f\u00fatbol profesional espa\u00f1ol\u00bb.<\/p>\n<p>Telef\u00f3nica y Dazn, a partes iguales<\/p>\n<p class=\"ft-text\">El resultado de esta venta de derechos consolida la dicotom\u00eda entre Telef\u00f3nica (Movistar) y DAZN, a los que LaLiga considera \u00absocios estrat\u00e9gicos de alto valor gracias a su cobertura y programaci\u00f3n de m\u00e1xima calidad, que han impulsado de forma decisiva las audiencias y la asistencia en las \u00faltimas temporadas\u00bb. La competici\u00f3n, consciente de que los derechos televisivos<strong> son una partida fundamental para los presupuestos de los equipos espa\u00f1oles<\/strong>, pone \u00e9nfasis en el comunicado en el periodo de cinco a\u00f1os. Entre las dos operadoras pagar\u00e1n un total de 5.250 millones casi a partes iguales y se pone fin a la exclusividad de Telef\u00f3nica de tres jornadas.<\/p>\n<p class=\"ft-text\">\u00abAporta estabilidad y certidumbre, favoreciendo la planificaci\u00f3n e inversi\u00f3n a largo plazo de los operadores y reforzando la sostenibilidad de los Clubes. <strong>LaLiga les agradece a ambos operadores su apuesta renovada como por un producto premium de referencia en su cat\u00e1logo<\/strong>, tambi\u00e9n a DAZN m\u00e1s all\u00e1 de Espa\u00f1a, como socio estrat\u00e9gico en numerosos mercados internacionales en todo el mundo\u00bb, incide la nota oficial, teniendo en cuenta c\u00f3mo el operador internacional juega como &#8216;partner&#8217; de otras competiciones a nivel a global.<\/p>\n<p class=\"ft-text\">Para LaLiga, el \u00ab\u00e9xito del proceso de comercializaci\u00f3n\u00bb responde a una estrategia sostenida en tres pilares: \u00abla mejora constante del producto audiovisual, que gracias a la inversi\u00f3n tecnol\u00f3gica y a la implicaci\u00f3n de los clubes ofrece un contenido cada vez m\u00e1s atractivo; <strong>la lucha integral contra el fraude audiovisual<\/strong>, que ha protegido los ingresos y reforzado la credibilidad del ecosistema audiovisual espa\u00f1ol; y la anticipaci\u00f3n al nuevo contexto de UEFA, que permiti\u00f3 adelantar el tender y evitar los efectos negativos que s\u00ed han sufrido otras competiciones\u00bb.<\/p>\n<p>La comparativa con la Premier y el &#8216;top 5&#8217; europeo<\/p>\n<p class=\"ft-text\">En un contexto comparativo, <strong>la Premier League vendi\u00f3 en diciembre de 2023 sus derechos de televisi\u00f3n por 7.800 millones<\/strong> para el periodo que comprende entre 2025 y 2029, lo que en su d\u00eda supuso 2.000 millones m\u00e1s con respecto a los 6.700 que hab\u00eda negociado para el trienio 2022-2025 que ha terminado este a\u00f1o. Dos meses antes, <strong>la Serie A aceptaba la oferta de Dazn y Sky Italia por sus derechos a raz\u00f3n de 900 millones de euros por temporada<\/strong> hasta la temporada 2028\/2029 (4.420 al cambio actual), que supon\u00edan un 3% menos.<\/p>\n<p class=\"ft-text\">El a\u00f1o pasado, por estas mismas fechas, <strong>Sky y Dazn se hac\u00edan con los derechos de la Bundesliga por 4.484 millones para el ciclo 2025-2029<\/strong>, que supon\u00edan una mejora del 2%. Por su parte, la Ligue 1 francesa sufri\u00f3 un duro varapalo tras la salida de Mediapro, que hab\u00eda llegado a poner sobre la mesa 1.153 millones de euros anuales antes de la pandemia. La crisis oblig\u00f3 a la competici\u00f3n a lanzar una OTT propia que ha reducido, en tiempos de circunstancias, la cantidad a 142 millones anuales.<\/p>\n","protected":false},"excerpt":{"rendered":"LaLiga ha concluido el proceso de venta de los derechos de TV para el ciclo 2027\/28-2031\/32, alcanzando un&hellip;\n","protected":false},"author":2,"featured_media":260631,"comment_status":"","ping_status":"","sticky":false,"template":"","format":"standard","meta":{"footnotes":""},"categories":[268],"tags":[305,168,25,24,280,282,288,303,281,23,167,807],"class_list":{"0":"post-260630","1":"post","2":"type-post","3":"status-publish","4":"format-standard","5":"has-post-thumbnail","7":"category-futbol","8":"tag-dazn","9":"tag-deportes","10":"tag-es","11":"tag-espana","12":"tag-football","13":"tag-futbol","14":"tag-laliga","15":"tag-movistar","16":"tag-soccer","17":"tag-spain","18":"tag-sports","19":"tag-television"},"share_on_mastodon":{"url":"https:\/\/pubeurope.com\/@es\/115628397893969619","error":""},"_links":{"self":[{"href":"https:\/\/www.europesays.com\/es\/wp-json\/wp\/v2\/posts\/260630","targetHints":{"allow":["GET"]}}],"collection":[{"href":"https:\/\/www.europesays.com\/es\/wp-json\/wp\/v2\/posts"}],"about":[{"href":"https:\/\/www.europesays.com\/es\/wp-json\/wp\/v2\/types\/post"}],"author":[{"embeddable":true,"href":"https:\/\/www.europesays.com\/es\/wp-json\/wp\/v2\/users\/2"}],"replies":[{"embeddable":true,"href":"https:\/\/www.europesays.com\/es\/wp-json\/wp\/v2\/comments?post=260630"}],"version-history":[{"count":0,"href":"https:\/\/www.europesays.com\/es\/wp-json\/wp\/v2\/posts\/260630\/revisions"}],"wp:featuredmedia":[{"embeddable":true,"href":"https:\/\/www.europesays.com\/es\/wp-json\/wp\/v2\/media\/260631"}],"wp:attachment":[{"href":"https:\/\/www.europesays.com\/es\/wp-json\/wp\/v2\/media?parent=260630"}],"wp:term":[{"taxonomy":"category","embeddable":true,"href":"https:\/\/www.europesays.com\/es\/wp-json\/wp\/v2\/categories?post=260630"},{"taxonomy":"post_tag","embeddable":true,"href":"https:\/\/www.europesays.com\/es\/wp-json\/wp\/v2\/tags?post=260630"}],"curies":[{"name":"wp","href":"https:\/\/api.w.org\/{rel}","templated":true}]}}