{"id":260632,"date":"2025-11-28T17:01:35","date_gmt":"2025-11-28T17:01:35","guid":{"rendered":"https:\/\/www.europesays.com\/es\/260632\/"},"modified":"2025-11-28T17:01:35","modified_gmt":"2025-11-28T17:01:35","slug":"quien-es-quien-en-el-arbol-genealogico-de-la-familia-de-andres-pajares","status":"publish","type":"post","link":"https:\/\/www.europesays.com\/es\/260632\/","title":{"rendered":"qui\u00e9n es qui\u00e9n en el \u00e1rbol geneal\u00f3gico de la familia de Andr\u00e9s Pajares"},"content":{"rendered":"<p>El 17 de diciembre de 1997, el actor Andr\u00e9s Pajares se sentaba en \u2018T\u00f3mbola\u2019 donde se defend\u00eda de las acusaciones de haber apuntado a su hija con<strong> la pistola que guardaba en uno de los cajones de su casa<\/strong>. \u201cLa cog\u00ed solo para guardarla\u2026\u201d, explicaba mientras su exyerno relataba, en directo, unos episodios de extrema violencia. Aquello fue, durante a\u00f1os, la realidad familiar de los Pajares, que se pasaron m\u00e1s de una d\u00e9cada recorriendo plat\u00f3s, demostrando que nadie ataca mejor que los que comparten la misma sangre.\u00a0<\/p>\n<p>Una saga familiar plagada de discusiones, que se inici\u00f3, de la manera m\u00e1s ir\u00f3nica, a trav\u00e9s de la risa.\u00a0<\/p>\n<p>Andr\u00e9s Pajares Mart\u00edn, risas y l\u00e1grimas\u00a0<\/p>\n<p>El pater familias de este clan naci\u00f3 en Madrid el 6 de abril de 1940, y, desde jovencito, fue poseedor de una gran habilidad para hacer re\u00edr. Se estableci\u00f3 entonces como c\u00f3mico y empez\u00f3 a frecuentar salas de fiesta y caf\u00e9s teatro. El cine no tard\u00f3 en llamar a su puerta; aunque su verdadero <strong>salto a la fama tuvo lugar en la d\u00e9cada de los a\u00f1os 70 <\/strong>cuando, de la mano de Mariano Ozores como director y de Fernando Esteso como compa\u00f1ero, se convirti\u00f3 en toda una estrella.\u00a0<\/p>\n<p><img loading=\"lazy\" decoding=\"async\"   src=\"https:\/\/www.europesays.com\/es\/wp-content\/uploads\/2025\/11\/andres-pajares_5d6c5f4a_251127164046_1200x1799.webp.webp\" alt=\"Andres Pajares\" class=\"lazyload\" width=\"1200\" height=\"1799\" data-aspectratio=\"1200\/1799\"\/><\/p>\n<p>Andr\u00e9s Pajares fue una verdera estrella del cine espa\u00f1ol durante la d\u00e9cada de los a\u00f1os 70<\/p>\n<p>&#13;Gtres<\/p>\n<p>Andr\u00e9s Pajares fue, durante muchos a\u00f1os, el actor m\u00e1s taquillero del cine espa\u00f1ol. Su film \u2018<strong>Los Bingueros\u2019 result\u00f3 todo un fen\u00f3meno de masas<\/strong> y se mantuvo en cartel un a\u00f1o entero. \u201cLa de c\u00f3mico es la mejor profesi\u00f3n, la m\u00e1s bonita que hay en la vida\u201d, ha dicho en \u2018La Revuelta\u2019, echando la vista atr\u00e1s a toda su carrera de \u00e9xitos. Triunfos profesionales que se han visto empa\u00f1ados por la gran contrariedad que exist\u00eda con su vida personal.\u00a0<\/p>\n<p><img loading=\"lazy\" decoding=\"async\"   src=\"https:\/\/www.europesays.com\/es\/wp-content\/uploads\/2025\/11\/andres-pajares_f8d349c8_251127164136_1200x842.webp.webp\" alt=\"Andres pajares\" class=\"lazyload\" width=\"1200\" height=\"842\" data-aspectratio=\"1200\/842\"\/><\/p>\n<p>Su primera mujer, Mari Carmen Burguera, falleci\u00f3 en 1973<\/p>\n<p>&#13;Gtres<\/p>\n<p>Enviud\u00f3 muy joven. <strong>El c\u00f3mico solo ten\u00eda 33 a\u00f1os cuando perdi\u00f3 a su primera mujer<\/strong>, Mar\u00eda del Carmen Burguera. Juntos fueron padres de un ni\u00f1o, <strong>Andresito<\/strong>; aunque este no fue el primer hijo para Pajares. Antes, y fuera del matrimonio, hab\u00eda nacido Eva, una hija a la que reconoci\u00f3 en la d\u00e9cada de los 2000.\u00a0<\/p>\n<p>Chonchi Alonso, la segunda mujer y la madrastra<\/p>\n<p>Andr\u00e9s no tard\u00f3 en enamorarse de nuevo y en buscar una nueva compa\u00f1era de vida. Ella fue <strong>Chonchi Alonso, con quien pas\u00f3 por el altar en 1974,<\/strong> tan solo un a\u00f1o despu\u00e9s de despedir a Mar\u00eda del Carmen. Ella, Ascensi\u00f3n de nacimiento, frecuentaba los c\u00edrculos de trabajo del humorista, puesto que tambi\u00e9n era actriz. Eso s\u00ed, ella acababa de arrancar su carrera y nunca la vio despegar demasiado porque, al casarse con Pajares, pas\u00f3 a dedicarse exclusivamente de la familia.\u00a0<\/p>\n<p><img loading=\"lazy\" decoding=\"async\"   src=\"https:\/\/www.europesays.com\/es\/wp-content\/uploads\/2025\/11\/andres-pajares_89010819_251127164423_1200x1705.webp.webp\" alt=\"Andres pajares\" class=\"lazyload\" width=\"1200\" height=\"1705\" data-aspectratio=\"1200\/1705\"\/><\/p>\n<p>En 1974, Andr\u00e9s vuelve a pasar por el altar y se casa con Chonchi Alonso, tambi\u00e9n actriz<\/p>\n<p>&#13;Gtres<\/p>\n<p><strong>Tuvieron una hija, Mari Cielo<\/strong>, Mar\u00eda para su padre. Y los problemas no tardaron en llegar. \u201cTe di los apellidos para que tuvieras los mismos derechos que tu hermana. Te di lo que ten\u00eda&#8230;\u201d, <a href=\"https:\/\/www.lecturas.com\/television\/chonchi-alonso-responde-memorias-andres-pajares-yo-sali-huyendo-aquella-relacion-poco-poco-cuando-pude_184722\" rel=\"nofollow noopener\" target=\"_blank\">dijo Chonchi en \u2018Fiesta<\/a>\u2019, refiri\u00e9ndose a Andr\u00e9s hijo. \u201cJam\u00e1s he puesto un dedo encima de Andresito, jam\u00e1s le he ofendido. Se contradice mucho. Primero me quiere, luego no. Para ser mentiroso hay que tener buena memoria. \u00bfA qu\u00e9 viene tanto odio? No te ha gustado ninguna mujer de tu padre. Lo que no te gusta es que si ha ganado cuatro euros, te pertenecen\u201d.\u00a0<\/p>\n<p><img loading=\"lazy\" decoding=\"async\"   src=\"https:\/\/www.europesays.com\/es\/wp-content\/uploads\/2025\/11\/andres-pajares_8f314050_251127164618_1200x852.webp.webp\" alt=\"Andres Pajares\" class=\"lazyload\" width=\"1200\" height=\"852\" data-aspectratio=\"1200\/852\"\/><\/p>\n<p>Pajares y Chonchi tuvieron una hija, Mari Cielo. Con los a\u00f1os, Andr\u00e9s, hijo del primer matrimonio del actor afirm\u00f3 haberse sentido desplazado<\/p>\n<p>&#13;Gtres<\/p>\n<p>De cara al p\u00fablico, Pajares y Alonso formaron una <strong>familia perfecta<\/strong> durante finales de los a\u00f1os 70, la d\u00e9cada de los 80 y los primeros 90. Esta \u00e9poca, adem\u00e1s, coincidi\u00f3 con un enorme reconocimiento al actor por parte de la cr\u00edtica y de sus compa\u00f1eros. En 1991, gan\u00f3 el Goya a mejor actor por \u2018Ay, Carmela\u2019. Adem\u00e1s, este acepta el papel protagonista en \u2018\u00a1Ay, Se\u00f1or, Se\u00f1or\u2019, que le abre las puertas a ser conocido por una nueva audiencia m\u00e1s joven.\u00a0<\/p>\n<p>En esta serie para Antena 3 en la que debut\u00f3 un jovenc\u00edsimo Javier C\u00e1mara, tambi\u00e9n comparti\u00f3 escenas con Chonchi. Marido y mujer coincid\u00edan en ensayos y grabaciones, am\u00e9n de entrevistas promocionales. En todas ellas, el matrimonio daba a entender lo compenetrados que estaban y lo felices que eran junto a sus dos hijos mayores.\u00a0<\/p>\n<p><img decoding=\"async\" src=\"https:\/\/www.europesays.com\/es\/wp-content\/uploads\/2025\/11\/joaquin-torres_ac3fcaf3_251128124216_800x800.webp.webp\" alt=\"Joaqu\u00edn Torres\" class=\"image lazyload\"\/><img loading=\"lazy\" decoding=\"async\" src=\"https:\/\/www.europesays.com\/es\/wp-content\/uploads\/2025\/11\/joaquin-torres_ac3fcaf3_251128124221_1280x720.webp.webp\" alt=\"La vida vuelve a golpear duro a Joaqu\u00edn Torres: muere su cu\u00f1ado y su cu\u00f1ada est\u00e1 en quimioterapia\" class=\"image lazyload\" width=\"1280\" height=\"720\" data-aspectratio=\"1280\/720\"\/>Conchi Jim\u00e9nez, la demanda de maltrato\u00a0<\/p>\n<p>En el a\u00f1o 1997 todo cambi\u00f3 de golpe. La pareja anunci\u00f3 su <strong>divorcio de manera fulminante<\/strong> y sin marcha atr\u00e1s. Alonso empez\u00f3 a visitar plat\u00f3s, no en calidad de actriz, sino de personaje famoso; y poco despu\u00e9s su ex hizo lo mismo. Entonces, la versi\u00f3n que ofreci\u00f3 Chonchi de la separaci\u00f3n tuvo que ver con <strong>la escena con la que esta se top\u00f3 al volver de viaje<\/strong>. Acto seguido, tom\u00f3 la decisi\u00f3n de romper con su marido. \u201cSal\u00ed huyendo\u201d, confes\u00f3 a\u00f1os m\u00e1s tarde.\u00a0<\/p>\n<p><img loading=\"lazy\" decoding=\"async\"   src=\"https:\/\/www.europesays.com\/es\/wp-content\/uploads\/2025\/11\/andres-pajares_544e9493_251127164734_1200x805.webp.webp\" alt=\"Andr\u00e9s Pajares\" class=\"lazyload\" width=\"1200\" height=\"805\" data-aspectratio=\"1200\/805\"\/><\/p>\n<p>En 1997, Andr\u00e9s y Chonchi se separaron y \u00e9l empez\u00f3 a salir con Conchi Jim\u00e9nez<\/p>\n<p>&#13;Gtres<\/p>\n<p>Tras lo ocurrido, vinieron muchas entrevistas. Much\u00edsimas. Andr\u00e9s y Chonchi recorrieron los programas de actualidad de entonces sin dejar uno. De \u2018T\u00f3mbola\u2019 a \u2018D\u00eda a d\u00eda\u2019 pasando por \u2018Sabor a ti\u2019. Y en todos las chispas saltaban hasta el punto de que esto tambi\u00e9n salpic\u00f3 a sus hijos, que no dudaron en tomar partido.\u00a0<\/p>\n<p>Y, mientras, Andr\u00e9s segu\u00eda con el coraz\u00f3n abierto, ansioso por volver a tener una mujer en su vida. Y la tuvo. Antes de que finalizara el a\u00f1o, \u00e9l ya posaba con su nueva conquista: <strong>Conchi Jim\u00e9nez. No confundir con la anterior.<\/strong> Nombres tan parecidos que dieron lugar a infinidad de bromas al respecto. La risa dur\u00f3 hasta el a\u00f1o 2003, cuando <strong>ella le denunci\u00f3 por malos tratos<\/strong> y amenazas de muerte. Una denuncia a la que se le uni\u00f3 la de Chonchi. \u00c9l sali\u00f3 absuelto.<\/p>\n<p><img loading=\"lazy\" decoding=\"async\"   src=\"https:\/\/www.europesays.com\/es\/wp-content\/uploads\/2025\/11\/andres-pajares_1d04d124_251127164836_1200x1708.webp.webp\" alt=\"Andres Pajares\" class=\"lazyload\" width=\"1200\" height=\"1708\" data-aspectratio=\"1200\/1708\"\/><\/p>\n<p>En 2003, Andr\u00e9s y Conchi rompen. Ella le demanda por amenazas y malos tratos<\/p>\n<p>&#13;Gtres<\/p>\n<p>\u201cEran muy frecuentes los episodios de delirio de mi padre\u201d, contaba entonces el hijo del actor en \u2018Salsa Rosa\u2019, quien hablaba de los problemas de salud mental que ten\u00eda su progenitor, que lleg\u00f3 a <strong>presentarse en un bufete de abogados con un arma <\/strong>(de mentira) y amenazar a los abogados. Para 2008, la relaci\u00f3n de la familia estaba hecha pedazos. \u201c<strong>Mis hijos son un polvo mal hecho y unos sinverg\u00fcenzas<\/strong>\u201d, afirm\u00f3 el actor.\u00a0<\/p>\n<p>Pero esta no es una historia lineal. Es una repleta de subidas y de bajadas. En 2009 se reconcilian, incluso, hasta escenifican una paz de lo m\u00e1s c\u00e1ndida ante las c\u00e1maras de la prensa. Posan juntos durante la presentaci\u00f3n de la primera novela de Mari Cielo y exhiben una buena relaci\u00f3n que no tarda en demostrarse que es solo un espejismo.\u00a0<\/p>\n<p>Juana, el \u00faltimo amor<\/p>\n<p>Lo \u00fanico fijo que existe en la vida de Andr\u00e9s es <strong>Juana Gil, su exsecretaria y pareja<\/strong> desde 2016 y con quien se cas\u00f3 en 2019. \u201cElla es maravillosa\u201d, asegur\u00f3 el c\u00f3mico en la rueda de prensa de sus memorias, esas en las que no ha dedicado una sola l\u00ednea a la madre de su segunda hija. Algo que Chonchi agradece.\u00a0<\/p>\n<p><img loading=\"lazy\" decoding=\"async\"   src=\"https:\/\/www.europesays.com\/es\/wp-content\/uploads\/2025\/11\/andres-pajares_0c87cb74_251127164932_1200x800.webp.webp\" alt=\"Andres pajares\" class=\"lazyload\" width=\"1200\" height=\"800\" data-aspectratio=\"1200\/800\"\/><\/p>\n<p>Juana, que era su secretaria, ha acabado convertida en su tercera mujer. Se casaron en 2019<\/p>\n<p>&#13;Gtres<\/p>\n<p>\u201cPor mi exfamilia enferm\u00e9 y se me fue la olla\u201d, dijo en El Mundo; haciendo un balance con el que sus hijos no est\u00e1n de acuerdo. <strong>Ninguno de los dos ha acudido al \u00faltimo acto homenaje que Pajares ha recibido<\/strong> en el Teatro Amaya de Madrid. Una se encontraba rodando fuera (\u201cpor fin\u201d, matiza su padre) y el otro no hab\u00eda sido invitado. \u201cAndresito est\u00e1 en El Retiro, es que como est\u00e1 jubilado, va a El Retiro y se pasea\u201d, cont\u00f3 con sorna. Unas palabras que ponen<strong> un clavo m\u00e1s al ata\u00fad de su v\u00ednculo.<\/strong>\u00a0<\/p>\n<p>Andr\u00e9s Burguera, azafato y acusado de matar a Versace<\/p>\n<p>Nacido en 1966, el azafato y actor se qued\u00f3 hu\u00e9rfano de madre cuando solo ten\u00eda 5 a\u00f1os. La p\u00e9rdida de su progenitora, debido a un c\u00e1ncer de pecho, fue devastadora para \u00e9l. \u201cMuri\u00f3 con 33 kilos, consumida por el c\u00e1ncer. Desgraciadamente, eso te deja marcado\u201d.\u00a0<\/p>\n<p>El resto de su infancia, lamentablemente, no fue a mejor. \u201c<strong>Andresito s\u00ed que se pod\u00eda sentir desplazado<\/strong>\u201d, cont\u00f3 su propia hermana en un \u2018S\u00e1lvame Deluxe\u2019. \u201cMi madre se posicionaba casi siempre de mi lado. Andr\u00e9s era muy rebelde, alguna galleta que otra se llevaba, bofetadas de mi padre. A m\u00ed no, mi padre no me tocaba nunca\u201d.\u00a0<\/p>\n<p><img loading=\"lazy\" decoding=\"async\"   src=\"https:\/\/www.europesays.com\/es\/wp-content\/uploads\/2025\/11\/andres-burguera_2c7fa480_251127170849_1200x1810.webp.webp\" alt=\"Andr\u00e9s Burguera\" class=\"lazyload\" width=\"1200\" height=\"1810\" data-aspectratio=\"1200\/1810\"\/><\/p>\n<p>Andr\u00e9s creci\u00f3 sin el cari\u00f1o de su madre, que falleci\u00f3 cuando \u00e9l solo ten\u00eda 5 a\u00f1os<\/p>\n<p>&#13;Gtres<\/p>\n<p>La infancia de los dos hermanos no fue demasiado igualitaria. M\u00e1s bien lo contrario. \u00c9l a\u00f1oraba a su madre y las rencillas por el trato recibido no tardaron en aflorar. Tanto es as\u00ed que <strong>decide cambiarse el apellido y pasa a utilizar el de su progenitora<\/strong>, para, de este modo desvincularse del entramado familiar. De este modo, deja de ser Andr\u00e9s Pajares (hijo) para ser Andr\u00e9s Burguera.\u00a0<\/p>\n<p>Pero la m\u00e1xima decepci\u00f3n con su familia llega cuando su padre <strong>le echa de casa<\/strong>. En un \u2018S\u00e1lvame Deluxe\u2019, el hijo reconoci\u00f3 que el motivo que se escond\u00eda detr\u00e1s de tan dr\u00e1stica decisi\u00f3n no era otro que su orientaci\u00f3n sexual.\u00a0<\/p>\n<p><img loading=\"lazy\" decoding=\"async\"   src=\"https:\/\/www.europesays.com\/es\/wp-content\/uploads\/2025\/11\/andres-burguera_afaec764_251127171002_1200x1831.webp.webp\" alt=\"Andres Burguera\" class=\"lazyload\" width=\"1200\" height=\"1831\" data-aspectratio=\"1200\/1831\"\/><\/p>\n<p>En 1997, el hijo de Pajares protagoniz\u00f3 un momento surrealista cuando le confundieron con el asesino de Versace<\/p>\n<p>&#13;Gtres<\/p>\n<p>A esto se le a\u00f1ade uno de los momentos m\u00e1s surrealistas a nivel internacional protagonizado por un famoso espa\u00f1ol: cuando Andr\u00e9s fue detenido <a href=\"https:\/\/www.lecturas.com\/actualidad\/pesadilla-andres-burguera-hijo-pajares-cuando-creyeron-que-habia-asesinado-a-versace_32469\" rel=\"nofollow noopener\" target=\"_blank\">acusado de haber asesinado a Gianni Versace<\/a>. En 1997, el dise\u00f1ador italiano era disparado en su casa de Miami por Andrew Cunanan; quien guardaba un gran parecido con Burguera. La detenci\u00f3n tuvo lugar en Nueva York, donde el hijo del c\u00f3mico se encontraba estudiando para ser actor. La polic\u00eda le espos\u00f3, le detuvo y hasta le someti\u00f3 a un interrogatorio, del que, por supuesto, fue puesto en libertad, tras reconocer que se hab\u00eda tratado de una equivocaci\u00f3n.<\/p>\n<p>Durante estos a\u00f1os, Andr\u00e9s ha trabajado como azafato para una aerol\u00ednea; pero esto no le ha impedido seguir\u00a0 visitando plat\u00f3s y hablando de su familia. Uno de los momentos m\u00e1s complicados a los que tuvo que hacer frente fue un bache econ\u00f3mico, del que se recuper\u00f3 sin ayuda de su padre ni de nadie de su entorno.\u00a0<\/p>\n<p><img loading=\"lazy\" decoding=\"async\"   src=\"https:\/\/www.europesays.com\/es\/wp-content\/uploads\/2025\/11\/burguera_2e1f84e5_251127171102_1200x1799.webp.webp\" alt=\"burguera\" class=\"lazyload\" width=\"1200\" height=\"1799\" data-aspectratio=\"1200\/1799\"\/><\/p>\n<p>Actualmente y tras cientos de idas y venidas, padre e hijo no mantienen ning\u00fan contacto\u00a0<\/p>\n<p>&#13;Gtres<\/p>\n<p>Ahora, retirado de la vida en el aire, Burguera hace balance y se arrepiente de muchas cosas que dijo en programas de coraz\u00f3n atacando a su progenitor, con quien vimos un peque\u00f1o amago de acercamiento en 2019, pero que, ahora en 2025 la relaci\u00f3n es inexistente. \u201cLa relaci\u00f3n es la que uno quiere tener. Yo soy una persona pac\u00edfica, no busco problemas. <strong>No obligo a nadie a tener una relaci\u00f3n<\/strong>. Mi vida no gira en torno a mi padre, gira en torno a mi pareja, a mi hijo y a mi hija\u201d. \u00a0<\/p>\n<p>Eva Pajares, la hija fuera del matrimonio<\/p>\n<p>En el a\u00f1o 2003, una de las noticias que agitaron el panorama rosa fue el reconocimiento, por parte de Andr\u00e9s Pajares, de que ten\u00eda una hija secreta. Eva hab\u00eda nacido en 1971 y hab\u00eda sido fruto de <strong>un affaire del c\u00f3mico con una bailarina<\/strong>.\u00a0<\/p>\n<p>\u201cPara m\u00ed es un placer presentar a mi hija biol\u00f3gica que est\u00e1 aqu\u00ed a mi lado y que no conoc\u00edais\u201d, dijo el actor cuando hizo su presentaci\u00f3n oficial. \u201cSe llama Eva, tiene 31 a\u00f1os y no quiere, como yo, que por ser hija de una persona popular pueda manipularse de mala forma esta noticia. Es de agradecer a la familia que la ha criado durante 31 a\u00f1os, aun sabiendo que yo era padre biol\u00f3gico de ella, circunstancia que<strong> yo desconoc\u00eda hasta hace poco tiempo, no haberme molestado en todos estos 31 a\u00f1os<\/strong>. Todo ha sido una historia hermosa y rom\u00e1ntica. La casualidad y Dios han querido que nos conozcamos hace poco tiempo. Hoy soy un hombre m\u00e1s feliz que antes\u201d.<\/p>\n<p><img loading=\"lazy\" decoding=\"async\"   src=\"https:\/\/www.europesays.com\/es\/wp-content\/uploads\/2025\/11\/eva-pajares_ba2b1600_251127171256_1200x1800.webp.webp\" alt=\"eva pajares\" class=\"lazyload\" width=\"1200\" height=\"1800\" data-aspectratio=\"1200\/1800\"\/><\/p>\n<p>En 2003, Andr\u00e9s reconoci\u00f3 como su hija a Eva, nacida de su relaci\u00f3n con una bailarina<\/p>\n<p>&#13;Gtres<\/p>\n<p>Entre ambos se dio entonces una relaci\u00f3n tan intensa como sorprendente. Padre e hija se apresuraron a recuperar el tiempo perdido, y Eva se convirti\u00f3 en el nuevo ojito derecho de Pajares, quien la llevaba como acompa\u00f1ante a todos los eventos. Durante mucho tiempo fueron inseparables, y esto gener\u00f3 toda clase de comentarios.\u00a0<\/p>\n<p>Tras su salto a la fama, esta ha procurado mantenerse al margen y tiene una vida bastante m\u00e1s discreta que la del resto de su familia.\u00a0<\/p>\n<p>Mari Cielo Pajares Alonso, en medio de la guerra<\/p>\n<p>Nacida en 1976, viene al mundo dos a\u00f1os despu\u00e9s de la boda entre su padre y su madre. A ella quiz\u00e1s le ha tocado jugar un papel m\u00e1s complicado y dif\u00edcil en esta guerra entre los miembros de su compleja familia. <strong>Muchas veces ha sido mediadora, pero otras, no le ha quedado m\u00e1s remedio y se ha visto arrastrada a tomar partido<\/strong>. Una situaci\u00f3n que hizo mella en su salud mental.\u00a0<\/p>\n<p><img loading=\"lazy\" decoding=\"async\"   src=\"https:\/\/www.europesays.com\/es\/wp-content\/uploads\/2025\/11\/andres-pajares_91f5dbab_251127171327_1200x1659.webp.webp\" alt=\"Andres Pajares\" class=\"lazyload\" width=\"1200\" height=\"1659\" data-aspectratio=\"1200\/1659\"\/><\/p>\n<p>Mari Cielo se ha visto arrastrada a una guerra familiar\u00a0<\/p>\n<p>&#13;Gtres<\/p>\n<p>Criada en un ambiente art\u00edstico, Mari Cielo tuvo claro que se dedicar\u00eda a lo mismo que sus progenitores; con la diferencia de que ella, adem\u00e1s, escribir\u00eda. La hija menor de Pajares ha luchado por su carrera de actriz, as\u00ed como por la de escritora. Tiene varios libros publicados, \u2018Vuelve, Inocencia\u2019 o \u201813 Curvas\u2019; el primero de poes\u00eda rom\u00e1ntica y el segundo de terror.\u00a0<\/p>\n<p>En lo que respecta a su vida personal, esta ha estado marcada por su conflictiva relaci\u00f3n con su progenitor, que su madre ha explicado as\u00ed: \u201cMari Cielo es la persona m\u00e1s \u00edntegra y desinteresada. <strong>Como hija quiere m\u00e1s al padre que a m\u00ed. <\/strong>Por eso, a lo mejor, los disgustos se los ha llevado m\u00e1s gordos, porque tiene endiosado a su padre\u00bb, contaba en \u2018Fiesta\u2019.<\/p>\n<p><img loading=\"lazy\" decoding=\"async\"   src=\"https:\/\/www.europesays.com\/es\/wp-content\/uploads\/2025\/11\/pajares_717e728b_251127171352_1200x833.webp.webp\" alt=\"Pajares\" class=\"lazyload\" width=\"1200\" height=\"833\" data-aspectratio=\"1200\/833\"\/><\/p>\n<p>Mari Cielo tiene debilidad por su padre, por lo que sus conflictos con \u00e9l le han dolido especialmente<\/p>\n<p>&#13;Gtres<\/p>\n<p>Mari Cielo ha tenido rachas muy malas y de ellas ha hablado en televisi\u00f3n. Una de las \u00faltimas, confes\u00f3 que padec\u00eda depresi\u00f3n. \u201c<strong>Para mi padre estoy muerta&#8230; Tuve un accidente de coche que me qued\u00e9 en la UCI y se fue de vacaciones<\/strong>\u201d, se lamentaba. La actriz y escritora tambi\u00e9n ha tenido graves problemas econ\u00f3micos, por lo que se vio obligada a subir fotograf\u00edas suyas provocativas a la plataforma Onlyfans. Esto le vali\u00f3 el enfado de su progenitor, quien \u201cla llam\u00f3 de todo\u201d al enterarse. \u201cEs lamentable que un padre tenga que soportar esto. Espero que sea por su estado de salud mental. <strong>Le deseo que se mejore y no haga m\u00e1s el RID\u00cdCULO<\/strong>\u201d, le dedic\u00f3 el humorista.\u00a0<\/p>\n<p>Ahora Mari Cielo est\u00e1 viviendo en Estados Unidos y trabaja en la adaptaci\u00f3n en formato serie de una de sus novelas, tal y como cont\u00f3 el propio Andr\u00e9s. A juzgar por esto y por lo que ella deja adivinar a trav\u00e9s de sus redes, la relaci\u00f3n entre padre e hija parece m\u00e1s cercana. Esta, siempre que visita al actor y a su mujer, comparte alguna instant\u00e1nea, dejando claro que le ha perdonado.\u00a0<\/p>\n<p><img loading=\"lazy\" decoding=\"async\"   src=\"https:\/\/www.europesays.com\/es\/wp-content\/uploads\/2025\/11\/mari-cielo-pajares_c176faea_251127171422_1200x800.webp.webp\" alt=\"mari cielo pajares\" class=\"lazyload\" width=\"1200\" height=\"800\" data-aspectratio=\"1200\/800\"\/><\/p>\n<p>\u00abPara mi padre, mi madre y yo estamos muertas\u00bb, ha llegado a pronunciar Mari Cielo durante una \u00e9poca de distanciamiento del actor<\/p>\n<p>&#13;Gtres<\/p>\n<p>\u00bfY con su hermano mayor? Mari Cielo y Andr\u00e9s parece que han encontrado un equilibrio en no dedicarse demasiada atenci\u00f3n. \u201c<strong>Con ella tengo una relaci\u00f3n telep\u00e1tica<\/strong>\u201d, confesaba Burguera para \u2018Y ahora Sonsoles\u2019. \u201cLos dos sabemos lo que hay, que es poco, pero es bastante\u201d.<\/p>\n<p>\u201cPor mucho que algunos se empe\u00f1en en emborronar nuestra relaci\u00f3n no lo van a conseguir\u201d, ha dicho Andr\u00e9s Pajares al periodista Jos\u00e9 de Santiago. \u201cMe llevo bien con mis tres hijos, con Andr\u00e9s, Mari Cielo y Eva. Y el cari\u00f1o est\u00e1 por encima de todo. Insisto, cuando Andr\u00e9s quiera verme aqu\u00ed tiene su casa\u201d. \u00bfSer\u00e1 este el final feliz para los Pajares?<br \/>\u00a0<\/p>\n","protected":false},"excerpt":{"rendered":"El 17 de diciembre de 1997, el actor Andr\u00e9s Pajares se sentaba en \u2018T\u00f3mbola\u2019 donde se defend\u00eda de&hellip;\n","protected":false},"author":2,"featured_media":260633,"comment_status":"","ping_status":"","sticky":false,"template":"","format":"standard","meta":{"footnotes":""},"categories":[174],"tags":[255,146,147,25,24,256,23],"class_list":{"0":"post-260632","1":"post","2":"type-post","3":"status-publish","4":"format-standard","5":"has-post-thumbnail","7":"category-famosos","8":"tag-celebrities","9":"tag-entertainment","10":"tag-entretenimiento","11":"tag-es","12":"tag-espana","13":"tag-famosos","14":"tag-spain"},"share_on_mastodon":{"url":"https:\/\/pubeurope.com\/@es\/115628402612963509","error":""},"_links":{"self":[{"href":"https:\/\/www.europesays.com\/es\/wp-json\/wp\/v2\/posts\/260632","targetHints":{"allow":["GET"]}}],"collection":[{"href":"https:\/\/www.europesays.com\/es\/wp-json\/wp\/v2\/posts"}],"about":[{"href":"https:\/\/www.europesays.com\/es\/wp-json\/wp\/v2\/types\/post"}],"author":[{"embeddable":true,"href":"https:\/\/www.europesays.com\/es\/wp-json\/wp\/v2\/users\/2"}],"replies":[{"embeddable":true,"href":"https:\/\/www.europesays.com\/es\/wp-json\/wp\/v2\/comments?post=260632"}],"version-history":[{"count":0,"href":"https:\/\/www.europesays.com\/es\/wp-json\/wp\/v2\/posts\/260632\/revisions"}],"wp:featuredmedia":[{"embeddable":true,"href":"https:\/\/www.europesays.com\/es\/wp-json\/wp\/v2\/media\/260633"}],"wp:attachment":[{"href":"https:\/\/www.europesays.com\/es\/wp-json\/wp\/v2\/media?parent=260632"}],"wp:term":[{"taxonomy":"category","embeddable":true,"href":"https:\/\/www.europesays.com\/es\/wp-json\/wp\/v2\/categories?post=260632"},{"taxonomy":"post_tag","embeddable":true,"href":"https:\/\/www.europesays.com\/es\/wp-json\/wp\/v2\/tags?post=260632"}],"curies":[{"name":"wp","href":"https:\/\/api.w.org\/{rel}","templated":true}]}}