{"id":260636,"date":"2025-11-28T17:04:11","date_gmt":"2025-11-28T17:04:11","guid":{"rendered":"https:\/\/www.europesays.com\/es\/260636\/"},"modified":"2025-11-28T17:04:11","modified_gmt":"2025-11-28T17:04:11","slug":"lunes-y-martes-nuevos-capitulos-de-renacer","status":"publish","type":"post","link":"https:\/\/www.europesays.com\/es\/260636\/","title":{"rendered":"lunes y martes, nuevos cap\u00edtulos de Renacer"},"content":{"rendered":"<p>En los pr\u00f3ximos cap\u00edtulos de <b>Renacer<\/b>, Seren sufre amnesia parcial. Despierta <b>confundida <\/b>y sin recordar momentos clave de su vida. Sus <b>preguntas <\/b>lo llenan todo: \u201c\u00bfQu\u00e9 me est\u00e1 pasando? \u00bfPor qu\u00e9 no recuerdo nada?\u201d.<\/p>\n<p>Mientras tanto, <b>Bahar <\/b>descubre los v\u00eddeos de seguridad y comprende la <b>gravedad <\/b>de lo ocurrido. La verdad la deja en <b>shock <\/b>y la coloca en una posici\u00f3n dif\u00edcil dentro de la familia.<\/p>\n<p><b>Uras<\/b>, al saber que todo ha salido a la luz, <b>entra en tensi\u00f3n<\/b>. No sabe c\u00f3mo hablar con <b>Seren <\/b>ni c\u00f3mo asumir sus propios errores ahora que ella no recuerda lo que pas\u00f3.<\/p>\n<p>La situaci\u00f3n se vuelve <b>cada vez m\u00e1s delicada <\/b>y Bahar siente que cualquier paso puede cambiarlo todo. En los pr\u00f3ximos cap\u00edtulos, la familia se enfrenta <b>a d\u00edas de incertidumbre<\/b>:<\/p>\n<p>Seren intenta ordenar su mente,Uras busca una salida y Bahar decide qu\u00e9 hacer con la verdad que ha descubierto.<\/p>\n<p>No te pierdas Renacer, lunes y martes <b>a las 22:50h<\/b> en Antena 3. Disponible tambi\u00e9n en <b><a title=\"atresplayer\" href=\"https:\/\/www.atresplayer.com\/antena3\/series\/renacer\/\" target=\"_blank\" rel=\"nofollow noopener\">atresplayer<\/a><\/b>.<\/p>\n","protected":false},"excerpt":{"rendered":"En los pr\u00f3ximos cap\u00edtulos de Renacer, Seren sufre amnesia parcial. Despierta confundida y sin recordar momentos clave de&hellip;\n","protected":false},"author":2,"featured_media":260637,"comment_status":"","ping_status":"","sticky":false,"template":"","format":"standard","meta":{"footnotes":""},"categories":[171],"tags":[146,147,25,24,23,214],"class_list":{"0":"post-260636","1":"post","2":"type-post","3":"status-publish","4":"format-standard","5":"has-post-thumbnail","7":"category-tv","8":"tag-entertainment","9":"tag-entretenimiento","10":"tag-es","11":"tag-espana","12":"tag-spain","13":"tag-tv"},"share_on_mastodon":{"url":"https:\/\/pubeurope.com\/@es\/115628412939197148","error":""},"_links":{"self":[{"href":"https:\/\/www.europesays.com\/es\/wp-json\/wp\/v2\/posts\/260636","targetHints":{"allow":["GET"]}}],"collection":[{"href":"https:\/\/www.europesays.com\/es\/wp-json\/wp\/v2\/posts"}],"about":[{"href":"https:\/\/www.europesays.com\/es\/wp-json\/wp\/v2\/types\/post"}],"author":[{"embeddable":true,"href":"https:\/\/www.europesays.com\/es\/wp-json\/wp\/v2\/users\/2"}],"replies":[{"embeddable":true,"href":"https:\/\/www.europesays.com\/es\/wp-json\/wp\/v2\/comments?post=260636"}],"version-history":[{"count":0,"href":"https:\/\/www.europesays.com\/es\/wp-json\/wp\/v2\/posts\/260636\/revisions"}],"wp:featuredmedia":[{"embeddable":true,"href":"https:\/\/www.europesays.com\/es\/wp-json\/wp\/v2\/media\/260637"}],"wp:attachment":[{"href":"https:\/\/www.europesays.com\/es\/wp-json\/wp\/v2\/media?parent=260636"}],"wp:term":[{"taxonomy":"category","embeddable":true,"href":"https:\/\/www.europesays.com\/es\/wp-json\/wp\/v2\/categories?post=260636"},{"taxonomy":"post_tag","embeddable":true,"href":"https:\/\/www.europesays.com\/es\/wp-json\/wp\/v2\/tags?post=260636"}],"curies":[{"name":"wp","href":"https:\/\/api.w.org\/{rel}","templated":true}]}}