{"id":260648,"date":"2025-11-28T17:11:10","date_gmt":"2025-11-28T17:11:10","guid":{"rendered":"https:\/\/www.europesays.com\/es\/260648\/"},"modified":"2025-11-28T17:11:10","modified_gmt":"2025-11-28T17:11:10","slug":"bolsa-e-ibex-35-hoy-en-directo-45","status":"publish","type":"post","link":"https:\/\/www.europesays.com\/es\/260648\/","title":{"rendered":"Bolsa e Ibex 35 hoy, en directo"},"content":{"rendered":"<p>      IBEX 35<\/p>\n<p> Las\u00a0<strong>bolsas europeas\u00a0<\/strong>cierran ligeramente al alza, en un d\u00eda en el que s\u00ed han contado con la referencia de\u00a0<strong>Wall Street. <\/strong>No obstante, este solo abrir\u00e1 media sesi\u00f3n por <strong>Acci\u00f3n de Gracias.<\/strong> De momento, los \u00edndices de Nueva York avanzan en torno al medio punto porcentual, en una jornada en la que las acciones estadounidenses pondr\u00e1n fin a un mes de noviembre inestable, especialmente el Nasdaq, que podr\u00eda romper su racha de siete meses consecutivos de ganancias si finalmente cierra la jornada en negativo. <\/p>\n<p> Volviendo a Europa,<strong>\u00a0<\/strong>las plazas se han movido hoy en un rango estrecho de precios. El <strong>Dax alem\u00e1n<\/strong> suma un 0,25% con Deutsche Boerse (+2,2%) como el m\u00e1s alcista tras lanzar <a href=\"https:\/\/www.elconfidencial.com\/mercados\/2025-11-27\/gestor-de-la-bolsa-alemana-lanza-una-opa-por-allfunds_4256175\/\" target=\"_self\" rel=\"nofollow noopener\">la opa por Allfunds,<\/a> mientras que el <strong>Cac franc\u00e9s<\/strong> se anota una ganancia similar y el<strong> Mib italiano<\/strong> avanza un 0,32% pese al lastre de <a href=\"https:\/\/www.elconfidencial.com\/empresas\/2025-11-27\/ceo-de-monte-dei-paschi-investigado-por-manipular_4256117\/\" target=\"_self\" rel=\"nofollow noopener\">Monte dei Paschi<\/a> (-2%), en medio de las novedades por la investigaci\u00f3n a su CEO. El <strong>FTSE 100 brit\u00e1nico <\/strong>tambi\u00e9n<strong> <\/strong>asciende un 0,27% gracias al auge de easyJet (+3%).  <\/p>\n<p> De este modo, el Ibex ha sido hoy <strong>el menos afortunado<\/strong> de Europa al avanzar levemente. El selectivo espa\u00f1ol suma un t\u00edmido 0,06%<strong> <\/strong>que le aproxima a la cota de los 16.400 puntos, para concluir una semana sin ca\u00eddas y con una ganancia del 3,5%. <\/p>\n<p> Entre los valores que lo han inclinado hacia el color verde, han destacado las acereras <strong>ArcelorMittal <\/strong>(+1,53%) y <strong>Acerinox <\/strong>(+1,08%) y <strong>Rovi <\/strong>(+1,11%). Asimismo, <strong>Inditex <\/strong>(+0,42%) y <strong>BBVA <\/strong>(+022%), algunas de las compa\u00f1\u00edas m\u00e1s relevantes, cierran al alza, junto a <strong>CaixaBank<\/strong> (+0,92%) y <strong>Repsol<\/strong>, que se ha colado entre las m\u00e1s alcistas al subir un 1,46%. La petrolera coge aire en bolsa ante el repunte de este viernes del precio del petr\u00f3leo. <\/p>\n<p> En el lado opuesto, <strong>Fluidra<\/strong> cierra con un descenso del 1,57%, siendo de las mayores ca\u00eddas, sin considerar a <strong>Bankinter<\/strong>, que resta un 2,2% al descontar dividendo. Le acompa\u00f1an <strong>Indra <\/strong>(-1,5%) y <strong>Sabadell<\/strong> (-0,9%), mientras que pesos pesados como <strong>Telef\u00f3nica<\/strong> (-1,24%) o <strong>Iberdrola<\/strong> (-0,16%) han impedido que el selectivo registra alzas m\u00e1s contundentes.  <\/p>\n<p> El crudo <strong>Brent<\/strong>, de referencia en Europa, gana un 0,1% hasta colocarse ya por encima de los 63 d\u00f3lares el barril, aunque el balance mensual es muy negativo. En datos de Bloomberg, el petr\u00f3leo se encamina hacia la racha de p\u00e9rdidas mensuales <strong>m\u00e1s larga en m\u00e1s de dos a\u00f1os<\/strong>, mientras los operadores esperan la reuni\u00f3n de la OPEP+ este fin de semana y eval\u00faan los esfuerzos liderados por EEUU para poner fin al <strong>conflicto en Ucrania<\/strong>. <\/p>\n<p> En cuanto a la revisi\u00f3n mensual del Ibex, el indicador nacional despide un mes de noviembre alcista, al subir m\u00e1s de un 2%, y en el que ha marcado m\u00e1ximos hist\u00f3ricos, afianzando as\u00ed su liderazgo con respecto al resto de \u00edndices europeos. Todo ello,\u00a0pese a los tambores de <strong>burbuja<\/strong> en la bolsa estadounidense, sobre todo en los valores ligados a la\u00a0IA, y gracias al optimismo ante una posible rebaja de tipos de la Reserva Federal (<strong>Fed<\/strong>) en la \u00faltima reuni\u00f3n del a\u00f1o.\u00a0 <\/p>\n<ul class=\"bodyList bodyList--unordered\">\n<li class=\"bodyList__item\"><strong>OHLA <\/strong>ha ca\u00eddo un 9,7% tras <a href=\"https:\/\/www.elconfidencial.com\/empresas\/2025-11-27\/ohla-resultados-construccion-internacional-1hms_4256301\/\" target=\"_self\" rel=\"nofollow noopener\">sus resultados<\/a> de los nueve primeros meses del a\u00f1o, en los que perdi\u00f3 45,6 millones de euros, el 22% menos que en el mismo periodo de 2024, por los mayores gastos financieros tras la extensi\u00f3n y refinanciaci\u00f3n del bono corporativo y al fallo judicial derivado de un proyecto en Chile. <\/li>\n<li class=\"bodyList__item\"><strong>Allfunds <\/strong>ha ca\u00eddo un 0,6% hoy, despu\u00e9s de dispararse ayer m\u00e1s del 22%. \u00bfEl motivo? El gestor de la bolsa alemana, <strong>Deutsche Boerse<\/strong>, lanz\u00f3 una opa por la compa\u00f1\u00eda. En este sentido, <strong>Deutsche Bank <\/strong>cree que las acciones de Allfunds pueden valer m\u00e1s en el largo plazo que el precio que Deutsche Borse.<\/li>\n<li class=\"bodyList__item\">La agencia de calificaci\u00f3n de riesgos <strong>Moody&#8217;s<\/strong> asign\u00f3 este viernes una clasificaci\u00f3n de <strong>Baa2<\/strong> (riesgo moderado de cr\u00e9dito), desde la anterior Baa3, a <strong>International Airlines Group<\/strong> (IAG) -al que pertenecen, entre otras,<strong> Iberia y British Airways<\/strong>&#8211; gracias a la solidez de su modelo de negocio y de red y a su favorable posici\u00f3n de costes.<\/li>\n<li class=\"bodyList__item\">El <a href=\"https:\/\/www.elconfidencial.com\/mercados\/2025-11-28\/el-oro-brilla-se-dispara-un-60-desde-enero_4256574\/\" target=\"_self\" rel=\"nofollow noopener\">oro<\/a> brilla como nunca: el metal dorado<strong> se dispara un 60%<\/strong> desde enero y firma su mejor a\u00f1o desde 1979, en un contexto de posible recorte de tipos de la Reserva Federal.<\/li>\n<\/ul>\n","protected":false},"excerpt":{"rendered":"IBEX 35 Las\u00a0bolsas europeas\u00a0cierran ligeramente al alza, en un d\u00eda en el que s\u00ed han contado con la&hellip;\n","protected":false},"author":2,"featured_media":260649,"comment_status":"","ping_status":"","sticky":false,"template":"","format":"standard","meta":{"footnotes":""},"categories":[80],"tags":[82,95,94,25,24,23],"class_list":{"0":"post-260648","1":"post","2":"type-post","3":"status-publish","4":"format-standard","5":"has-post-thumbnail","7":"category-economia","8":"tag-business","9":"tag-economia","10":"tag-economy","11":"tag-es","12":"tag-espana","13":"tag-spain"},"share_on_mastodon":{"url":"https:\/\/pubeurope.com\/@es\/115628440555028490","error":""},"_links":{"self":[{"href":"https:\/\/www.europesays.com\/es\/wp-json\/wp\/v2\/posts\/260648","targetHints":{"allow":["GET"]}}],"collection":[{"href":"https:\/\/www.europesays.com\/es\/wp-json\/wp\/v2\/posts"}],"about":[{"href":"https:\/\/www.europesays.com\/es\/wp-json\/wp\/v2\/types\/post"}],"author":[{"embeddable":true,"href":"https:\/\/www.europesays.com\/es\/wp-json\/wp\/v2\/users\/2"}],"replies":[{"embeddable":true,"href":"https:\/\/www.europesays.com\/es\/wp-json\/wp\/v2\/comments?post=260648"}],"version-history":[{"count":0,"href":"https:\/\/www.europesays.com\/es\/wp-json\/wp\/v2\/posts\/260648\/revisions"}],"wp:featuredmedia":[{"embeddable":true,"href":"https:\/\/www.europesays.com\/es\/wp-json\/wp\/v2\/media\/260649"}],"wp:attachment":[{"href":"https:\/\/www.europesays.com\/es\/wp-json\/wp\/v2\/media?parent=260648"}],"wp:term":[{"taxonomy":"category","embeddable":true,"href":"https:\/\/www.europesays.com\/es\/wp-json\/wp\/v2\/categories?post=260648"},{"taxonomy":"post_tag","embeddable":true,"href":"https:\/\/www.europesays.com\/es\/wp-json\/wp\/v2\/tags?post=260648"}],"curies":[{"name":"wp","href":"https:\/\/api.w.org\/{rel}","templated":true}]}}