{"id":260662,"date":"2025-11-28T17:24:18","date_gmt":"2025-11-28T17:24:18","guid":{"rendered":"https:\/\/www.europesays.com\/es\/260662\/"},"modified":"2025-11-28T17:24:18","modified_gmt":"2025-11-28T17:24:18","slug":"los-gestos-de-cayetano-rivera-que-ponen-en-evidencia-como-es-la-relacion-con-su-familia","status":"publish","type":"post","link":"https:\/\/www.europesays.com\/es\/260662\/","title":{"rendered":"Los gestos de Cayetano Rivera que ponen en evidencia c\u00f3mo es la relaci\u00f3n con su familia"},"content":{"rendered":"<p><strong>Cayetano Rivera <\/strong>(48 a\u00f1os) no pasa por uno de sus memores momentos. El pasado verano se convirti\u00f3 en el protagonista de cientos de titulares tras un grave incidente en un establecimiento de comida r\u00e1pida por el que acab\u00f3 siendo detenido por la polic\u00eda. Meses despu\u00e9s, hace tan solo un par de semanas, el torero volvi\u00f3 a ser noticia tras chocar contra una rotonda y destrozar varias palmeras. Un accidente con el coche del que huy\u00f3 para no hacerse la prueba de alcoholemia.\u00a0<\/p>\n<p>\u00ab<strong>Vino la polic\u00eda, s\u00ed, porque fue en la entrada a mi urbanizaci\u00f3n<\/strong>\u00a0y estaba a escasos metros de mi casa.\u00a0<strong>Con el golpe estaba un poco aturdido\u00a0<\/strong>y fui a sentarme un poco. \u00a1Pero ya est\u00e1! Ni positivo ni nada.\u00a0<strong>El golpe no fue importante. \u00bfQui\u00e9n ha dicho que yo di positivo?<\/strong>\u00a0No es cierto nada de lo que se dice. No hay control, por lo cual no hay positivo\u00bb, dejo claro el diestro sobre lo ocurrido.\u00a0<\/p>\n<p>En medio de esta serie de catastr\u00f3ficas desdichas, Cayetano siempre ha estado acompa\u00f1ado por su familia. Los Rivera siempre se han apoyado y no han dudado en dar la cara los unos por los otros, pero tambi\u00e9n es cierto que la relaci\u00f3n entre el exmarido de Eva Gonz\u00e1lez y Francisco <strong>no pasa desde hace tiempo por el mejor de los momentos.\u00a0<\/strong><\/p>\n<p><img decoding=\"async\" src=\"https:\/\/www.europesays.com\/es\/wp-content\/uploads\/2025\/11\/joaquin-torres_ac3fcaf3_251128124216_800x800.webp.webp\" alt=\"Joaqu\u00edn Torres\" class=\"image lazyload\"\/><img loading=\"lazy\" decoding=\"async\" src=\"https:\/\/www.europesays.com\/es\/wp-content\/uploads\/2025\/11\/joaquin-torres_ac3fcaf3_251128124221_1280x720.webp.webp\" alt=\"La vida vuelve a golpear duro a Joaqu\u00edn Torres: muere su cu\u00f1ado y su cu\u00f1ada est\u00e1 en quimioterapia\" class=\"image lazyload\" width=\"1280\" height=\"720\" data-aspectratio=\"1280\/720\"\/>El motivo del distanciamiento\u00a0<\/p>\n<p>Fue a ra\u00edz\u00a0de la Goyesca de Ronda de 2019 cuando parece que comenz\u00f3 la disputa entre Fran y Cayetano. El marido de Lourdes Montes, gestor de la plaza, decidi\u00f3 adelantar el evento al 31 de agosto y eso provoc\u00f3 que el peque\u00f1o de los dos se molestase.\u00a0\u00ab<strong>A veces nos llevamos mejor, otras peor; unas veces nos peleamos, otras no.<\/strong> Seguimos adelante. S\u00ed, le llamo y \u00e9l me llama&#8230; No somos Ca\u00edn y Abel, pero tampoco los hermanos Marx\u00bb, coment\u00f3 el padre de Cayetana en &#8216;\u00a1De viernes!&#8217;.\u00a0<\/p>\n<p><img loading=\"lazy\" decoding=\"async\"   src=\"https:\/\/www.europesays.com\/es\/wp-content\/uploads\/2025\/11\/cayetano-y-fran-rivera_bee80ca1_251128155245_1200x799.webp.webp\" alt=\"Cayetano y Fran Rivera\" class=\"lazyload\" width=\"1200\" height=\"799\" data-aspectratio=\"1200\/799\"\/><\/p>\n<p>Francisco Rivera cont\u00f3 que quiere mucho a su hermano Cayetano, pero que tienen una relaci\u00f3n llena de altibajos.\u00a0<\/p>\n<p>&#13;Gtres<\/p>\n<p>Los rumores crecieron el pasado mayo durante la despedida de su hermano Cayetano, en la Real maestranza de Sevilla. Y es que Fran fue uno de los grandes ausentes. Eso s\u00ed, esta vez hab\u00eda un motivo de peso: <strong>\u00abNo pude ir porque tuvimos que ingresar a Nicol\u00e1s de urgencias y estuvo todo el d\u00eda en observaci\u00f3n. Ese fue el motivo y me doli\u00f3 no estar\u00bb,<\/strong> cont\u00f3 Fran en &#8216;\u00a1Hola!&#8217;.\u00a0<\/p>\n<p>Es m\u00e1s, Francisco hizo hincapi\u00e9 en que a pesar de todos los altibajos que puedan pasar, como cualquier relaci\u00f3n entre hermanos, lo importante para ellos es que sus hijos siempre se mantengan juntos y est\u00e9n bien entre ellos. \u00ab<strong>Queremos que los primos se vean, es importante<\/strong>\u00ab, a\u00f1adi\u00f3 el torero.\u00a0<\/p>\n<p><img loading=\"lazy\" decoding=\"async\"   src=\"https:\/\/www.europesays.com\/es\/wp-content\/uploads\/2025\/11\/cayetano-y-el-turronero_7fe8b47c_251128161557_1200x853.webp.webp\" alt=\"Cayetano y El Turronero \" class=\"lazyload\" width=\"1200\" height=\"853\" data-aspectratio=\"1200\/853\"\/><\/p>\n<p>Cayetano ha saludado y conversado con el empresario, que es el padrino del hijo de Francisco y Lourdes Montes.\u00a0<\/p>\n<p>&#13;GTRES<br \/>\nLos gestos que evidencian en qu\u00e9 punto est\u00e1 su relaci\u00f3n\u00a0<\/p>\n<p>Ha sido este viernes 28 de noviembre cuando Francisco y Lourdes Montes han celebrado uno de los d\u00edas m\u00e1s bonitos de su vida: <a href=\"https:\/\/www.lecturas.com\/actualidad\/francisco-rivera-y-lourdes-montes-bautizan-a-su-hijo-arropados-por-amigos-y-familiares_185023\" rel=\"nofollow noopener\" target=\"_blank\">el bautizo de su hijo Nicol\u00e1s<\/a>. Totalmente emocionados, el matrimonio ha acudido a la iglesia de Santa Ana, en el sevillano barrio de Triana, junto a sus seres queridos y c\u00edrculo m\u00e1s cercano.\u00a0<\/p>\n<p><img loading=\"lazy\" decoding=\"async\"   src=\"https:\/\/www.europesays.com\/es\/wp-content\/uploads\/2025\/11\/cayetano-rivera-y-tana_0f69e9a6_251128160256_1200x1803.webp.webp\" alt=\"Cayetano Rivera y Tana\" class=\"lazyload\" width=\"1200\" height=\"1803\" data-aspectratio=\"1200\/1803\"\/><\/p>\n<p>Cayetano ha abrazado y charlado durante varios minutos con su sobrina Tana.\u00a0<\/p>\n<p>&#13;<\/p>\n<p>\u00a0<\/p>\n<p><img loading=\"lazy\" decoding=\"async\"   src=\"https:\/\/www.europesays.com\/es\/wp-content\/uploads\/2025\/11\/tana-y-cayaetano_cade8571_251128160346_1200x1803.webp.webp\" alt=\"Tana y Cayaetano\" class=\"lazyload\" width=\"1200\" height=\"1803\" data-aspectratio=\"1200\/1803\"\/><\/p>\n<p>Tana y tu t\u00edo Cayetano, muy cari\u00f1osos a las puertas de la iglesia en el bautizo del peque\u00f1o Nicol\u00e1s.\u00a0<\/p>\n<p>&#13;GTRES<\/p>\n<p>Era una cita muy bonita e importante en la que Cayetano, que s\u00ed estaba invitado, podr\u00eda haber decidido no ir. Algo que habr\u00eda aumentado los rumores de mala relaci\u00f3n y que no ha pasado. <strong>El torero ha estado tanto en la misa como en la celebraci\u00f3n posterior.<\/strong> Un gesto que ha evidenciado lo cerca que se encuentran. De hecho, <strong>el cu\u00f1ado de Lourdes Montes ha sido fotografiado con su sobrina Tana a las puertas del templo. Han<\/strong> charlado durante varios momentos y se han mostrado muy cari\u00f1os.\u00a0<\/p>\n<p><strong>Cayetano tambi\u00e9n ha conversado y se ha re\u00eddo cuando ha visto a &#8216;El Turronero<\/strong>&#8216;, el padrino del protagonista del d\u00eda. S\u00ed, el empresario andaluz ha sido la persona elegida como el responsable del peque\u00f1o Nicol\u00e1s porque es uno de los amigos m\u00e1s \u00edntimos de la familia.\u00a0<\/p>\n","protected":false},"excerpt":{"rendered":"Cayetano Rivera (48 a\u00f1os) no pasa por uno de sus memores momentos. El pasado verano se convirti\u00f3 en&hellip;\n","protected":false},"author":2,"featured_media":260663,"comment_status":"","ping_status":"","sticky":false,"template":"","format":"standard","meta":{"footnotes":""},"categories":[174],"tags":[255,146,147,25,24,256,23],"class_list":{"0":"post-260662","1":"post","2":"type-post","3":"status-publish","4":"format-standard","5":"has-post-thumbnail","7":"category-famosos","8":"tag-celebrities","9":"tag-entertainment","10":"tag-entretenimiento","11":"tag-es","12":"tag-espana","13":"tag-famosos","14":"tag-spain"},"share_on_mastodon":{"url":"https:\/\/pubeurope.com\/@es\/115628492208759052","error":""},"_links":{"self":[{"href":"https:\/\/www.europesays.com\/es\/wp-json\/wp\/v2\/posts\/260662","targetHints":{"allow":["GET"]}}],"collection":[{"href":"https:\/\/www.europesays.com\/es\/wp-json\/wp\/v2\/posts"}],"about":[{"href":"https:\/\/www.europesays.com\/es\/wp-json\/wp\/v2\/types\/post"}],"author":[{"embeddable":true,"href":"https:\/\/www.europesays.com\/es\/wp-json\/wp\/v2\/users\/2"}],"replies":[{"embeddable":true,"href":"https:\/\/www.europesays.com\/es\/wp-json\/wp\/v2\/comments?post=260662"}],"version-history":[{"count":0,"href":"https:\/\/www.europesays.com\/es\/wp-json\/wp\/v2\/posts\/260662\/revisions"}],"wp:featuredmedia":[{"embeddable":true,"href":"https:\/\/www.europesays.com\/es\/wp-json\/wp\/v2\/media\/260663"}],"wp:attachment":[{"href":"https:\/\/www.europesays.com\/es\/wp-json\/wp\/v2\/media?parent=260662"}],"wp:term":[{"taxonomy":"category","embeddable":true,"href":"https:\/\/www.europesays.com\/es\/wp-json\/wp\/v2\/categories?post=260662"},{"taxonomy":"post_tag","embeddable":true,"href":"https:\/\/www.europesays.com\/es\/wp-json\/wp\/v2\/tags?post=260662"}],"curies":[{"name":"wp","href":"https:\/\/api.w.org\/{rel}","templated":true}]}}