{"id":260668,"date":"2025-11-28T17:28:10","date_gmt":"2025-11-28T17:28:10","guid":{"rendered":"https:\/\/www.europesays.com\/es\/260668\/"},"modified":"2025-11-28T17:28:10","modified_gmt":"2025-11-28T17:28:10","slug":"fechas-de-steve-n-seagulls-escucha-el-disco-de-adventus-nocturnal-en-hispanoamerica","status":"publish","type":"post","link":"https:\/\/www.europesays.com\/es\/260668\/","title":{"rendered":"Fechas de STEVE N\u2019 SEAGULLS. Escucha el disco de ADVENTUS. NOCTURNAL en Hispanoam\u00e9rica."},"content":{"rendered":"<p>\u00a0<\/p>\n<p style=\"text-align: center;\"><strong><a href=\"#SEAGULLS\">Fechas de STEVE N\u2019 SEAGULLS<\/a> \u2013 <a href=\"#ADVENTUS2\">Escucha el disco de ADVENTUS<\/a> \u2013 <a href=\"#NOCTURNAL2\">NOCTURNAL en Hispanoam\u00e9rica<\/a>. <\/strong><\/p>\n<p><strong>STEVE N\u2019 SEAGULLS <\/strong>han anunciado fechas en nuestro pa\u00eds.<\/p>\n<p>Este es el comunicado de los organizadores:<\/p>\n<p>\u201cPodr\u00eda haber sido un fr\u00edo d\u00eda de invierno o una c\u00e1lida noche de verano en Finlandia\u2026 pero fue alrededor de 2010 cuando alguien tuvo la idea de combinar bluegrass, folk finland\u00e9s y rock\/metal. As\u00ed naci\u00f3 <strong>STEVE N\u2019 SEAGULLS<\/strong> , la banda que no sab\u00edas que echabas de menos, pero que ahora sabes que quieres volver a escuchar. Este alegre y explosivo grupo finland\u00e9s cabalga m\u00e1s fuerte y r\u00e1pido que nunca, y en 2025 regresan con un nuevo \u00e1lbum bajo el brazo: \u2018The Dark Side of the Moo\u2019.<\/p>\n<p>Con m\u00e1s de 346 millones de visualizaciones en YouTube, presencia en las listas de Finlandia y en la Billboard Bluegrass Chart, y actuaciones en algunos de los festivales m\u00e1s grandes del planeta, <strong>STEVE N\u2019 SEAGULLS<\/strong> han llevado su mezcla imposible de bluegrass progresivo, newgrass, folk n\u00f3rdico y esp\u00edritu rockero a m\u00e1s de 30 pa\u00edses y cuatro continentes. Y ahora, Espa\u00f1a vuelve a estar en su punto de mira.<\/p>\n<p>Para celebrar la llegada de su esperado quinto \u00e1lbum, grabado junto al mismo equipo que los acompa\u00f1\u00f3 en su anterior trabajo, la banda anuncia una gira por nuestro pa\u00eds en octubre. Sobre el escenario presentar\u00e1n sus nuevas canciones y algunas reinvenciones de cl\u00e1sicos, en ese estilo tan suyo que hace que g\u00e9neros impensables se saluden como viejos amigos. Una aut\u00e9ntica sopa musical con diversi\u00f3n garantizada.<\/p>\n<p><strong>Estas son las fechas: 19 de octubre en la sala Capitol de Santiago de Compostela, 21 de octubre en el Kaf\u00e9 Antzokia de Bilbao, 22 de octubre en la sala L\u00f3pez de Zaragoza, 23 de octubre en la sala Rock City de Valencia, 24 de octubre en la sala El Tren de Granada y 25 de octubre en la sala Custom de Sevilla<\/strong>.<\/p>\n<p>Entradas a la venta en madnesslive.es.\u201d<\/p>\n<p><img fetchpriority=\"high\" decoding=\"async\" src=\"https:\/\/www.europesays.com\/es\/wp-content\/uploads\/2025\/11\/cartel_oct26.jpg\" alt=\"STEVE N\u2019 SEAGULLS \" width=\"500\" height=\"500\"\/><\/p>\n<p>\u00a0<\/p>\n<p>\u00a0<\/p>\n<p>A continuaci\u00f3n pod\u00e9is escuchar \u00edntegro el nuevo disco de <strong>ADVENTUS<\/strong> \u201cDe mi coraz\u00f3n y otras miserias\u201d.<\/p>\n<p>Los \u00faltimos v\u00eddeos del grupo en esta <a href=\"https:\/\/www.rafabasa.com\/2025\/11\/13\/deep-purple-adventus-glasya\/#ADVENTUS\" rel=\"nofollow noopener\" target=\"_blank\">noticia<\/a>.<\/p>\n<p>\u00a0<\/p>\n<p>\u00a0<\/p>\n<p><a href=\"https:\/\/www.facebook.com\/nocturnalunholythrash\" target=\"_blank\" rel=\"noopener nofollow\"><strong>NOCTURNAL<\/strong><\/a> han anunciado las siguientes fechas en Hispanoam\u00e9rica:<\/p>\n<p>Abril<\/p>\n<p>29 Ciudad de Guatemala, Guatemala<br \/>30 Ciudad de M\u00e9xico, M\u00e9xico<\/p>\n<p>Mayo<\/p>\n<p>1 Medell\u00edn, Colombia **<br \/>2 Palmira, Colombia **<br \/>3 Bogot\u00e1, Colombia **<br \/>7 Lima, Per\u00fa<br \/>8 Santiago de Chile, Chile **<br \/>9 Buenos Aires, Argentina **<\/p>\n<p>** Con EVIL INCARNATE<\/p>\n<p>Se espera que anuncien m\u00e1s fechas en Iberoam\u00e9rica.<\/p>\n<p>El \u00faltimo disco de <a href=\"https:\/\/www.facebook.com\/nocturnalunholythrash\" target=\"_blank\" rel=\"noopener nofollow\"><strong>NOCTURNAL<\/strong><\/a> \u201cSerpent Death\u201d sali\u00f3 el 27 de agosto de 2021 a trav\u00e9s de Dying Victims Productions.<\/p>\n<p>Todos los detalles en esta <a href=\"https:\/\/www.rafabasa.com\/2021\/06\/01\/slipknot-of-gods-monsters-nocturnal\/#NOCTURNAL\" target=\"_blank\" rel=\"noopener nofollow\">noticia<\/a>.<\/p>\n<p>\u00a0<\/p>\n<p align=\"center\"><strong>Sigue el\u00a0<a href=\"https:\/\/whatsapp.com\/channel\/0029VaCprxVBA1f555USvT2O\" target=\"_blank\" rel=\"nofollow noopener\">Canal de RAFABASA.COM en WhatsApp<\/a>, donde encontrar\u00e1s todas nuestras novedades al instante<\/strong><\/p>\n<p>\u00a0<\/p>\n<p>\u00a0<\/p>\n<p>\u00a0<\/p>\n<p>\u00a0<\/p>\n","protected":false},"excerpt":{"rendered":"\u00a0 Fechas de STEVE N\u2019 SEAGULLS \u2013 Escucha el disco de ADVENTUS \u2013 NOCTURNAL en Hispanoam\u00e9rica. STEVE N\u2019&hellip;\n","protected":false},"author":2,"featured_media":260669,"comment_status":"","ping_status":"","sticky":false,"template":"","format":"standard","meta":{"footnotes":""},"categories":[170],"tags":[45489,146,147,25,24,184,185,63199,23,65121],"class_list":{"0":"post-260668","1":"post","2":"type-post","3":"status-publish","4":"format-standard","5":"has-post-thumbnail","7":"category-musica","8":"tag-adventus","9":"tag-entertainment","10":"tag-entretenimiento","11":"tag-es","12":"tag-espana","13":"tag-music","14":"tag-musica","15":"tag-nocturnal","16":"tag-spain","17":"tag-steve-n-seagulls"},"share_on_mastodon":{"url":"https:\/\/pubeurope.com\/@es\/115628507995395279","error":""},"_links":{"self":[{"href":"https:\/\/www.europesays.com\/es\/wp-json\/wp\/v2\/posts\/260668","targetHints":{"allow":["GET"]}}],"collection":[{"href":"https:\/\/www.europesays.com\/es\/wp-json\/wp\/v2\/posts"}],"about":[{"href":"https:\/\/www.europesays.com\/es\/wp-json\/wp\/v2\/types\/post"}],"author":[{"embeddable":true,"href":"https:\/\/www.europesays.com\/es\/wp-json\/wp\/v2\/users\/2"}],"replies":[{"embeddable":true,"href":"https:\/\/www.europesays.com\/es\/wp-json\/wp\/v2\/comments?post=260668"}],"version-history":[{"count":0,"href":"https:\/\/www.europesays.com\/es\/wp-json\/wp\/v2\/posts\/260668\/revisions"}],"wp:featuredmedia":[{"embeddable":true,"href":"https:\/\/www.europesays.com\/es\/wp-json\/wp\/v2\/media\/260669"}],"wp:attachment":[{"href":"https:\/\/www.europesays.com\/es\/wp-json\/wp\/v2\/media?parent=260668"}],"wp:term":[{"taxonomy":"category","embeddable":true,"href":"https:\/\/www.europesays.com\/es\/wp-json\/wp\/v2\/categories?post=260668"},{"taxonomy":"post_tag","embeddable":true,"href":"https:\/\/www.europesays.com\/es\/wp-json\/wp\/v2\/tags?post=260668"}],"curies":[{"name":"wp","href":"https:\/\/api.w.org\/{rel}","templated":true}]}}