{"id":260674,"date":"2025-11-28T17:31:09","date_gmt":"2025-11-28T17:31:09","guid":{"rendered":"https:\/\/www.europesays.com\/es\/260674\/"},"modified":"2025-11-28T17:31:09","modified_gmt":"2025-11-28T17:31:09","slug":"campana-de-cruz-roja-para-educar-a-jovenes-en-prevencion-del-vih-y-eliminar-la-discriminacion","status":"publish","type":"post","link":"https:\/\/www.europesays.com\/es\/260674\/","title":{"rendered":"Campa\u00f1a de Cruz Roja para educar a j\u00f3venes en prevenci\u00f3n del VIH y eliminar la discriminaci\u00f3n"},"content":{"rendered":"<p>Cruz Roja y Cruz Roja Juventud han iniciado la campa\u00f1a \u2018Apoya, inf\u00f3rmate, prot\u00e9gete. Hazlo con ganas\u2019, destinada a sensibilizar a los j\u00f3venes sobre la relevancia de implementar medidas preventivas contra el VIH y otras infecciones de transmisi\u00f3n sexual (ITS), as\u00ed como erradicar la discriminaci\u00f3n hacia los afectados.<\/p>\n<p>En el marco del D\u00eda Mundial de la Lucha contra el SIDA, la organizaci\u00f3n ha destacado el problema de la serofobia en los j\u00f3venes, la necesidad de contar con informaci\u00f3n fiable frente a falsedades, y la importancia de una educaci\u00f3n sexual que prevenga las ITS y promueva su detecci\u00f3n temprana. Tambi\u00e9n ha enfatizado en la creaci\u00f3n de un espacio seguro para que los j\u00f3venes puedan expresar sus preocupaciones y en la importancia del autocuidado y las pruebas de detecci\u00f3n del VIH e ITS.<\/p>\n<p>La entidad ha recordado que, a pesar de los avances en prevenci\u00f3n, detecci\u00f3n y tratamiento, el VIH sigue siendo un desaf\u00edo sanitario global, y los casos de ITS han aumentado recientemente. Por ello, es crucial continuar con la labor de informaci\u00f3n y sensibilizaci\u00f3n para desmontar estigmas y evitar nuevas infecciones.<\/p>\n<p>Seg\u00fan ONUSIDA, m\u00e1s de 40 millones de personas en el mundo est\u00e1n infectadas por el VIH, siendo el 53 por ciento mujeres y ni\u00f1as. En Espa\u00f1a, el a\u00f1o 2023 cerr\u00f3 con aproximadamente 3.200 nuevos casos de VIH, donde el 33,5 por ciento eran j\u00f3venes de entre 23 a 34 a\u00f1os.<\/p>\n<p>Cruz Roja Espa\u00f1ola se concentra en la prevenci\u00f3n del VIH y otras ITS, priorizando el diagn\u00f3stico temprano y la atenci\u00f3n integral a los individuos afectados y sus entornos, promoviendo tambi\u00e9n la adherencia a los tratamientos. En 2024, m\u00e1s de 64.500 personas participaron en programas de informaci\u00f3n, educaci\u00f3n y apoyo relacionados con el VIH\/sida y otras ITS.<\/p>\n<p>20 A\u00d1OS DE INFO PREVENCI\u00d3N<\/p>\n<p>Este a\u00f1o, Cruz Roja celebra el 20 aniversario del servicio Info Prevenci\u00f3n, creado en 2005 para ofrecer informaci\u00f3n precisa y promover conductas responsables en la prevenci\u00f3n del VIH y otras ITS. Este servicio ha gestionado m\u00e1s de 624.000 consultas, un 84,2 por ciento de ellas por tel\u00e9fono o chat, sobre temas como v\u00edas de transmisi\u00f3n, diagn\u00f3stico y recursos sanitarios.<\/p>\n<p>La informaci\u00f3n m\u00e1s demandada ha sido sobre v\u00edas de transmisi\u00f3n (85,52% de las consultas), transmisi\u00f3n en pr\u00e1cticas sexuales (70,26%) y pruebas del VIH (43,80%). La mayor parte de los usuarios (43,93%) tienen entre 30 y 39 a\u00f1os, y un 26,70 por ciento entre 20 y 29 a\u00f1os.<\/p>\n","protected":false},"excerpt":{"rendered":"Cruz Roja y Cruz Roja Juventud han iniciado la campa\u00f1a \u2018Apoya, inf\u00f3rmate, prot\u00e9gete. Hazlo con ganas\u2019, destinada a&hellip;\n","protected":false},"author":2,"featured_media":135832,"comment_status":"","ping_status":"","sticky":false,"template":"","format":"standard","meta":{"footnotes":""},"categories":[92],"tags":[25,24,165,166,23],"class_list":{"0":"post-260674","1":"post","2":"type-post","3":"status-publish","4":"format-standard","5":"has-post-thumbnail","7":"category-salud","8":"tag-es","9":"tag-espana","10":"tag-health","11":"tag-salud","12":"tag-spain"},"share_on_mastodon":{"url":"https:\/\/pubeurope.com\/@es\/115628519417184889","error":""},"_links":{"self":[{"href":"https:\/\/www.europesays.com\/es\/wp-json\/wp\/v2\/posts\/260674","targetHints":{"allow":["GET"]}}],"collection":[{"href":"https:\/\/www.europesays.com\/es\/wp-json\/wp\/v2\/posts"}],"about":[{"href":"https:\/\/www.europesays.com\/es\/wp-json\/wp\/v2\/types\/post"}],"author":[{"embeddable":true,"href":"https:\/\/www.europesays.com\/es\/wp-json\/wp\/v2\/users\/2"}],"replies":[{"embeddable":true,"href":"https:\/\/www.europesays.com\/es\/wp-json\/wp\/v2\/comments?post=260674"}],"version-history":[{"count":0,"href":"https:\/\/www.europesays.com\/es\/wp-json\/wp\/v2\/posts\/260674\/revisions"}],"wp:featuredmedia":[{"embeddable":true,"href":"https:\/\/www.europesays.com\/es\/wp-json\/wp\/v2\/media\/135832"}],"wp:attachment":[{"href":"https:\/\/www.europesays.com\/es\/wp-json\/wp\/v2\/media?parent=260674"}],"wp:term":[{"taxonomy":"category","embeddable":true,"href":"https:\/\/www.europesays.com\/es\/wp-json\/wp\/v2\/categories?post=260674"},{"taxonomy":"post_tag","embeddable":true,"href":"https:\/\/www.europesays.com\/es\/wp-json\/wp\/v2\/tags?post=260674"}],"curies":[{"name":"wp","href":"https:\/\/api.w.org\/{rel}","templated":true}]}}