{"id":260675,"date":"2025-11-28T17:32:16","date_gmt":"2025-11-28T17:32:16","guid":{"rendered":"https:\/\/www.europesays.com\/es\/260675\/"},"modified":"2025-11-28T17:32:16","modified_gmt":"2025-11-28T17:32:16","slug":"fran-rivera-bautiza-a-su-tercer-hijo-arropado-por-cayetano-rivera-tras-el-accidente-y-tana-rivera-a-juego-con-lourdes-montes","status":"publish","type":"post","link":"https:\/\/www.europesays.com\/es\/260675\/","title":{"rendered":"Fran Rivera bautiza a su tercer hijo arropado por Cayetano Rivera (tras el accidente) y Tana Rivera (a juego con Lourdes Montes)"},"content":{"rendered":"<p>Fran Rivera y Lourdes Montes celebran este viernes uno de los d\u00edas m\u00e1s importantes de su vida con el bautizo de su tercer hijo, el peque\u00f1o Nicol\u00e1s, que naci\u00f3 en mayo d\u00e1ndole un hermanito a Carmen y Curro, adem\u00e1s de a Tana, la hija de Fran con Eugenia Mart\u00ednez de Irujo. Los padres han sonre\u00eddo a su llegada a la Iglesia de Santa Ana de Triana, hasta donde tambi\u00e9n se han desplazado la propia Tana, Cayetano Rivera (tras el accidente de la rotonda en la capital hispalense) y otros cien invitados. <a href=\"https:\/\/www.eleconomista.es\/informalia\/famosos\/noticias\/13664346\/11\/25\/primicia-lourdes-montes-y-francisco-rivera-bautizan-este-viernes-a-su-hijo-nicolas-en-sevilla-con-el-turronero-como-padrino-y-no-es-segura-la-presencia-de-cayetano.html\" title=\"Primicia: Lourdes Montes y Francisco Rivera bautizan este viernes a su hijo con El Turronero como padrino y no es segura la presencia de Cayetano\" rel=\"nofollow noopener\" target=\"_blank\">Informalia adelant\u00f3 este jueves que este viernes se celebrar\u00eda el bautizo<\/a>. Y as\u00ed ha sido.<\/p>\n<p><a href=\"https:\/\/www.eleconomista.es\/informalia\/famosos\/noticias\/13666913\/11\/25\/el-turronero-llega-al-bautizo-del-hijo-de-fran-rivera-como-padrino-tal-y-como-avanzamos-feliz-de-entrar-en-la-familia-por-la-puerta-grande.html\" title=\"El Turronero llega al bautizo del hijo de Fran Rivera como padrino (tal y como avanzamos): &quot;Feliz de entrar en la familia por la puerta grande&quot;\" rel=\"nofollow noopener\" target=\"_blank\">Uno de los primeros en llegar ha sido El Turronero<\/a>, empresario con una de las mayores fortunas de Andaluc\u00eda que tambi\u00e9n ha hecho buenas migas con Fran en los negocios: \u00ab<b>Muy emocionado<\/b>, claro que s\u00ed. Es un papel importante y una responsabilidad que cumplir.<b> Feliz de entrar en la familia por la puerta grande<\/b>\u00ab, ha dicho el empresario a su llegada a la iglesia, a la que ha acudido acompa\u00f1ado por Carmen, su esposa.<\/p>\n<p>                            <img decoding=\"async\" src=\"https:\/\/www.europesays.com\/es\/wp-content\/uploads\/2025\/11\/770x_turronero.jpg\" loading=\"lazy\"\/><\/p>\n<p>                            <img decoding=\"async\" src=\"https:\/\/www.europesays.com\/es\/wp-content\/uploads\/2025\/11\/770x_abarazo.jpg\" loading=\"lazy\"\/><\/p>\n<p><b>\u00abLos padres me pidieron que quer\u00edan que fuese y yo encantad\u00edsimo de poder entrar dentro de la familia, que ya soy, somos como familia\u00bb<\/b>, ha explicado. Despu\u00e9s de que Nicol\u00e1s reciba las aguas bautismales en la Iglesia de Santa Ana de Triana, la familia y los invitados (alrededor de unos cien) se trasladar\u00e1n a una finca cercana a la capital andaluza. Fran y Lourdes lo llevaban casi en secreto, como ya contamos, para no chafar la exclusiva que tienen cerrada en Hola.<\/p>\n<p>                            <img decoding=\"async\" src=\"https:\/\/www.europesays.com\/es\/wp-content\/uploads\/2025\/11\/770x_fran-rivera-lourdes-montes-bautizo.jpg\" loading=\"lazy\"\/><\/p>\n<p><b>Cayetano Rivera<\/b>, relacionado en los \u00faltimos d\u00edas con la reportera de Telecinco Gemma Camacho, tambi\u00e9n ha acudido finalmente a la iglesia tras el accidente que sufri\u00f3 al estromparse contra una rotonda en Sevilla hace solo un par de semanas. Al hijo peque\u00f1o de Carmina Ord\u00f3\u00f1ez y Paquirri se le achac\u00f3 exceso de velocidad, haberse negado a la prueba de alcoholemia y haber abandonado el lugar de los hechos sin esperar a la polic\u00eda.<\/p>\n<p>                            <img decoding=\"async\" src=\"https:\/\/www.europesays.com\/es\/wp-content\/uploads\/2025\/11\/770x_fran-rivera-bautizo-nicolas.jpg\" loading=\"lazy\"\/><\/p>\n<p>Algunos testigos han asegurado que Cayetano tuvo un comportamiento correcto dentro del shock por el aparatoso suceso y, por su parte, el hijo mediano de Paquirri y Carmen Ord\u00f3\u00f1ez explic\u00f3 que su distracci\u00f3n al volante se debi\u00f3 a que estaba buscando el mando del garaje al que se dispon\u00eda a entrar con el coche.<\/p>\n<p><b>A Tana Rivera, a juego con el traje aterciopelado de Lourdes Montes<\/b>, tambi\u00e9n la hemos visto en la iglesia. De hecho, ha llegado con su padre y la dise\u00f1adora, pero sin \u00c1lvaro, el joven con el que ha recuperado la ilusi\u00f3n tras su ruptura este verano con Manuel Vega, <a href=\"https:\/\/www.eleconomista.es\/informalia\/famosos\/noticias\/13634027\/11\/25\/exclusiva-tana-rivera-vuelve-a-encontrar-el-amor-seis-meses-despues-de-romper-con-manuel-vega.html\" title=\"Exclusiva: Tana Rivera vuelve a encontrar el amor seis meses despu\u00e9s de romper con Manuel Vega\" rel=\"nofollow noopener\" target=\"_blank\">tal y como avanzamos<\/a>. Ambas vestidas de morado, Tana ha completado su elecci\u00f3n con una camisa asim\u00e9trica de color naranja. Fran, por su parte, ha acudido enfundado en traje gris. Debido a las tensiones familiares, no hemos visto ni a Kiko Rivera (noticia por su separaci\u00f3n de Irene Rosales) ni a Juli\u00e1n Contreras, que en las \u00faltimas semanas ha vuelto a protagonizar titulares contra Fran y Lourdes.<\/p>\n<p>                            <img decoding=\"async\" src=\"https:\/\/www.europesays.com\/es\/wp-content\/uploads\/2025\/11\/770x_fran-lourdes-bautizo-nicolas.jpg\" loading=\"lazy\"\/><\/p>\n<p>                            <img decoding=\"async\" src=\"https:\/\/www.europesays.com\/es\/wp-content\/uploads\/2025\/11\/770x_tana-rivera-bautizo-nicolas.jpg\" loading=\"lazy\"\/><\/p>\n<p>WhatsApp<a href=\"https:\/\/api.whatsapp.com\/send?text=https:\/\/www.eleconomista.es\/informalia\/famosos\/noticias\/13666981\/11\/25\/fran-rivera-bautiza-a-su-tercer-hijo-arropado-por-cayetano-rivera-tras-el-accidente-y-tana-rivera-a-juego-con-lourdes-montess.html?utm_source%3Dwhatsapp%26utm_medium%3Dshare_button&amp;id=1648118629957_whatsapp\" target=\"_blank\" data-action=\"share\/whatsapp\/share\" aria-label=\"Compartir en Whatsapp\" rel=\"nofollow noopener\"><\/a>Facebook<a id=\"fb-share\" href=\"#\" target=\"_blank\" rel=\"noopener noreferrer\" aria-label=\"Compartir en Facebook\"><\/a>Twitter<a href=\"https:\/\/twitter.com\/share?text=Fran+Rivera+bautiza+a+su+tercer+hijo+arropado+por+Cayetano+Rivera+%28tras+el+accidente%29+y+Tana+Rivera+%28a+juego+con+Lourdes+Montes%29&amp;url=https:\/\/www.eleconomista.es\/informalia\/famosos\/noticias\/13666981\/11\/25\/fran-rivera-bautiza-a-su-tercer-hijo-arropado-por-cayetano-rivera-tras-el-accidente-y-tana-rivera-a-juego-con-lourdes-montess.html&amp;via=Informalia&amp;id=1648118839245_twitter\" target=\"_blank\" aria-label=\"Compartir en Twitter\" rel=\"nofollow noopener\"><\/a>Linkedin<a onclick=\"return abrirLinkedin();\" href=\"https:\/\/www.linkedin.com\/shareArticle?text=Fran+Rivera+bautiza+a+su+tercer+hijo+arropado+por+Cayetano+Rivera+%28tras+el+accidente%29+y+Tana+Rivera+%28a+juego+con+Lourdes+Montes%29&amp;url=https:\/\/www.eleconomista.es\/informalia\/famosos\/noticias\/13666981\/11\/25\/fran-rivera-bautiza-a-su-tercer-hijo-arropado-por-cayetano-rivera-tras-el-accidente-y-tana-rivera-a-juego-con-lourdes-montess.html&amp;mini=true\" target=\"_blank\" aria-label=\"Compartir en linkedin\" rel=\"nofollow noopener\"><\/a>Beloud<a href=\"https:\/\/beloud.com\/share?text=Fran+Rivera+bautiza+a+su+tercer+hijo+arropado+por+Cayetano+Rivera+%28tras+el+accidente%29+y+Tana+Rivera+%28a+juego+con+Lourdes+Montes%29&amp;url=https:\/\/www.eleconomista.es\/informalia\/famosos\/noticias\/13666981\/11\/25\/fran-rivera-bautiza-a-su-tercer-hijo-arropado-por-cayetano-rivera-tras-el-accidente-y-tana-rivera-a-juego-con-lourdes-montess.html&amp;via=Informalia&amp;id=1648118839245_beloud\" target=\"_blank\" aria-label=\"Compartir en beloud\" rel=\"nofollow noopener\"><\/a>Bluesky<a href=\"https:\/\/bsky.app\/intent\/compose?text=https:\/\/bsky.app\/intent\/compose?text=https:\/\/www.eleconomista.es\/informalia\/famosos\/noticias\/13666981\/11\/25\/fran-rivera-bautiza-a-su-tercer-hijo-arropado-por-cayetano-rivera-tras-el-accidente-y-tana-rivera-a-juego-con-lourdes-montess.html&amp;url=https:\/\/www.eleconomista.es\/informalia\/famosos\/noticias\/13666981\/11\/25\/fran-rivera-bautiza-a-su-tercer-hijo-arropado-por-cayetano-rivera-tras-el-accidente-y-tana-rivera-a-juego-con-lourdes-montess.html&amp;via=elEconomistaes&amp;id=1648118839245_bluesky\" target=\"_blank\" aria-label=\"Compartir en bluesky\" rel=\"nofollow noopener\"><\/a><\/p>\n<p><script async src=\"https:\/\/platform.twitter.com\/widgets.js\" charset=\"utf-8\"><\/script><\/p>\n","protected":false},"excerpt":{"rendered":"Fran Rivera y Lourdes Montes celebran este viernes uno de los d\u00edas m\u00e1s importantes de su vida con&hellip;\n","protected":false},"author":2,"featured_media":260676,"comment_status":"","ping_status":"","sticky":false,"template":"","format":"standard","meta":{"footnotes":""},"categories":[91],"tags":[146,147,25,24,260,23],"class_list":{"0":"post-260675","1":"post","2":"type-post","3":"status-publish","4":"format-standard","5":"has-post-thumbnail","7":"category-entretenimiento","8":"tag-entertainment","9":"tag-entretenimiento","10":"tag-es","11":"tag-espana","12":"tag-gente","13":"tag-spain"},"share_on_mastodon":{"url":"https:\/\/pubeurope.com\/@es\/115628523900758201","error":""},"_links":{"self":[{"href":"https:\/\/www.europesays.com\/es\/wp-json\/wp\/v2\/posts\/260675","targetHints":{"allow":["GET"]}}],"collection":[{"href":"https:\/\/www.europesays.com\/es\/wp-json\/wp\/v2\/posts"}],"about":[{"href":"https:\/\/www.europesays.com\/es\/wp-json\/wp\/v2\/types\/post"}],"author":[{"embeddable":true,"href":"https:\/\/www.europesays.com\/es\/wp-json\/wp\/v2\/users\/2"}],"replies":[{"embeddable":true,"href":"https:\/\/www.europesays.com\/es\/wp-json\/wp\/v2\/comments?post=260675"}],"version-history":[{"count":0,"href":"https:\/\/www.europesays.com\/es\/wp-json\/wp\/v2\/posts\/260675\/revisions"}],"wp:featuredmedia":[{"embeddable":true,"href":"https:\/\/www.europesays.com\/es\/wp-json\/wp\/v2\/media\/260676"}],"wp:attachment":[{"href":"https:\/\/www.europesays.com\/es\/wp-json\/wp\/v2\/media?parent=260675"}],"wp:term":[{"taxonomy":"category","embeddable":true,"href":"https:\/\/www.europesays.com\/es\/wp-json\/wp\/v2\/categories?post=260675"},{"taxonomy":"post_tag","embeddable":true,"href":"https:\/\/www.europesays.com\/es\/wp-json\/wp\/v2\/tags?post=260675"}],"curies":[{"name":"wp","href":"https:\/\/api.w.org\/{rel}","templated":true}]}}