{"id":260688,"date":"2025-11-28T17:44:28","date_gmt":"2025-11-28T17:44:28","guid":{"rendered":"https:\/\/www.europesays.com\/es\/260688\/"},"modified":"2025-11-28T17:44:28","modified_gmt":"2025-11-28T17:44:28","slug":"luna-sobron-impulsa-la-gran-jornada-espanola-en-el-arranque-del-open-de-espana","status":"publish","type":"post","link":"https:\/\/www.europesays.com\/es\/260688\/","title":{"rendered":"Luna Sobr\u00f3n impulsa la gran jornada espa\u00f1ola en el arranque del Open de Espa\u00f1a"},"content":{"rendered":"<p class=\"ft-text ft-helper-align-justify\">El\u00a0<strong>Andaluc\u00eda Costa del Sol Open de Espa\u00f1a presented by Oysho<\/strong>\u00a0arranc\u00f3 con fuerza este jueves en el Real Guadalhorce Club de Golf, donde\u00a0<strong>Luna Sobr\u00f3n<\/strong>\u00a0brill\u00f3 con un magn\u00edfico -5 que la coloca en segunda posici\u00f3n empatada junto a C\u00e9line Herbin y a solo un golpe del liderato. Su actuaci\u00f3n, unida a las de\u00a0<strong>Marta Mart\u00edn<\/strong>\u00a0(-4),\u00a0<strong>Carlota Ciganda<\/strong>\u00a0(-3) y <a class=\"ft-link ft-link--decoration\" href=\"https:\/\/www.sport.es\/es\/noticias\/deportes\/golf\/quince-espanolas-lucharan-titulo-andalucia-124152391\" rel=\"nofollow noopener\" target=\"_blank\">al s\u00f3lido bloque de jugadoras espa\u00f1olas que termin\u00f3 bajo par, firm\u00f3 un inicio de torneo especialmente ilusionante para el golf nacional<\/a>.<\/p>\n<p class=\"ft-text ft-helper-align-justify\">Luna sali\u00f3 con decisi\u00f3n desde el tee del 1, exhibiendo la regularidad que la ha llevado a consolidarse entre las veinte mejores de la Orden de M\u00e9rito. Tras dos pares iniciales, enlaz\u00f3 birdies en el 3, 4, 7 y 9 para cerrar los primeros nueve hoyos con un sensacional -4. En la segunda vuelta mantuvo el temple, sum\u00f3 su quinto birdie en el 12 y complet\u00f3 seis pares consecutivos para rubricar una tarjeta sin errores.<\/p>\n<p class=\"ft-text ft-helper-align-justify\">\u00abSal\u00ed nerviosa, pero me supe calmar. Estoy teniendo una gran temporada y el trabajo con el putt est\u00e1 dando sus frutos, explic\u00f3 la balear, que valor\u00f3 tambi\u00e9n el apoyo de su caddie y pareja, \u00c1lvaro Alonso (excaddie de Carlota Ciganda): \u00abMe conoce muy bien, y tenerlo esta semana en la bolsa es un lujo\u00bb. Luna anim\u00f3 adem\u00e1s al p\u00fablico a llenar Guadalhorce: \u00ab<strong>Hay un nivel incre\u00edble y el campo est\u00e1 perfecto. \u00bfQu\u00e9 m\u00e1s se puede pedir<\/strong>?\u00bb, dijo.<\/p>\n<p>Carlota Ciganda, al acecho<\/p>\n<p class=\"ft-text ft-helper-align-justify\">Entre las dem\u00e1s espa\u00f1olas destacadas,<strong> Marta Mart\u00edn (-4) complet\u00f3 una vuelta muy s\u00f3lida que la sit\u00faa quinta empatada y con opciones reales de pelear por todo. Carlota Ciganda, vigente campeona, reaccion\u00f3 con jerarqu\u00eda tras el bogey inicial en el hoyo 1 y cerr\u00f3 el d\u00eda con un meritorio -3 y cuatro birdies totales<\/strong>, destacando especialmente su espectacular segundo golpe a bandera en el 18 para asegurar el birdie. \u00abEstoy contenta con este -3. Evidentemente siento algo de presi\u00f3n por haber ganado el a\u00f1o pasado, pero a\u00fan as\u00ed estoy con confianza y me motiva mucho jugar en casa\u00bb, se\u00f1al\u00f3 la navarra.<\/p>\n<p><img decoding=\"async\" src=\"https:\/\/www.europesays.com\/es\/wp-content\/uploads\/2025\/11\/141f5e7d-c307-41d7-9f80-36713d265836_alta-libre-aspect-ratio_default_0.jpg\" width=\"1200\" height=\"807\" alt=\"Un birdie en el 18 permiti\u00f3 a Carlota Ciganda subir posiciones en la primera jornada del Open de Espa\u00f1a\" class=\"ft-helper-img-rd\" loading=\"lazy\"\/><\/p>\n<p class=\"ft-helper-fontColor-quaternary ft-helper-fontSize-body-S ft-helper-spacer-t-xxs\">Un birdie en el 18 permiti\u00f3 a Carlota Ciganda subir posiciones en la primera jornada del Open de Espa\u00f1a  \/ LET<\/p>\n<p class=\"ft-text ft-helper-align-justify\">Tambi\u00e9n firmaron resultados prometedores\u00a0<strong>Harang Lee, Nuria Iturrioz, Amaia Latorre, Teresa Toscano<\/strong>\u00a0y\u00a0<strong>Azahara Mu\u00f1oz<\/strong>\u00a0(-2), todas ellas bien posicionadas para atacar en la segunda jornada. Las amateurs\u00a0<strong>Andrea Revuelta<\/strong>\u00a0(Par) y\u00a0<strong>Adriana Garc\u00eda Terol<\/strong>\u00a0(+1) completaron tambi\u00e9n un estreno s\u00f3lido frente a las mejores del continente.<\/p>\n<p class=\"ft-text ft-helper-align-justify\">En lo m\u00e1s alto de la clasificaci\u00f3n,\u00a0<strong>Smilla Soenderby<\/strong>\u00a0y\u00a0<strong>Trichat Cheenglab<\/strong>\u00a0compartieron el liderato con -6 tras dos actuaciones impecables, ambas sin bogeys<\/p>\n","protected":false},"excerpt":{"rendered":"El\u00a0Andaluc\u00eda Costa del Sol Open de Espa\u00f1a presented by Oysho\u00a0arranc\u00f3 con fuerza este jueves en el Real Guadalhorce&hellip;\n","protected":false},"author":2,"featured_media":260689,"comment_status":"","ping_status":"","sticky":false,"template":"","format":"standard","meta":{"footnotes":""},"categories":[274],"tags":[65125,168,65124,25,24,2501,5022,65123,64442,23,167,327,326],"class_list":{"0":"post-260688","1":"post","2":"type-post","3":"status-publish","4":"format-standard","5":"has-post-thumbnail","7":"category-tenis","8":"tag-del-open-de-espana","9":"tag-deportes","10":"tag-en-el-arranque","11":"tag-es","12":"tag-espana","13":"tag-espanola","14":"tag-impulsa","15":"tag-la-gran-jornada","16":"tag-luna-sobron","17":"tag-spain","18":"tag-sports","19":"tag-tenis","20":"tag-tennis"},"share_on_mastodon":{"url":"https:\/\/pubeurope.com\/@es\/115628570958361179","error":""},"_links":{"self":[{"href":"https:\/\/www.europesays.com\/es\/wp-json\/wp\/v2\/posts\/260688","targetHints":{"allow":["GET"]}}],"collection":[{"href":"https:\/\/www.europesays.com\/es\/wp-json\/wp\/v2\/posts"}],"about":[{"href":"https:\/\/www.europesays.com\/es\/wp-json\/wp\/v2\/types\/post"}],"author":[{"embeddable":true,"href":"https:\/\/www.europesays.com\/es\/wp-json\/wp\/v2\/users\/2"}],"replies":[{"embeddable":true,"href":"https:\/\/www.europesays.com\/es\/wp-json\/wp\/v2\/comments?post=260688"}],"version-history":[{"count":0,"href":"https:\/\/www.europesays.com\/es\/wp-json\/wp\/v2\/posts\/260688\/revisions"}],"wp:featuredmedia":[{"embeddable":true,"href":"https:\/\/www.europesays.com\/es\/wp-json\/wp\/v2\/media\/260689"}],"wp:attachment":[{"href":"https:\/\/www.europesays.com\/es\/wp-json\/wp\/v2\/media?parent=260688"}],"wp:term":[{"taxonomy":"category","embeddable":true,"href":"https:\/\/www.europesays.com\/es\/wp-json\/wp\/v2\/categories?post=260688"},{"taxonomy":"post_tag","embeddable":true,"href":"https:\/\/www.europesays.com\/es\/wp-json\/wp\/v2\/tags?post=260688"}],"curies":[{"name":"wp","href":"https:\/\/api.w.org\/{rel}","templated":true}]}}