{"id":260694,"date":"2025-11-28T17:48:16","date_gmt":"2025-11-28T17:48:16","guid":{"rendered":"https:\/\/www.europesays.com\/es\/260694\/"},"modified":"2025-11-28T17:48:16","modified_gmt":"2025-11-28T17:48:16","slug":"rosier-adelanta-su-regreso","status":"publish","type":"post","link":"https:\/\/www.europesays.com\/es\/260694\/","title":{"rendered":"Rosier adelanta su regreso"},"content":{"rendered":"<p class=\"paragraph\"><b>Osasuna <\/b>esperaba a<b> Valentin Rosier <\/b>durante el mes de enero, pero el defensa ha acortado plazos en su recuperaci\u00f3n y se le espera en el mes de <b>diciembre<\/b>, tal y como ha confirmado Alessio Lisci este viernes.<\/p>\n<p class=\"paragraph\">\u201cRosier ha adelantado los plazos y est\u00e1 muy cerca de volver, para Mallorca no, pero seguramente volver\u00e1 en 2025\u201d, ha dicho el entrenador, que no ha descartado que est\u00e9 disponible desde la pr\u00f3xima semana, en lo que supone el regreso de un futbolistas importante en su esquema hasta que tuvo que detenerse.<\/p>\n<p class=\"paragraph\">Un<b>a lesi\u00f3n en el b\u00edceps femoral <\/b>con afectaci\u00f3n tendinosa en su pierna derecha le dej\u00f3 KO hace dos meses, tiempo en el que principalmente Jon Moncayola ha sido su sustituto en el perfil derecho, adem\u00e1s de un Iker Benito que dijo adi\u00f3s a la temporada tras romperse el cruzado, el otro jugador en la enfermer\u00eda. De manera inminente, Rosier volver\u00e1 al grupo y estar\u00e1 disponible.<\/p>\n<p>Te puede interesar<img decoding=\"async\" loading=\"lazy\" alt=\"Jagoba Arrasate da instrucciones en La Cer\u00e1mica en el \u00faltimo partido contra el Villarreal.\" width=\"396\" height=\"252\" src=\"https:\/\/www.europesays.com\/es\/wp-content\/uploads\/2025\/11\/6928aff935df3.jpeg\"\/><img decoding=\"async\" loading=\"lazy\" alt=\"Mikel Serrano, este viernes en Tajonar\" width=\"396\" height=\"252\" src=\"https:\/\/www.europesays.com\/es\/wp-content\/uploads\/2025\/11\/1764352096_922_6928ad907d73d.jpeg\"\/><\/p>\n","protected":false},"excerpt":{"rendered":"Osasuna esperaba a Valentin Rosier durante el mes de enero, pero el defensa ha acortado plazos en su&hellip;\n","protected":false},"author":2,"featured_media":260695,"comment_status":"","ping_status":"","sticky":false,"template":"","format":"standard","meta":{"footnotes":""},"categories":[268],"tags":[168,25,24,280,282,65126,281,23,167],"class_list":{"0":"post-260694","1":"post","2":"type-post","3":"status-publish","4":"format-standard","5":"has-post-thumbnail","7":"category-futbol","8":"tag-deportes","9":"tag-es","10":"tag-espana","11":"tag-football","12":"tag-futbol","13":"tag-rosier-osasuna-lesion","14":"tag-soccer","15":"tag-spain","16":"tag-sports"},"share_on_mastodon":{"url":"https:\/\/pubeurope.com\/@es\/115628586248226039","error":""},"_links":{"self":[{"href":"https:\/\/www.europesays.com\/es\/wp-json\/wp\/v2\/posts\/260694","targetHints":{"allow":["GET"]}}],"collection":[{"href":"https:\/\/www.europesays.com\/es\/wp-json\/wp\/v2\/posts"}],"about":[{"href":"https:\/\/www.europesays.com\/es\/wp-json\/wp\/v2\/types\/post"}],"author":[{"embeddable":true,"href":"https:\/\/www.europesays.com\/es\/wp-json\/wp\/v2\/users\/2"}],"replies":[{"embeddable":true,"href":"https:\/\/www.europesays.com\/es\/wp-json\/wp\/v2\/comments?post=260694"}],"version-history":[{"count":0,"href":"https:\/\/www.europesays.com\/es\/wp-json\/wp\/v2\/posts\/260694\/revisions"}],"wp:featuredmedia":[{"embeddable":true,"href":"https:\/\/www.europesays.com\/es\/wp-json\/wp\/v2\/media\/260695"}],"wp:attachment":[{"href":"https:\/\/www.europesays.com\/es\/wp-json\/wp\/v2\/media?parent=260694"}],"wp:term":[{"taxonomy":"category","embeddable":true,"href":"https:\/\/www.europesays.com\/es\/wp-json\/wp\/v2\/categories?post=260694"},{"taxonomy":"post_tag","embeddable":true,"href":"https:\/\/www.europesays.com\/es\/wp-json\/wp\/v2\/tags?post=260694"}],"curies":[{"name":"wp","href":"https:\/\/api.w.org\/{rel}","templated":true}]}}