{"id":260707,"date":"2025-11-28T17:56:12","date_gmt":"2025-11-28T17:56:12","guid":{"rendered":"https:\/\/www.europesays.com\/es\/260707\/"},"modified":"2025-11-28T17:56:12","modified_gmt":"2025-11-28T17:56:12","slug":"tecnicos-de-enfermeria-piden-seguir-concienciando-sobre-la-importancia-de-las-pruebas-para-detectar-el-vih","status":"publish","type":"post","link":"https:\/\/www.europesays.com\/es\/260707\/","title":{"rendered":"T\u00e9cnicos de enfermer\u00eda piden seguir concienciando sobre la importancia de las pruebas para detectar el VIH"},"content":{"rendered":"<p><img id=\"fotoPrincipalNoticia\" src=\"https:\/\/www.europesays.com\/es\/wp-content\/uploads\/2025\/11\/fotonoticia_20251128175439_690.jpg\" loading=\"eager\" decoding=\"async\" style=\"view-transition-name: fechor_20251128175439;\" border=\"0\" alt=\"Archivo - VIH, propagaci\u00f3n\" fetchpriority=\"high\" title=\"T\u00e9cnicos de enfermer\u00eda piden seguir concienciando sobre la importancia de las pruebas para detectar el VIH\" width=\"690\" height=\"414\" itemprop=\"image\"\/><\/p>\n<p>Archivo &#8211; VIH, propagaci\u00f3n &#8211; FPM\/ ISTOCK &#8211; Archivo<\/p>\n<p>    MADRID 28 Nov. (EUROPA PRESS) &#8211; <\/p>\n<p>   El secretario de Acci\u00f3n Social y Formaci\u00f3n del Sindicato de T\u00e9cnicos de Enfermer\u00eda (SAE), Daniel Torres, ha pedido seguir concienciando sobre la importancia de realizar las pruebas para detectar el virus de la inmunodeficiencia humana (VIH), de forma que aquellos con un diagn\u00f3stico positivo accedan al tratamiento antirretroviral y reciban una atenci\u00f3n integral.<\/p>\n<p>   \u00abEn nuestro pa\u00eds, aunque los nuevos diagn\u00f3sticos de VIH descienden, aumenta el porcentaje de personas con un diagn\u00f3stico tard\u00edo -el 48,7 por ciento en 2023-. Por ello, es necesario seguir trabajando en la concienciaci\u00f3n de la poblaci\u00f3n sobre las pr\u00e1cticas de riesgo y la importancia que tienen las pruebas para detectar a tiempo la infecci\u00f3n\u00bb, ha afirmado Torres.<\/p>\n<p>   Tras ello, ha resaltado que para lograr el objetivo de cero muertes por sida en 2030 es necesario que la comunidad internacional impulse una actuaci\u00f3n conjunta que permita que los pa\u00edses afectados por los recortes en la financiaci\u00f3n internacional puedan seguir trabajando y avanzando para conseguir la meta planteada.<\/p>\n<p>    Asimismo, ha reclamado que un presupuesto adecuado para seguir mejorando los diagn\u00f3sticos tempranos, y es que, seg\u00fan ONUSIDA, en 2024 hab\u00eda unas 5,3 millones de personas no sab\u00edan que viv\u00edan con el VIH.<\/p>\n<p>   \u00abEl conocimiento es esencial para cuidar la salud. No obstante, el avance en Espa\u00f1a en la lucha contra el VIH es significativo, por ello debemos trabajar conjuntamente y compartir recursos con los pa\u00edses que m\u00e1s lo necesitan, pues, de otra manera, ser\u00e1 imposible erradicar la enfermedad\u00bb, ha concluido Torres.<\/p>\n","protected":false},"excerpt":{"rendered":"Archivo &#8211; VIH, propagaci\u00f3n &#8211; FPM\/ ISTOCK &#8211; Archivo MADRID 28 Nov. (EUROPA PRESS) &#8211; El secretario de&hellip;\n","protected":false},"author":2,"featured_media":260708,"comment_status":"","ping_status":"","sticky":false,"template":"","format":"standard","meta":{"footnotes":""},"categories":[92],"tags":[25,24,165,166,23],"class_list":{"0":"post-260707","1":"post","2":"type-post","3":"status-publish","4":"format-standard","5":"has-post-thumbnail","7":"category-salud","8":"tag-es","9":"tag-espana","10":"tag-health","11":"tag-salud","12":"tag-spain"},"share_on_mastodon":{"url":"https:\/\/pubeurope.com\/@es\/115628618087814389","error":""},"_links":{"self":[{"href":"https:\/\/www.europesays.com\/es\/wp-json\/wp\/v2\/posts\/260707","targetHints":{"allow":["GET"]}}],"collection":[{"href":"https:\/\/www.europesays.com\/es\/wp-json\/wp\/v2\/posts"}],"about":[{"href":"https:\/\/www.europesays.com\/es\/wp-json\/wp\/v2\/types\/post"}],"author":[{"embeddable":true,"href":"https:\/\/www.europesays.com\/es\/wp-json\/wp\/v2\/users\/2"}],"replies":[{"embeddable":true,"href":"https:\/\/www.europesays.com\/es\/wp-json\/wp\/v2\/comments?post=260707"}],"version-history":[{"count":0,"href":"https:\/\/www.europesays.com\/es\/wp-json\/wp\/v2\/posts\/260707\/revisions"}],"wp:featuredmedia":[{"embeddable":true,"href":"https:\/\/www.europesays.com\/es\/wp-json\/wp\/v2\/media\/260708"}],"wp:attachment":[{"href":"https:\/\/www.europesays.com\/es\/wp-json\/wp\/v2\/media?parent=260707"}],"wp:term":[{"taxonomy":"category","embeddable":true,"href":"https:\/\/www.europesays.com\/es\/wp-json\/wp\/v2\/categories?post=260707"},{"taxonomy":"post_tag","embeddable":true,"href":"https:\/\/www.europesays.com\/es\/wp-json\/wp\/v2\/tags?post=260707"}],"curies":[{"name":"wp","href":"https:\/\/api.w.org\/{rel}","templated":true}]}}