{"id":260713,"date":"2025-11-28T17:59:08","date_gmt":"2025-11-28T17:59:08","guid":{"rendered":"https:\/\/www.europesays.com\/es\/260713\/"},"modified":"2025-11-28T17:59:08","modified_gmt":"2025-11-28T17:59:08","slug":"alerta-por-salmonella-en-el-preparado-de-carne-burger-meat-de-pollo-del-consum","status":"publish","type":"post","link":"https:\/\/www.europesays.com\/es\/260713\/","title":{"rendered":"Alerta por Salmonella en el preparado de carne burger meat de pollo del Consum"},"content":{"rendered":"<p>La Agencia Espa\u00f1ola de Seguridad Alimentaria y Nutrici\u00f3n (AESAN) ha comunicado<a href=\"https:\/\/www.rtve.es\/noticias\/20250807\/brote-salmonelosis-deja-mas-400-afectados-siete-personas-ingresadas-barbastro-huesca\/16690358.shtml\" rel=\"nofollow noopener\" target=\"_blank\"> una alerta por la presencia<\/a> de s<strong>almonella en el preparado de carne burger meat de pollo de la marca Consum<\/strong>, detectada por la Comunidad Valenciana a trav\u00e9s del Sistema Coordinado de Intercambio R\u00e1pido de Informaci\u00f3n (SCIRI). El aviso afecta a los lotes 2830 y 1671, ambos con fecha de caducidad 01\/12\/2025, presentados en bandejas de 400 gramos y conservados en refrigeraci\u00f3n. <\/p>\n<p>Las autoridades <strong>recomiendan a cualquier persona que tenga este producto en casa no consumirlo bajo ning\u00fan concepto<\/strong>. La alerta se origin\u00f3 a partir del autocontrol de la propia empresa, que identific\u00f3 la posible contaminaci\u00f3n, inform\u00f3 de inmediato a las autoridades sanitarias y public\u00f3 una nota informativa dirigida a sus clientes. <\/p>\n<p>Seg\u00fan la informaci\u00f3n disponible, la distribuci\u00f3n del producto afectado abarc\u00f3 varias comunidades aut\u00f3nomas: <strong>Andaluc\u00eda, Arag\u00f3n, Comunidad Valenciana, Castilla-La Mancha, Catalu\u00f1a y Murcia<\/strong>. Los lotes implicados ya han sido retirados de los puntos de venta, mientras que<a href=\"https:\/\/www.rtve.es\/noticias\/20250702\/menos-162-afectados-por-posible-brote-salmonelosis-festival-oza-cesuras-a-coruna\/16648170.shtml\" rel=\"nofollow noopener\" target=\"_blank\"> el resto de los productos comercializados por la marca se consideran seguros<\/a>. Esta actuaci\u00f3n se enmarca en la normativa de seguridad alimentaria, que obliga a retirar del mercado cualquier alimento que pueda suponer un riesgo para la salud. <\/p>\n<p>Las autoridades regionales est\u00e1n verificando la completa retirada del producto a trav\u00e9s del SCIRI. Aunque el etiquetado del preparado indica que debe cocinarse completamente, proceso que elimina eficazmente la salmonella,, se aconseja no consumir los lotes afectados para evitar cualquier riesgo. En caso de haberlos ingerido y presentar s\u00edntomas compatibles con salmonelosis, como diarrea, v\u00f3mitos, fiebre o dolor de cabeza, las autoridades sanitarias recomiendan acudir a un centro de salud para valoraci\u00f3n m\u00e9dica.<\/p>\n","protected":false},"excerpt":{"rendered":"La Agencia Espa\u00f1ola de Seguridad Alimentaria y Nutrici\u00f3n (AESAN) ha comunicado una alerta por la presencia de salmonella&hellip;\n","protected":false},"author":2,"featured_media":260714,"comment_status":"","ping_status":"","sticky":false,"template":"","format":"standard","meta":{"footnotes":""},"categories":[80],"tags":[82,95,94,25,24,23],"class_list":{"0":"post-260713","1":"post","2":"type-post","3":"status-publish","4":"format-standard","5":"has-post-thumbnail","7":"category-economia","8":"tag-business","9":"tag-economia","10":"tag-economy","11":"tag-es","12":"tag-espana","13":"tag-spain"},"share_on_mastodon":{"url":"https:\/\/pubeurope.com\/@es\/115628629356489744","error":""},"_links":{"self":[{"href":"https:\/\/www.europesays.com\/es\/wp-json\/wp\/v2\/posts\/260713","targetHints":{"allow":["GET"]}}],"collection":[{"href":"https:\/\/www.europesays.com\/es\/wp-json\/wp\/v2\/posts"}],"about":[{"href":"https:\/\/www.europesays.com\/es\/wp-json\/wp\/v2\/types\/post"}],"author":[{"embeddable":true,"href":"https:\/\/www.europesays.com\/es\/wp-json\/wp\/v2\/users\/2"}],"replies":[{"embeddable":true,"href":"https:\/\/www.europesays.com\/es\/wp-json\/wp\/v2\/comments?post=260713"}],"version-history":[{"count":0,"href":"https:\/\/www.europesays.com\/es\/wp-json\/wp\/v2\/posts\/260713\/revisions"}],"wp:featuredmedia":[{"embeddable":true,"href":"https:\/\/www.europesays.com\/es\/wp-json\/wp\/v2\/media\/260714"}],"wp:attachment":[{"href":"https:\/\/www.europesays.com\/es\/wp-json\/wp\/v2\/media?parent=260713"}],"wp:term":[{"taxonomy":"category","embeddable":true,"href":"https:\/\/www.europesays.com\/es\/wp-json\/wp\/v2\/categories?post=260713"},{"taxonomy":"post_tag","embeddable":true,"href":"https:\/\/www.europesays.com\/es\/wp-json\/wp\/v2\/tags?post=260713"}],"curies":[{"name":"wp","href":"https:\/\/api.w.org\/{rel}","templated":true}]}}