{"id":260717,"date":"2025-11-28T18:01:17","date_gmt":"2025-11-28T18:01:17","guid":{"rendered":"https:\/\/www.europesays.com\/es\/260717\/"},"modified":"2025-11-28T18:01:17","modified_gmt":"2025-11-28T18:01:17","slug":"el-juez-peinado-readmite-a-manos-limpias-como-acusacion-en-la-causa-contra-begona-gomez","status":"publish","type":"post","link":"https:\/\/www.europesays.com\/es\/260717\/","title":{"rendered":"El juez Peinado readmite a Manos Limpias como acusaci\u00f3n en la causa contra Bego\u00f1a G\u00f3mez"},"content":{"rendered":"<p><img id=\"fotoPrincipalNoticia\" src=\"https:\/\/www.europesays.com\/es\/wp-content\/uploads\/2025\/11\/fotonoticia_20251128155638_690.jpg\" loading=\"eager\" decoding=\"async\" style=\"view-transition-name: fechor_20251128155638;\" border=\"0\" alt=\"Archivo - La esposa del presidente del Gobierno, Bego\u00f1a G\u00f3mez, interviene en la mesa redonda 'La igualdad no puede esperar', en el Ateneo de Madrid, a 10 de marzo de 2023, en Madrid (Espa\u00f1a).\" fetchpriority=\"high\" title=\"El juez Peinado readmite a Manos Limpias como acusaci\u00f3n en la causa contra Bego\u00f1a G\u00f3mez\" width=\"690\" height=\"460\" itemprop=\"image\"\/><\/p>\n<p>Archivo &#8211; La esposa del presidente del Gobierno, Bego\u00f1a G\u00f3mez, interviene en la mesa redonda &#8216;La igualdad no puede esperar&#8217;, en el Ateneo de Madrid, a 10 de marzo de 2023, en Madrid (Espa\u00f1a). &#8211; Alejandro Mart\u00ednez V\u00e9lez &#8211; Europa Press &#8211; Archivo<\/p>\n<p>    MADRID 28 Nov. (EUROPA PRESS) &#8211; <\/p>\n<p>   El juez Juan Carlos Peinado ha acordado readmitir a Manos Limpias como acusaci\u00f3n en la causa que dirige contra la esposa del presidente del Gobierno, Bego\u00f1a G\u00f3mez, toda vez que el sindicato ha \u00abconsignado el importe requerido\u00bb para ejercer dicha acci\u00f3n popular.<\/p>\n<p>   En una providencia, a la que ha tenido acceso Europa Press, el titular del Juzgado de Instrucci\u00f3n N\u00famero 41 de Madrid avisa a Manos Limpias de que \u00abcondiciona su personaci\u00f3n a que presente escritura de poder para pleitos o el correspondiente apoderamiento\u00bb en favor de la procuradora.<\/p>\n<p>   De igual forma, el instructor comunica al sindicato liderado por Miguel Bernad que quedar\u00e1 agrupado en las acusaciones populares unificadas bajo la direcci\u00f3n letrada de Hazte O\u00edr.<\/p>\n<p>   Cabe recordar que el juez apart\u00f3 recientemente a Manos Limpias por no haber abonado el importe exigido para ser parte en la causa que naci\u00f3 a ra\u00edz de una denuncia que present\u00f3 en 2024 y al que luego se sumaron querellas de Hazte O\u00edr y Vox.<\/p>\n<p>   Manos Limpias acus\u00f3 a G\u00f3mez de haberse valido de su condici\u00f3n de esposa del presidente del Gobierno para favorecer a empresarios, como el investigado Juan Carlos Barrab\u00e9s. La causa, con las distintas querellas agregadas, se fue ampliando hasta lo que es ahora, un procedimiento que se dirige contra G\u00f3mez por presuntos delitos de tr\u00e1fico de influencias, corrupci\u00f3n en los negocios en el sector privado, apropiaci\u00f3n indebida, intrusismo y malversaci\u00f3n de caudales p\u00fablicos.<\/p>\n<p>   Al margen de la decisi\u00f3n de Peinado de apartar &#8211;y ahora readmitir&#8211; a Manos Limpias, el abogado Carlos Perales Rey renunci\u00f3 v\u00eda burofax a representar al sindicato en la causa alegando que el \u00abencargo jur\u00eddico\u00bb inicial \u00abde naturaleza estrictamente t\u00e9cnica\u00bb ha ido \u00abtransform\u00e1ndose\u00bb en un asunto \u00abcuya exposici\u00f3n y tratamiento exceden del marco jur\u00eddico para situarse en el terreno de la controversia pol\u00edtica y medi\u00e1tica\u00bb. Ya se ha nombrado a un nuevo abogado para el caso.<\/p>\n","protected":false},"excerpt":{"rendered":"Archivo &#8211; La esposa del presidente del Gobierno, Bego\u00f1a G\u00f3mez, interviene en la mesa redonda &#8216;La igualdad no&hellip;\n","protected":false},"author":2,"featured_media":260718,"comment_status":"","ping_status":"","sticky":false,"template":"","format":"standard","meta":{"footnotes":""},"categories":[8],"tags":[17,18,25,24,13,14,11,19,20,9,10,15,16,23,12,21,22],"class_list":{"0":"post-260717","1":"post","2":"type-post","3":"status-publish","4":"format-standard","5":"has-post-thumbnail","7":"category-espana","8":"tag-breaking-news","9":"tag-breakingnews","10":"tag-es","11":"tag-espana","12":"tag-featured-news","13":"tag-featurednews","14":"tag-headlines","15":"tag-latest-news","16":"tag-latestnews","17":"tag-news","18":"tag-noticias","19":"tag-noticias-destacadas","20":"tag-noticiasdestacadas","21":"tag-spain","22":"tag-titulares","23":"tag-ultimas-noticias","24":"tag-ultimasnoticias"},"share_on_mastodon":{"url":"https:\/\/pubeurope.com\/@es\/115628637649201593","error":""},"_links":{"self":[{"href":"https:\/\/www.europesays.com\/es\/wp-json\/wp\/v2\/posts\/260717","targetHints":{"allow":["GET"]}}],"collection":[{"href":"https:\/\/www.europesays.com\/es\/wp-json\/wp\/v2\/posts"}],"about":[{"href":"https:\/\/www.europesays.com\/es\/wp-json\/wp\/v2\/types\/post"}],"author":[{"embeddable":true,"href":"https:\/\/www.europesays.com\/es\/wp-json\/wp\/v2\/users\/2"}],"replies":[{"embeddable":true,"href":"https:\/\/www.europesays.com\/es\/wp-json\/wp\/v2\/comments?post=260717"}],"version-history":[{"count":0,"href":"https:\/\/www.europesays.com\/es\/wp-json\/wp\/v2\/posts\/260717\/revisions"}],"wp:featuredmedia":[{"embeddable":true,"href":"https:\/\/www.europesays.com\/es\/wp-json\/wp\/v2\/media\/260718"}],"wp:attachment":[{"href":"https:\/\/www.europesays.com\/es\/wp-json\/wp\/v2\/media?parent=260717"}],"wp:term":[{"taxonomy":"category","embeddable":true,"href":"https:\/\/www.europesays.com\/es\/wp-json\/wp\/v2\/categories?post=260717"},{"taxonomy":"post_tag","embeddable":true,"href":"https:\/\/www.europesays.com\/es\/wp-json\/wp\/v2\/tags?post=260717"}],"curies":[{"name":"wp","href":"https:\/\/api.w.org\/{rel}","templated":true}]}}