{"id":260722,"date":"2025-11-28T18:07:11","date_gmt":"2025-11-28T18:07:11","guid":{"rendered":"https:\/\/www.europesays.com\/es\/260722\/"},"modified":"2025-11-28T18:07:11","modified_gmt":"2025-11-28T18:07:11","slug":"el-rcd-mallorca-rendira-un-homenaje-especial-a-rafa-nadal-rcd-mallorca","status":"publish","type":"post","link":"https:\/\/www.europesays.com\/es\/260722\/","title":{"rendered":"El RCD Mallorca rendir\u00e1 un homenaje especial a Rafa Nadal | RCD Mallorca"},"content":{"rendered":"<p data-start=\"422\" data-end=\"666\">El RCD Mallorca homenajear\u00e1 a <strong>Rafa Nadal <\/strong>con un acto muy especial en el <strong>Estadi Mallorca Son Moix,<\/strong> coincidiendo con la 14\u00aa jornada de LaLiga EA Sports, en el encuentro que enfrentar\u00e1 al equipo bermell\u00f3n con el CA Osasuna.<\/p>\n<p data-start=\"668\" data-end=\"987\">El Club quiere reconocer p\u00fablicamente la trayectoria del tenista mallorqu\u00edn, un referente mundial cuyo legado trasciende lo deportivo. Su esp\u00edritu de superaci\u00f3n, su compromiso, su humildad y su extraordinaria carrera le han convertido en una figura admirada en todo el mundo y en un orgullo para Mallorca y para Espa\u00f1a.<\/p>\n<p data-start=\"989\" data-end=\"1369\">Durante el acto, el RCD Mallorca har\u00e1 entrega a Rafa Nadal del primer <strong data-start=\"1059\" data-end=\"1079\">\u2018Dimoni d\u2019Honor\u2019<\/strong>, un galard\u00f3n que nace con la voluntad de distinguir a personalidades baleares que han destacado por su excelencia, valores y contribuci\u00f3n a la sociedad. El Club considera que no hay mejor manera de inaugurar este reconocimiento que con el mejor deportista espa\u00f1ol de todos los tiempos.<\/p>\n<p data-start=\"1371\" data-end=\"1550\">Con este homenaje, el mallorquinismo desea agradecer a Rafa Nadal todo lo que ha significado \u2014y significa\u2014 para la isla, para el deporte y para varias generaciones de aficionados.<\/p>\n","protected":false},"excerpt":{"rendered":"El RCD Mallorca homenajear\u00e1 a Rafa Nadal con un acto muy especial en el Estadi Mallorca Son Moix,&hellip;\n","protected":false},"author":2,"featured_media":260723,"comment_status":"","ping_status":"","sticky":false,"template":"","format":"standard","meta":{"footnotes":""},"categories":[274],"tags":[168,25,24,23,167,327,326],"class_list":{"0":"post-260722","1":"post","2":"type-post","3":"status-publish","4":"format-standard","5":"has-post-thumbnail","7":"category-tenis","8":"tag-deportes","9":"tag-es","10":"tag-espana","11":"tag-spain","12":"tag-sports","13":"tag-tenis","14":"tag-tennis"},"share_on_mastodon":{"url":"https:\/\/pubeurope.com\/@es\/115628660897386208","error":""},"_links":{"self":[{"href":"https:\/\/www.europesays.com\/es\/wp-json\/wp\/v2\/posts\/260722","targetHints":{"allow":["GET"]}}],"collection":[{"href":"https:\/\/www.europesays.com\/es\/wp-json\/wp\/v2\/posts"}],"about":[{"href":"https:\/\/www.europesays.com\/es\/wp-json\/wp\/v2\/types\/post"}],"author":[{"embeddable":true,"href":"https:\/\/www.europesays.com\/es\/wp-json\/wp\/v2\/users\/2"}],"replies":[{"embeddable":true,"href":"https:\/\/www.europesays.com\/es\/wp-json\/wp\/v2\/comments?post=260722"}],"version-history":[{"count":0,"href":"https:\/\/www.europesays.com\/es\/wp-json\/wp\/v2\/posts\/260722\/revisions"}],"wp:featuredmedia":[{"embeddable":true,"href":"https:\/\/www.europesays.com\/es\/wp-json\/wp\/v2\/media\/260723"}],"wp:attachment":[{"href":"https:\/\/www.europesays.com\/es\/wp-json\/wp\/v2\/media?parent=260722"}],"wp:term":[{"taxonomy":"category","embeddable":true,"href":"https:\/\/www.europesays.com\/es\/wp-json\/wp\/v2\/categories?post=260722"},{"taxonomy":"post_tag","embeddable":true,"href":"https:\/\/www.europesays.com\/es\/wp-json\/wp\/v2\/tags?post=260722"}],"curies":[{"name":"wp","href":"https:\/\/api.w.org\/{rel}","templated":true}]}}