{"id":260724,"date":"2025-11-28T18:09:53","date_gmt":"2025-11-28T18:09:53","guid":{"rendered":"https:\/\/www.europesays.com\/es\/260724\/"},"modified":"2025-11-28T18:09:53","modified_gmt":"2025-11-28T18:09:53","slug":"resumen-de-2025-visma-lease-a-bike-completa-una-reconstruccion-positiva","status":"publish","type":"post","link":"https:\/\/www.europesays.com\/es\/260724\/","title":{"rendered":"Resumen de 2025: Visma-Lease a Bike completa una reconstrucci\u00f3n positiva"},"content":{"rendered":"<p>La temporada 2025 parece girar alrededor de los grandes \u00e9xitos de Tadej Pogacar y de sus exhibiciones individuales, pero lo cierto es que Visma-Lease a Bike ha completado una temporada m\u00e1s que positiva. Si el a\u00f1o 2023 fue inmejorable y en 2024 todo fue digno de ser olvidado, en 2025 se ha completado una m\u00e1s que positiva reconstrucci\u00f3n global del proyecto.<\/p>\n<p><strong>Visma-Lease a Bike<\/strong> consigui\u00f3 en 2023 un r\u00e9cord hist\u00f3rico: gan\u00f3 <strong>el Giro de Italia, el Tour de Francia y la Vuelta a Espa\u00f1a<\/strong> con\u2026 tres ciclistas diferentes, es decir, <strong>Primoz Roglic, Jonas Vingegaard y Sepp Kuss<\/strong>. Ese dominio result\u00f3 apabullante, pero no tuvo reflejo en 2024, una temporada en blanco para los neerlandeses. \u00bfY 2025? Tienen mucho que celebrar.<\/p>\n<p>En el <strong>Giro de Italia<\/strong> conquistaron la general final con<strong> Simon Yates<\/strong> despu\u00e9s de una jornada para la historia y cuando ya parec\u00eda que Isaac del Toro ten\u00eda la carrera en su bolsillo. Y en la Vuelta a Espa\u00f1a no tuvieron problemas para llevarse el premio gordo con <strong>Jonas Vingegaard.<\/strong> Por tanto, se llevaron dos de las tres y compensaron de forma contundente la derrota en el Tour de Francia.<\/p>\n<p>Adem\u00e1s, Visma-Lease a Bike ha visto la consolidaci\u00f3n deportiva de un joven talento: <strong>Matthew Brennan<\/strong>. El brit\u00e1nico, con apenas 20 a\u00f1os, ha conseguido un total de 14 victorias certificando que puede ser un corredor que marque una \u00e9poca en todo lo que no sean vueltas de tres semanas, puesto que es un ciclista muy polivalente y fuerte tanto para sprints como para cl\u00e1sicas. Esa es la otra gran noticia positiva para la formaci\u00f3n de Richard Plugge en 2025.<\/p>\n","protected":false},"excerpt":{"rendered":"La temporada 2025 parece girar alrededor de los grandes \u00e9xitos de Tadej Pogacar y de sus exhibiciones individuales,&hellip;\n","protected":false},"author":2,"featured_media":223242,"comment_status":"","ping_status":"","sticky":false,"template":"","format":"standard","meta":{"footnotes":""},"categories":[273],"tags":[313,312,168,25,24,23,167],"class_list":{"0":"post-260724","1":"post","2":"type-post","3":"status-publish","4":"format-standard","5":"has-post-thumbnail","7":"category-ciclismo","8":"tag-ciclismo","9":"tag-cycling","10":"tag-deportes","11":"tag-es","12":"tag-espana","13":"tag-spain","14":"tag-sports"},"share_on_mastodon":{"url":"https:\/\/pubeurope.com\/@es\/115628672489409073","error":""},"_links":{"self":[{"href":"https:\/\/www.europesays.com\/es\/wp-json\/wp\/v2\/posts\/260724","targetHints":{"allow":["GET"]}}],"collection":[{"href":"https:\/\/www.europesays.com\/es\/wp-json\/wp\/v2\/posts"}],"about":[{"href":"https:\/\/www.europesays.com\/es\/wp-json\/wp\/v2\/types\/post"}],"author":[{"embeddable":true,"href":"https:\/\/www.europesays.com\/es\/wp-json\/wp\/v2\/users\/2"}],"replies":[{"embeddable":true,"href":"https:\/\/www.europesays.com\/es\/wp-json\/wp\/v2\/comments?post=260724"}],"version-history":[{"count":0,"href":"https:\/\/www.europesays.com\/es\/wp-json\/wp\/v2\/posts\/260724\/revisions"}],"wp:featuredmedia":[{"embeddable":true,"href":"https:\/\/www.europesays.com\/es\/wp-json\/wp\/v2\/media\/223242"}],"wp:attachment":[{"href":"https:\/\/www.europesays.com\/es\/wp-json\/wp\/v2\/media?parent=260724"}],"wp:term":[{"taxonomy":"category","embeddable":true,"href":"https:\/\/www.europesays.com\/es\/wp-json\/wp\/v2\/categories?post=260724"},{"taxonomy":"post_tag","embeddable":true,"href":"https:\/\/www.europesays.com\/es\/wp-json\/wp\/v2\/tags?post=260724"}],"curies":[{"name":"wp","href":"https:\/\/api.w.org\/{rel}","templated":true}]}}