{"id":260725,"date":"2025-11-28T18:13:30","date_gmt":"2025-11-28T18:13:30","guid":{"rendered":"https:\/\/www.europesays.com\/es\/260725\/"},"modified":"2025-11-28T18:13:30","modified_gmt":"2025-11-28T18:13:30","slug":"real-madrid-barcelona-en-directo-liga-u-de-baloncesto-2025-26-en-vivo-hoy","status":"publish","type":"post","link":"https:\/\/www.europesays.com\/es\/260725\/","title":{"rendered":"Real Madrid &#8211; Barcelona, en directo: Liga U de baloncesto 2025-26 en vivo hoy"},"content":{"rendered":"<p>El <strong>Real Madrid<\/strong>, como se avanz\u00f3 anteriormente, completa un registro impecable en la Liga U a excepci\u00f3n del primer cl\u00e1sico. La mayor amenaza del conjunto blanco es Egor Amosov, que con 17,7 puntos por partido es el segundo m\u00e1ximo anotador de la liga. El complemento perfecto es Ilia Frolov, que promedia 14 por partido. Hoy el Madrid sufre la baja de Izan Almansa, concentrado con la selecci\u00f3n espa\u00f1ola de Chus Mateo.<\/p>\n","protected":false},"excerpt":{"rendered":"El Real Madrid, como se avanz\u00f3 anteriormente, completa un registro impecable en la Liga U a excepci\u00f3n del&hellip;\n","protected":false},"author":2,"featured_media":260726,"comment_status":"","ping_status":"","sticky":false,"template":"","format":"standard","meta":{"footnotes":""},"categories":[269],"tags":[299,298,168,25,24,23,167],"class_list":{"0":"post-260725","1":"post","2":"type-post","3":"status-publish","4":"format-standard","5":"has-post-thumbnail","7":"category-baloncesto","8":"tag-baloncesto","9":"tag-basketball","10":"tag-deportes","11":"tag-es","12":"tag-espana","13":"tag-spain","14":"tag-sports"},"share_on_mastodon":{"url":"https:\/\/pubeurope.com\/@es\/115628684324139698","error":""},"_links":{"self":[{"href":"https:\/\/www.europesays.com\/es\/wp-json\/wp\/v2\/posts\/260725","targetHints":{"allow":["GET"]}}],"collection":[{"href":"https:\/\/www.europesays.com\/es\/wp-json\/wp\/v2\/posts"}],"about":[{"href":"https:\/\/www.europesays.com\/es\/wp-json\/wp\/v2\/types\/post"}],"author":[{"embeddable":true,"href":"https:\/\/www.europesays.com\/es\/wp-json\/wp\/v2\/users\/2"}],"replies":[{"embeddable":true,"href":"https:\/\/www.europesays.com\/es\/wp-json\/wp\/v2\/comments?post=260725"}],"version-history":[{"count":0,"href":"https:\/\/www.europesays.com\/es\/wp-json\/wp\/v2\/posts\/260725\/revisions"}],"wp:featuredmedia":[{"embeddable":true,"href":"https:\/\/www.europesays.com\/es\/wp-json\/wp\/v2\/media\/260726"}],"wp:attachment":[{"href":"https:\/\/www.europesays.com\/es\/wp-json\/wp\/v2\/media?parent=260725"}],"wp:term":[{"taxonomy":"category","embeddable":true,"href":"https:\/\/www.europesays.com\/es\/wp-json\/wp\/v2\/categories?post=260725"},{"taxonomy":"post_tag","embeddable":true,"href":"https:\/\/www.europesays.com\/es\/wp-json\/wp\/v2\/tags?post=260725"}],"curies":[{"name":"wp","href":"https:\/\/api.w.org\/{rel}","templated":true}]}}