{"id":260727,"date":"2025-11-28T18:15:11","date_gmt":"2025-11-28T18:15:11","guid":{"rendered":"https:\/\/www.europesays.com\/es\/260727\/"},"modified":"2025-11-28T18:15:11","modified_gmt":"2025-11-28T18:15:11","slug":"flick-senala-a-la-falta-de-presion-colectiva-como-origen-del-problema","status":"publish","type":"post","link":"https:\/\/www.europesays.com\/es\/260727\/","title":{"rendered":"Flick se\u00f1ala a la falta de presi\u00f3n colectiva como origen del problema"},"content":{"rendered":"<p data-gtm-element-container=\"modulo-texto-link\" class=\"paragraph\"><strong>Hansi Flick<\/strong>, en la previa del <strong>Bar\u00e7a-Alav\u00e9s<\/strong>, se extendi\u00f3 en una respuesta en la que quiso dejar clara su postura sobre la cr\u00edticas a la l\u00ednea adelantada y dio la cara por sus defensas, se\u00f1alando a la falta de presi\u00f3n colectiva como origen del problema en partidos como el del pasado martes en Stamford Bridge, donde el <strong>Chelsea<\/strong> se impuso 3-0.<\/p>\n<p data-gtm-element-container=\"modulo-texto-link\" class=\"paragraph\">\u00abCuando perdemos y cuando encajamos tres goles es f\u00e1cil decir que no fue un buen partido o que no fue el <strong>Bar\u00e7a <\/strong>que nos gustar\u00eda ver. Al fin y al cabo, hay gente que no sabe lo que necesitamos para jugar con esa l\u00ednea adelantada\u00bb, comenz\u00f3 el t\u00e9cnico alem\u00e1n, entrando en cuestiones t\u00e1cticas, aunque la pregunta iba m\u00e1s dirigida a las razones de su optimismo.<\/p>\n<p data-gtm-element-container=\"modulo-texto-link\" class=\"paragraph\">Y prosigui\u00f3: \u00abEs un estilo propio, no se trata solo de los defensas, son los delanteros y los centrocampistas los que empiezan la presi\u00f3n. Eso es lo que necesito de los jugadores. La culpa parece de la <strong>defensa<\/strong>, pero no es justo. Si no presionamos bien todos, tendremos problemas, quiero dejarlo claro\u00bb.<\/p>\n<p>    Lee tambi\u00e9n<\/p>\n<p data-gtm-element-container=\"modulo-texto-link\" class=\"paragraph\">Y concluy\u00f3, ya s\u00ed, mostrando su optimismo: \u00abDije que era optimista porque hicimos bien algunas cosas, pero hay que mejorar por ejemplo en la delantera cuando iniciamos la presi\u00f3n. Yo quiero ver lo que veo en el entrenamiento y me gusta lo que veo. Los jugadores est\u00e1n muy centrados y tienen mucha calidad. Vuelven <strong>Pedri, Raphinha y Marcus<\/strong>, que nos aportar\u00e1n m\u00e1s cosas. Le tengo que decir a los jugadores lo que yo veo. Y es lo que os dije tambi\u00e9n. Estamos en un buen momento y las sensaciones son buenas. Vamos a trabajar en ello. Hay que venirse arriba tras la derrota\u00bb.<\/p>\n","protected":false},"excerpt":{"rendered":"Hansi Flick, en la previa del Bar\u00e7a-Alav\u00e9s, se extendi\u00f3 en una respuesta en la que quiso dejar clara&hellip;\n","protected":false},"author":2,"featured_media":260728,"comment_status":"","ping_status":"","sticky":false,"template":"","format":"standard","meta":{"footnotes":""},"categories":[268],"tags":[168,25,24,280,282,281,23,167],"class_list":{"0":"post-260727","1":"post","2":"type-post","3":"status-publish","4":"format-standard","5":"has-post-thumbnail","7":"category-futbol","8":"tag-deportes","9":"tag-es","10":"tag-espana","11":"tag-football","12":"tag-futbol","13":"tag-soccer","14":"tag-spain","15":"tag-sports"},"share_on_mastodon":{"url":"https:\/\/pubeurope.com\/@es\/115628692314424229","error":""},"_links":{"self":[{"href":"https:\/\/www.europesays.com\/es\/wp-json\/wp\/v2\/posts\/260727","targetHints":{"allow":["GET"]}}],"collection":[{"href":"https:\/\/www.europesays.com\/es\/wp-json\/wp\/v2\/posts"}],"about":[{"href":"https:\/\/www.europesays.com\/es\/wp-json\/wp\/v2\/types\/post"}],"author":[{"embeddable":true,"href":"https:\/\/www.europesays.com\/es\/wp-json\/wp\/v2\/users\/2"}],"replies":[{"embeddable":true,"href":"https:\/\/www.europesays.com\/es\/wp-json\/wp\/v2\/comments?post=260727"}],"version-history":[{"count":0,"href":"https:\/\/www.europesays.com\/es\/wp-json\/wp\/v2\/posts\/260727\/revisions"}],"wp:featuredmedia":[{"embeddable":true,"href":"https:\/\/www.europesays.com\/es\/wp-json\/wp\/v2\/media\/260728"}],"wp:attachment":[{"href":"https:\/\/www.europesays.com\/es\/wp-json\/wp\/v2\/media?parent=260727"}],"wp:term":[{"taxonomy":"category","embeddable":true,"href":"https:\/\/www.europesays.com\/es\/wp-json\/wp\/v2\/categories?post=260727"},{"taxonomy":"post_tag","embeddable":true,"href":"https:\/\/www.europesays.com\/es\/wp-json\/wp\/v2\/tags?post=260727"}],"curies":[{"name":"wp","href":"https:\/\/api.w.org\/{rel}","templated":true}]}}