{"id":260729,"date":"2025-11-28T18:16:08","date_gmt":"2025-11-28T18:16:08","guid":{"rendered":"https:\/\/www.europesays.com\/es\/260729\/"},"modified":"2025-11-28T18:16:08","modified_gmt":"2025-11-28T18:16:08","slug":"perdio-la-primera-hace-seis-anos","status":"publish","type":"post","link":"https:\/\/www.europesays.com\/es\/260729\/","title":{"rendered":"perdi\u00f3 la primera hace seis a\u00f1os"},"content":{"rendered":"<p class=\"c-paragraph\">La actriz irlandesa Ruth Codd, del reality\u00a0Celebrity Traitors, ha anunciado la segunda amputaci\u00f3n por debajo de la rodilla a sus 29 a\u00f1os, despu\u00e9s de someterse a la primera con 23.<b>\u00a0Ruth\u00a0ha revelado su situaci\u00f3n mediante un c\u00f3mico v\u00eddeo que ha publicado en su perfil de Tik Tok.<\/b><\/p>\n<p class=\"c-paragraph\">La artista<b> vive con dolor cr\u00f3nico desde que sufri\u00f3 un accidente<\/b> mientras jugaba a f\u00fatbol, en la adolescencia. Ello le ha supuesto m\u00faltiples cirug\u00edas durante los \u00faltimos a\u00f1os y, finalmente, la p\u00e9rdida de las dos piernas. Ruth ha demostrado su actitud positiva con un mensaje grabado desde su silla de ruedas en casa de sus padres, donde dice que ya no puede subir escaleras.<\/p>\n<p class=\"c-paragraph\">\u00abTengo buenas noticias y malas noticias\u00bb, cuenta Codd, \u00abla buena noticia es que estoy haciendo contenido para Tik Tok de nuevo desde la casa de mis padres. <b>La mala noticia es que yo no puedo grabar delante de ese papel azul con flores<\/b>, porque est\u00e1 en el piso de arriba\u00bb.\u00a0<\/p>\n<p class=\"c-paragraph\"><b>El caso de Ruth es muy peculiar<\/b>. Con la llegada de la COVID, Codd perdi\u00f3 su trabajo y se volc\u00f3 en sacar su vida adelante mediante la publicaci\u00f3n de v\u00eddeos de humor en Tik Tok.\u00a0<\/p>\n<p class=\"c-paragraph\">Ante el \u00e9xito que obtuvo, Netflix la fich\u00f3 para un papel en la serie\u00a0El Club de Medianoche. Despu\u00e9s, protagoniz\u00f3\u00a0<b>La Ca\u00edda de la Casa de Usher\u00a0y particip\u00f3 en el\u00a0reality\u00a0The Celebrity Traitors.<\/b><\/p>\n<p class=\"c-paragraph\">En Espa\u00f1a la versi\u00f3n de este concurso<b> la present\u00f3 <a href=\"https:\/\/www.20minutos.es\/tags\/personas\/sergio-peris-mencheta.html\" title=\"Sergio Peris Mencheta\" rel=\"nofollow noopener\" target=\"_blank\">Sergio Peris-Mencheta<\/a><\/b> (HBO) y Juanra Bonet, en su versi\u00f3n de an\u00f3nimos (Antena 3)<\/p>\n","protected":false},"excerpt":{"rendered":"La actriz irlandesa Ruth Codd, del reality\u00a0Celebrity Traitors, ha anunciado la segunda amputaci\u00f3n por debajo de la rodilla&hellip;\n","protected":false},"author":2,"featured_media":260730,"comment_status":"","ping_status":"","sticky":false,"template":"","format":"standard","meta":{"footnotes":""},"categories":[174],"tags":[6456,65133,255,65132,146,147,25,24,256,62698,23,11463],"class_list":{"0":"post-260729","1":"post","2":"type-post","3":"status-publish","4":"format-standard","5":"has-post-thumbnail","7":"category-famosos","8":"tag-actriz","9":"tag-amputacion","10":"tag-celebrities","11":"tag-codd","12":"tag-entertainment","13":"tag-entretenimiento","14":"tag-es","15":"tag-espana","16":"tag-famosos","17":"tag-ruth","18":"tag-spain","19":"tag-sufre"},"share_on_mastodon":{"url":"https:\/\/pubeurope.com\/@es\/115628696242546055","error":""},"_links":{"self":[{"href":"https:\/\/www.europesays.com\/es\/wp-json\/wp\/v2\/posts\/260729","targetHints":{"allow":["GET"]}}],"collection":[{"href":"https:\/\/www.europesays.com\/es\/wp-json\/wp\/v2\/posts"}],"about":[{"href":"https:\/\/www.europesays.com\/es\/wp-json\/wp\/v2\/types\/post"}],"author":[{"embeddable":true,"href":"https:\/\/www.europesays.com\/es\/wp-json\/wp\/v2\/users\/2"}],"replies":[{"embeddable":true,"href":"https:\/\/www.europesays.com\/es\/wp-json\/wp\/v2\/comments?post=260729"}],"version-history":[{"count":0,"href":"https:\/\/www.europesays.com\/es\/wp-json\/wp\/v2\/posts\/260729\/revisions"}],"wp:featuredmedia":[{"embeddable":true,"href":"https:\/\/www.europesays.com\/es\/wp-json\/wp\/v2\/media\/260730"}],"wp:attachment":[{"href":"https:\/\/www.europesays.com\/es\/wp-json\/wp\/v2\/media?parent=260729"}],"wp:term":[{"taxonomy":"category","embeddable":true,"href":"https:\/\/www.europesays.com\/es\/wp-json\/wp\/v2\/categories?post=260729"},{"taxonomy":"post_tag","embeddable":true,"href":"https:\/\/www.europesays.com\/es\/wp-json\/wp\/v2\/tags?post=260729"}],"curies":[{"name":"wp","href":"https:\/\/api.w.org\/{rel}","templated":true}]}}