{"id":260733,"date":"2025-11-28T18:19:15","date_gmt":"2025-11-28T18:19:15","guid":{"rendered":"https:\/\/www.europesays.com\/es\/260733\/"},"modified":"2025-11-28T18:19:15","modified_gmt":"2025-11-28T18:19:15","slug":"el-periodismo-en-el-que-yo-creo-esta-en-riesgo","status":"publish","type":"post","link":"https:\/\/www.europesays.com\/es\/260733\/","title":{"rendered":"El periodismo en el que yo creo est\u00e1 en riesgo"},"content":{"rendered":"<p>La periodista y presentadora de Espejo P\u00fablico, Susanna Griso, ha respondido a las preguntas de Francisco Su\u00e1rez, director del diario Canarias 7, en una distendida entrevista que ha tenido lugar en la sede del peri\u00f3dico en Las Palmas de Gran Canaria. La periodista ha respondido tanto a preguntas de actualidad pol\u00edtica como a otras m\u00e1s personales, y ha bromeado sobre el cambio de fecha de la entrevista que iba a tener lugar el pasado viernes pero se aplaz\u00f3, por petici\u00f3n de su jefe, tras conocerse el fallo del juicio al Fiscal General del Estado. Aseguraba entre risas que ayer al conocer que \u00c1balos y Koldo iban a prisi\u00f3n ya no llam\u00f3 a su jefe: <b>\u00abMe met\u00ed en el avi\u00f3n\u00bb<\/b>.<\/p>\n<p>Susanna ha hablado de su responsabilidad de hacer un programa riguroso donde todas las opiniones est\u00e9n representadas, adem\u00e1s de analizar las noticias en profundidad y no quedarse solo en los titulares. Griso confesaba su necesidad de leerlo absolutamente todo por las ma\u00f1anas antes de empezar su programa, y que no se le pase ninguna noticia: <b>\u00abSoy muy empollona\u00bb<\/b>.<\/p>\n<p>Al ser preguntada por el tipo de contenido con el que se sent\u00eda m\u00e1s c\u00f3moda, aseguraba que <b>lo que m\u00e1s le apasiona<\/b> es la pol\u00edtica, y tambi\u00e9n la econom\u00eda aunque se siente c\u00f3moda con todos los temas como los sucesos con los que se aprende mucho, o el coraz\u00f3n que tambi\u00e9n es necesario en un formato de <b>cinco horas en directo<\/b>.<\/p>\n<blockquote class=\"blockquote\">\n<p class=\"blockquote__quote\">\u00abTengo la sensaci\u00f3n de que ahora todo conduce a un escenario electoral en la primavera del 26\u00bb<\/p>\n<\/blockquote>\n<p>Como no pod\u00eda ser de otra manera, Susanna ha tratado los temas de<b><a title=\" actualidad pol\u00edtica nacional\" href=\"https:\/\/www.antena3.com\/noticias\/espana\/\" target=\"_blank\" rel=\"nofollow noopener\"> actualidad pol\u00edtica nacional<\/a><\/b> y se ha mojado opinando sobre el futuro de la legislatura: <b>\u00abSe nos pide que seamos casi adivinos\u00bb<\/b>. Considera que el Presidente del Gobierno es muy imprevisible y que seg\u00fan su opini\u00f3n podr\u00eda haber elecciones la pr\u00f3xima primavera por la complicada situaci\u00f3n actual \u00absin salida\u00bb y con \u00c1balos \u00abtirando de la manta\u00bb.<\/p>\n<p>Griso considera que los medios de comunicaci\u00f3n deben fiscalizar pese a que no todo el mundo va a estar de acuerdo, y siempre va a haber gente que considera que deben ser m\u00e1s cr\u00edticos con el Gobierno y otros piensan que lo eres demasiado: <b>\u00abEl periodismo en el que yo creo est\u00e1 en riesgo\u00bb<\/b>, afirmaba. Tambi\u00e9n han hablado de la importancia de las redes sociales y la necesidad de los medios y los pol\u00edticos de actualizarse y estar presentes en las principales plataformas ya que los j\u00f3venes actualmente se informan en ellas: \u00abAntena 3 apuesta por la digitalizaci\u00f3n\u00bb, afirmaba Susanna Griso.<\/p>\n<p>Vicente Vall\u00e9s, presentador de Noticias de Antena 3 le ha hecho llegar un v\u00eddeo desde plat\u00f3 pregunt\u00e1ndole qu\u00e9 entrevista recuerda especialmente, y Susanna le respond\u00eda con <b>una an\u00e9cdota sobre Esperanza Aguirre<\/b> hace unos a\u00f1os, en <b><a title=\"una entrevista inc\u00f3moda\" href=\"https:\/\/www.antena3.com\/programas\/espejo-publico\/noticias\/esperanza-aguirre-propone-felipe-gonzalez-como-sucesor-pedro-sanchez-mocion-censura_202511116913042a4032d1492021a374.html\" target=\"_blank\" rel=\"nofollow noopener\">una entrevista inc\u00f3moda<\/a><\/b> en la que Aguirre solo le respond\u00eda con monos\u00edlabos y tuvo que finalizar antes de lo esperado: \u00abMe puso a caldo\u00bb. Adem\u00e1s dio sus claves a la hora de hacer una entrevista con preguntas inc\u00f3modas, como le ocurri\u00f3 en una ocasi\u00f3n con Jos\u00e9 Mar\u00eda Aznar: \u00abEmpiezas suave generando confianza y consigues que se relaje&#8230;Y luego a machete\u00bb.<\/p>\n<p>En la entrevista, de alrededor de una hora, Susanna se abr\u00eda y hablaba de algunos temas personales como sus dudas entre estudiar periodismo o psicolog\u00eda porque todo el mundo le dec\u00eda que se iba a equivocar, pero que sin duda lo volver\u00eda a hacer porque le apasiona su trabajo; de su familia, o su visi\u00f3n de la inmigraci\u00f3n, y del gran cari\u00f1o que le tiene a las Islas Canarias donde ha venido en numerosas ocasiones, recordando con especial cari\u00f1o el volc\u00e1n de La Palma, y la crisis migratoria de El Hierro.<\/p>\n<p>Para concluir, era preguntada por diferentes personajes de actualidad, y respond\u00eda que Pedro S\u00e1nchez es imprevisible, que \u00c1balos en su d\u00eda era el ministro m\u00e1s carism\u00e1tico, que <b><a title=\"Abascal tiene un trato exquisito pero su discurso es peligroso\" href=\"https:\/\/www.antena3.com\/programas\/espejo-publico\/noticias\/susana-diaz-entrevista-santiago-abascal-espejo-publico-bestia-sigue-creciendo-piel-cordero_2025112569258a8d8080bd5ad623b23c.html\" target=\"_blank\" rel=\"nofollow noopener\">Abascal tiene un trato exquisito pero su discurso es peligroso<\/a><\/b>, y de que <b>Trump la \u00abhorroriza\u00bb<\/b>, entre otras cosas. Sobre ella misma aseguraba que le encanta su profesi\u00f3n y ser la que levanta cada d\u00eda la persiana informativa.<\/p>\n<p>S\u00edguenos en nuestro <a title=\"canal de WhatsApp\" href=\"https:\/\/www.whatsapp.com\/channel\/0029Va6BhYH2phHPnlatwW3b\" target=\"_blank\" rel=\"nofollow noopener\"><strong>canal de WhatsApp<\/strong><\/a> y no te pierdas la \u00faltima hora y toda la actualidad en nuestro <a title=\"perfil de Google\" href=\"https:\/\/profile.google.com\/cp\/CgovbS8wMngwNnFy\" target=\"_blank\" rel=\"nofollow noopener\"><strong>perfil de Google<\/strong><\/a><strong>.<\/strong><\/p>\n<p>Puedes ver &#8216;Espejo P\u00fablico&#8217; completo en <a title=\"AtresPlayer\" href=\"https:\/\/www.atresplayer.com\/antena3\/programas\/espejo-publico\/\" target=\"_blank\" rel=\"nofollow noopener\"><strong>AtresPlayer<\/strong><\/a><strong>.<\/strong><\/p>\n<p>   <img decoding=\"async\" title=\"Funcionario de prisiones\" alt=\"Funcionario de prisiones\" width=\"480\" height=\"270\" src=\"https:\/\/www.europesays.com\/es\/wp-content\/uploads\/2025\/11\/funcionario-prisiones_70.jpg\" loading=\"lazy\" class=\"lazy\"\/><\/p>\n","protected":false},"excerpt":{"rendered":"La periodista y presentadora de Espejo P\u00fablico, Susanna Griso, ha respondido a las preguntas de Francisco Su\u00e1rez, director&hellip;\n","protected":false},"author":2,"featured_media":260734,"comment_status":"","ping_status":"","sticky":false,"template":"","format":"standard","meta":{"footnotes":""},"categories":[171],"tags":[146,147,25,24,23,214],"class_list":{"0":"post-260733","1":"post","2":"type-post","3":"status-publish","4":"format-standard","5":"has-post-thumbnail","7":"category-tv","8":"tag-entertainment","9":"tag-entretenimiento","10":"tag-es","11":"tag-espana","12":"tag-spain","13":"tag-tv"},"share_on_mastodon":{"url":"https:\/\/pubeurope.com\/@es\/115628708621434177","error":""},"_links":{"self":[{"href":"https:\/\/www.europesays.com\/es\/wp-json\/wp\/v2\/posts\/260733","targetHints":{"allow":["GET"]}}],"collection":[{"href":"https:\/\/www.europesays.com\/es\/wp-json\/wp\/v2\/posts"}],"about":[{"href":"https:\/\/www.europesays.com\/es\/wp-json\/wp\/v2\/types\/post"}],"author":[{"embeddable":true,"href":"https:\/\/www.europesays.com\/es\/wp-json\/wp\/v2\/users\/2"}],"replies":[{"embeddable":true,"href":"https:\/\/www.europesays.com\/es\/wp-json\/wp\/v2\/comments?post=260733"}],"version-history":[{"count":0,"href":"https:\/\/www.europesays.com\/es\/wp-json\/wp\/v2\/posts\/260733\/revisions"}],"wp:featuredmedia":[{"embeddable":true,"href":"https:\/\/www.europesays.com\/es\/wp-json\/wp\/v2\/media\/260734"}],"wp:attachment":[{"href":"https:\/\/www.europesays.com\/es\/wp-json\/wp\/v2\/media?parent=260733"}],"wp:term":[{"taxonomy":"category","embeddable":true,"href":"https:\/\/www.europesays.com\/es\/wp-json\/wp\/v2\/categories?post=260733"},{"taxonomy":"post_tag","embeddable":true,"href":"https:\/\/www.europesays.com\/es\/wp-json\/wp\/v2\/tags?post=260733"}],"curies":[{"name":"wp","href":"https:\/\/api.w.org\/{rel}","templated":true}]}}