{"id":260737,"date":"2025-11-28T18:21:12","date_gmt":"2025-11-28T18:21:12","guid":{"rendered":"https:\/\/www.europesays.com\/es\/260737\/"},"modified":"2025-11-28T18:21:12","modified_gmt":"2025-11-28T18:21:12","slug":"singular-con-javier-rey-y-otros-estrenos-de-cine-imprescindibles-para-la-semana","status":"publish","type":"post","link":"https:\/\/www.europesays.com\/es\/260737\/","title":{"rendered":"&#8216;Singular&#8217; con Javier Rey y otros estrenos de cine imprescindibles para la semana"},"content":{"rendered":"<p>\n        Esta semana llega cargada de <a href=\"https:\/\/www.noticiasdenavarra.com\/tags\/estrenos-de-cine\/\" title=\"estrenos\" rel=\"nofollow noopener\" target=\"_blank\" class=\"link copy\"><strong>estrenos<\/strong><\/a><strong> <\/strong>para todos los gustos. Nuevas historias, rostros conocidos y \u00f3peras primas se abren paso en los <a href=\"https:\/\/www.noticiasdenavarra.com\/tags\/cines\/\" title=\"cines\" rel=\"nofollow noopener\" target=\"_blank\" class=\"link copy\">cines<\/a> y <a href=\"https:\/\/www.noticiasdenavarra.com\/tags\/plataformas\/\" title=\"plataformas\" rel=\"nofollow noopener\" target=\"_blank\" class=\"link copy\">plataformas<\/a>. Propuestas que van desde el drama social m\u00e1s profundo hasta la comedia escapista, pasando por el suspense, el terror o la animaci\u00f3n familiar.\n<\/p>\n<p class=\"article-body__text \">\n        <strong>DRAMA. <\/strong>Historias que exploran diferentes vidas y llevan a la reflexi\u00f3n.\n<\/p>\n<p>  La voz de Hind (89 min, TUN-FR)<\/p>\n<p class=\"article-body__text \">\n        <strong>Dir.\u00aa <\/strong>Kaouther Ben Hania. <strong>|| Reparto destacado: <\/strong>Saja Kilani, Motaz Malhees, Clara Khoury y Amer Hlehel.\n<\/p>\n<p class=\"article-body__text \">\n        El 29 de enero de 2024, los voluntarios de la <strong>Media Luna Roja <\/strong>reciben una llamada urgente: una ni\u00f1a de seis a\u00f1os se encuentra atrapada en un coche bajo fuego en Gaza, clamando por ayuda. Mientras intentan mantenerla en l\u00ednea, se esfuerzan por movilizar una ambulancia para rescatarla. Su nombre era <strong>Hind Rajab<\/strong>.\n<\/p>\n<ul class=\"article-body__text article-list article-list--unordered\">\n<li>\n                <a href=\"https:\/\/www.deia.eus\/tags\/festival-de-cine-de-san-sebastian\/\" title=\"73\u00b0 Festival Internacional de Cine de San Sebasti\u00e1n\" rel=\"nofollow noopener\" target=\"_blank\">73\u00b0 Festival Internacional de Cine de San Sebasti\u00e1n<\/a>: Perlak.\n            <\/li>\n<li>\n                PREMIO DEL P\u00daBLICO CIUDAD DE DONOSTIA \/ SAN SEBASTI\u00c1N.\n            <\/li>\n<li>\n                Premio Agenda 2030 Euskadi Basque Country.\n            <\/li>\n<\/ul>\n<p>  Ruido (85 min, ES-MX)<\/p>\n<p class=\"article-body__text \">\n        <strong>Dir.\u00aa <\/strong>Ingride Santos. <strong>|| Reparto destacado: <\/strong>Latifa Drame, Judith \u00c1lvarez Vargas y Asaari Bibang.\n<\/p>\n<p class=\"article-body__text \">\n        Tras la muerte de su padre, Lati encontr\u00f3 en el rap <strong>un refugio<\/strong> que la ayud\u00f3 a seguir adelante. Dos a\u00f1os despu\u00e9s, sue\u00f1a con hacerse un hueco en el <strong>mundo de las batallas de <\/strong><strong>freestyle<\/strong>. Pero su madre se opone, ya que considera ese camino arriesgado y poco digno. Decidida a seguir su pasi\u00f3n, Lati comenzar\u00e1 a entrenar en secreto con <strong>Judy, una antigua figura prometedora<\/strong> del freestyle, que la guiar\u00e1 a superar sus propios l\u00edmites. As\u00ed descubrir\u00e1 que la pelea m\u00e1s importante no se libra \u00fanicamente frente al p\u00fablico, sino dentro de ella misma.\n<\/p>\n<ul class=\"article-body__text article-list article-list--unordered\">\n<li>\n                <strong>Estreno: <\/strong>Secci\u00f3n Oficial del Festival de M\u00e1laga.\n            <\/li>\n<li>\n                <strong>Curiosidades: <\/strong>la pel\u00edcula est\u00e1 protagonizada por dos actrices debutantes. Drame y \u00c1lvarez Vargas fueron seleccionadas tras realizar m\u00e1s de 100 entrevistas a raperas, raperos, managers, organizadores de batallas y speakers.\n            <\/li>\n<\/ul>\n<p>  Zafari\u00a0(100 min, varios)<\/p>\n<p class=\"article-body__text \">\n        <strong>Dir.\u00aa\u00a0<\/strong>Mariana Rond\u00f3n.\u00a0<strong>|| Reparto destacado:\u00a0<\/strong>Daniela Ram\u00edrez, Francisco Denis y Samantha Castillo.\n<\/p>\n<p class=\"article-body__text \">\n        En un peque\u00f1o zool\u00f3gico, los vecinos de clases opuestas celebran la llegada de\u00a0<strong>Zafari,<\/strong>\u00a0<strong>un hipop\u00f3tamo<\/strong>\u00a0convertido en s\u00edmbolo de resistencia. Desde su piso en un\u00a0<strong>edificio burgu\u00e9s en decadencia,<\/strong>\u00a0Ana, Edgar y su hijo Bruno observan c\u00f3mo la escasez de alimentos, agua y luz transforma la ciudad. Mientras Ana busca comida entre apartamentos abandonados y planean escapar,\u00a0<strong>inquietantes ruidos<\/strong>\u00a0comienzan a recorrer los pasillos. En un mundo cada vez m\u00e1s salvaje, Zafari es el \u00fanico que a\u00fan tiene suficiente para sobrevivir.\n<\/p>\n<ul class=\"article-body__text article-list article-list--unordered\">\n<li>\n                <strong>Estreno:\u00a0<\/strong>72\u00b0 Festival Internacional de Cine de San Sebasti\u00e1n\u00a0(2024).\n            <\/li>\n<li>\n                <strong>Coproducci\u00f3n:\u00a0<\/strong>Venezuela, Per\u00fa, M\u00e9xico, Francia, Brasil, Chile y Rep\u00fablica Dominicana.\n            <\/li>\n<\/ul>\n<p>  Crimson Gold (97 min, IR)<\/p>\n<p class=\"article-body__text \">\n        <strong>Dir. <\/strong>Jafar Panahi. <strong>|| Reparto destacado: <\/strong>Hossain Emadeddin, Kamyar Sheisi y Azita Rayeji.\n<\/p>\n<p class=\"article-body__text \">\n        Cuando Ali le ense\u00f1a el contenido de un bolso perdido \u2014con el ticket de compra de<strong> un collar<\/strong>\u2014, Hussein no puede creer la cifra. Esa sensaci\u00f3n de no estar a la altura se acent\u00faa cuando ambos son <strong>tomados por peque\u00f1os ladrones<\/strong> y, adem\u00e1s, rechazados en una joyer\u00eda por su apariencia. Hussein reparte pizzas en los barrios m\u00e1s acomodados, lo que le permite asomarse brevemente al lujo en el que viven sus clientes. Hasta que, un d\u00eda, surge una ocasi\u00f3n inesperada para saborear de primera mano los caprichos y comodidades de ese mundo que siempre ha visto desde fuera.\n<\/p>\n<ul class=\"article-body__text article-list article-list--unordered\">\n<li>\n                Pese a su producci\u00f3n <strong>hace m\u00e1s de veinte a\u00f1os<\/strong>, a\u00fan no se hab\u00eda visto en nuestras salas.\n            <\/li>\n<li>\n                <strong>Premios: <\/strong>Premio del Jurado de Una Cierta Mirada en Cannes 2003 y Espiga de Oro en la Seminci.\n            <\/li>\n<li>\n                <strong>Jafar Panahi <\/strong>ha sido ganador de la Palma de Oro en Cannes 2025 por &#8216;Un simple accidente&#8217;.\n            <\/li>\n<\/ul>\n<p>  Querido tr\u00f3pico (108 min, PA-COL)<\/p>\n<p class=\"article-body__text \">\n        <strong>Dir.\u00aa <\/strong>Ana Endara Mislov. <strong>|| Reparto destacado: <\/strong>Paulina Garc\u00eda, Jenny Nava, Juliette Roy y Syddia Ospina.\n<\/p>\n<p class=\"article-body__text \">\n        En Ciudad de Panam\u00e1, una inmigrante colombiana empleada como <strong>auxiliar sanitaria<\/strong> a domicilio, que alberga un secreto, desarrolla un v\u00ednculo conmovedor e inesperado con una mujer de negocios adinerada y de car\u00e1cter fuerte que lucha contra una demencia incipiente. (FILMAFFINITY)\n<\/p>\n<ul class=\"article-body__text article-list article-list--unordered\">\n<li>\n                <strong>Ganadora de 8 premios y 3 nominaciones<\/strong>.\n            <\/li>\n<\/ul>\n<p class=\"article-body__text \">\n        <strong>COMEDIA. <\/strong>Algo de humor para despejarse con unas risas garantizadas.\n<\/p>\n<p>  Coartadas (115 min, ES)<\/p>\n<p class=\"article-body__text \">\n        <strong>Dir. <\/strong>Mart\u00edn Cuervo. <strong>|| Reparto destacado:<\/strong><strong> <\/strong>Jaime Lorente, Adriana Torrebejano, y Leo Harlem.\n<\/p>\n<p class=\"article-body__text \">\n        Miguel dirige Coartadas, una empresa que <strong>crea excusas<\/strong> para quienes quieren enga\u00f1ar o esquivar problemas. Tras <strong>atropellar <\/strong>por accidente a Blanca, ambos conectan y comienzan una relaci\u00f3n. Ella, que se dice jueza y odia las mentiras, desconoce la verdadera ocupaci\u00f3n de Miguel. La situaci\u00f3n se complica cuando conoce a sus padres y descubre que<strong> su suegro es cliente <\/strong>de Coartadas para enga\u00f1ar a su esposa.\n<\/p>\n<ul class=\"article-body__text article-list article-list--unordered\">\n<li>\n                Remake de la exitosa saga de comedias francesas <strong>Alibi.com<\/strong>.\n            <\/li>\n<\/ul>\n<p>  <strong>Barcelona, mon amour <\/strong>(75 min, ES)<\/p>\n<p class=\"article-body__text \">\n        <strong>Dirs. <\/strong>Jaume Fargas y Roser Texid\u00f3. <strong>|| Reparto destacado: <\/strong>Nuria Florensa y Tucho Gar\u00e7on.\n<\/p>\n<p class=\"article-body__text \">\n        Despu\u00e9s de una peculiar y poco fiable<strong> consulta de tarot<\/strong>, Sandra se embarca en una aventura a la desesperada para dar con su idealizado <strong>pr\u00edncipe azul<\/strong>\u2026 un misterioso hombre con irresistible acento franc\u00e9s.\n<\/p>\n<p class=\"article-body__text \">\n        <strong>MISTERIO. <\/strong>Enigmas e investigaciones que mantienen la atenci\u00f3n en cada detalle.\n<\/p>\n<p>  <strong>Pu\u00f1ales por la espalda: De entre los muertos <\/strong>(140 min, EEUU-IRL)<\/p>\n<p class=\"article-body__text \">\n        <strong>Dir. <\/strong>Rian Johnson. <strong>|| Reparto destacado: <\/strong>Danie Craig, Josh O\u2019Connor, Glenn Close y Josh Brolin. \u00a0\n<\/p>\n<p class=\"article-body__text \">\n        El investigador Benoit Blanc se enfrenta a un nuevo enigma que lo lleva hasta un carism\u00e1tico sacerdote, <strong>el monse\u00f1or Jefferson Wicks<\/strong>, y su entregada comunidad religiosa. Tras una muerte en circunstancias sospechosas, Blanc deber\u00e1 desentra\u00f1ar una red de secretos, conflictos internos y lealtades poco claras para llegar al fondo del asunto.\n<\/p>\n<ul class=\"article-body__text article-list article-list--unordered\">\n<li>\n                <strong>Estreno: <\/strong>Festival Internacional de Cine de Toronto.\n            <\/li>\n<li>\n                <strong>NETFLIX<\/strong><strong>: <\/strong>12 de diciembre.\n            <\/li>\n<\/ul>\n<p class=\"article-body__text \">\n        <strong>THRILLER.<\/strong> Relatos cargados de tensi\u00f3n donde el peligro nunca est\u00e1 lejos.\n<\/p>\n<p>  Singular (100 min, ES)<\/p>\n<p class=\"article-body__text \">\n        <strong>Dir. <\/strong>Alberto Gastesi. <strong>|| Reparto destacado: <\/strong>Patricia L\u00f3pez Arnaiz y Javier Rey.\n<\/p>\n<p class=\"article-body__text \">\n        Doce a\u00f1os despu\u00e9s de la muerte de su hijo, Diana y Mart\u00edn se re\u00fanen en la vieja casa junto al lago. La tranquilidad se rompe cuando aparece un joven que <strong>se parece inquietantemente a su hijo<\/strong>, despertando recuerdos y sospechas que podr\u00edan cambiar el destino de la familia. Viejas verdades ocultas podr\u00edan ser la clave para que la familia tenga alguna posibilidad de futuro.\n<\/p>\n<ul class=\"article-body__text article-list article-list--unordered\">\n<li>\n                <strong>Estreno: <\/strong>Secci\u00f3n Oficial del Festival de Sitges.\n            <\/li>\n<\/ul>\n<p>  Nuremberg (148 min, EEUU)<\/p>\n<p class=\"article-body__text \">\n        <strong>Dir. <\/strong>James Vanderbilt. <strong>|| Reparto destacado:<\/strong><strong> <\/strong>Rami Malek, Russel Crowe y Michael Shannon.\n<\/p>\n<p class=\"article-body__text \">\n        La historia inspirada en el libro El nazi y el psiquiatra, de Jack El-Hai, se ubica tras la Segunda Guerra Mundial. El psiquiatra estadounidense Douglas Kelley eval\u00faa la <strong>salud mental de los l\u00edderes nazis <\/strong>capturados para determinar si pueden sentarse ante el tribunal. En el proceso, se enfrenta a un tenso duelo intelectual con <strong>Hermann G\u00f6ring<\/strong>, uno de los principales l\u00edderes del r\u00e9gimen.\n<\/p>\n<ul class=\"article-body__text article-list article-list--unordered\">\n<li>\n                <strong>Estreno: <\/strong>Festival de Toronto 2025, d\u00f3nde recibi\u00f3 una ovaci\u00f3n de cuatro minutos (una de las ovaciones m\u00e1s largas de TIFF).\n            <\/li>\n<li>\n                <strong>Estreno (EEUU):<\/strong> 7 noviembre.\n            <\/li>\n<li>\n                73\u00ba Festival de San Sebasti\u00e1n 2025 nom. Concha de Oro.\n            <\/li>\n<\/ul>\n<p class=\"article-body__text \">\n        <strong>TERROR. <\/strong>Pesadillas que cobran vida para poner los nervios a flor de piel.\n<\/p>\n<p>  Noise &#8211; Ruido (95 min, KR)<\/p>\n<p class=\"article-body__text \">\n        <strong>Dir. <\/strong>Kim Soo-jin (debut). <strong>|| Reparto destacado: <\/strong>Lee Sun-bin, Kim Min-seok y Han Su-a.\n<\/p>\n<p class=\"article-body__text \">\n        Ju-young, una mujer con discapacidad auditiva, recibe la alarmante noticia de que su hermana peque\u00f1a, Ju-hee, ha <strong>desaparecido sin explicaci\u00f3n <\/strong>alguna. Cuando intenta averiguar qu\u00e9 ha ocurrido y habla con los vecinos, todos reaccionan de forma desquiciada, rogando por calma y silencio. Al caer la noche, una <strong>figura desconocida<\/strong> se presenta ante ella. Pronto, empezar\u00e1 a ser perseguida por ruidos imposibles de identificar y por una fuerza siniestra que parece estar ligada al paradero de su hermana.\n<\/p>\n<ul class=\"article-body__text article-list article-list--unordered\">\n<li>\n                <strong>Estreno: <\/strong>Festival Internacional de Cine de Toronto de 2024.\n            <\/li>\n<li>\n                <strong>Estreno cines (KR): <\/strong>25 de junio de 2025.\n            <\/li>\n<\/ul>\n<p class=\"article-body__text \">\n        <strong>\ufeffMUSICAL. <\/strong>Emociones que se cantan, se bailan y se sienten en cada escena.\n<\/p>\n<p>  Mar i cel (130 min, ES)<\/p>\n<p class=\"article-body__text \">\n        <strong>Dir.<\/strong><strong> <\/strong>Paul\u00ed Subir\u00e0 Claramunt. <strong>|| Reparto destacado:<\/strong> Al\u00e8xia Pascual y Jordi Garreta.\n<\/p>\n<p class=\"article-body__text \">\n        La trama sigue a un grupo de piratas y a un conjunto de cristianos obligados a convivir en un barco a la deriva en mitad del oc\u00e9ano. Se trata de un musical que pone el foco en la intolerancia y la falta de entendimiento entre dos mundos \u2014Oriente y Occidente\u2014 y entre dos creencias hist\u00f3ricamente enfrentadas. La obra se inspira en la pirater\u00eda mediterr\u00e1nea del siglo XVII y en la expulsi\u00f3n de los 300.000 moriscos ordenada por Felipe III en 1609.\n<\/p>\n<ul class=\"article-body__text article-list article-list--unordered\">\n<li>\n                La pel\u00edcula incluye situaciones y escenas que van m\u00e1s all\u00e1 de lo que los espectadores pudieron ver en el teatro. D\n            <\/li>\n<li>\n                <strong>Calidad t\u00e9cnica y visual excepcional: <\/strong>rodada \u00edntegramente en <strong>4K HDR y Dolby Vision. Nueve c\u00e1maras <\/strong>que permiten sumergirse a\u00fan m\u00e1s en la historia.\n            <\/li>\n<li>\n                Banda sonora: 53 m\u00fasicos de la <strong>Orquestra Simf\u00f2nica del Vall\u00e8s<\/strong>.\n            <\/li>\n<\/ul>\n<p class=\"article-body__text \">\n        <strong>DOCUMENTAL. <\/strong>Miradas reales que profundizan en historias, voces y contextos aut\u00e9nticos.\n<\/p>\n<p>  Flores para Antonio (98 min, ES)<\/p>\n<p class=\"article-body__text \">\n        <strong>Dirs.<\/strong><strong> <\/strong>Isaki Lacuesta y Elena Molina. <strong>|| Apariciones:<\/strong> Alba Flores, Lolita Flores, Rosario Flores y Antonio Carmona.\n<\/p>\n<p class=\"article-body__text \">\n        La actriz Alba Flores, busca la verdad sobre qui\u00e9n fue su padre, <strong>Antonio Flores<\/strong>, fallecido cuando ella ten\u00eda 8 a\u00f1os. La historia se conocer\u00e1 a trav\u00e9s de<strong> materiales in\u00e9ditos<\/strong>, como v\u00eddeos caseros, fotos, dibujos, im\u00e1genes de archivo y su propia m\u00fasica. Adem\u00e1s, preguntar\u00e1 por primera vez a sus familiares y amigos.\n<\/p>\n<ul class=\"article-body__text article-list article-list--unordered\">\n<li>\n                Zinemaldia (Proyecciones especiales-Fuera de concurso).\n            <\/li>\n<\/ul>\n<p>  Ll\u00e1mame sinsorga (87 min, ES)<\/p>\n<p class=\"article-body__text \">\n        <strong>Dirs.<\/strong><strong> <\/strong>Marta G\u00f3mez y Paula Iglesias. <strong>|| Apariciones:<\/strong> Irantzu Varela y Andrea Momoitio.\n<\/p>\n<p class=\"article-body__text \">\n        Las periodistas Irantzu Varela y Andrea Momoitio transforman un antiguo atelier de vestidos de novia en La Sinsorga, el primer <strong>centro cultural feminista de la ciudad<\/strong>. Llevado a cabo \u00fanicamente por mujeres, con el objetivo de datos de mujeres. Durante un a\u00f1o, cinco obreras reconstruyen el espacio mientras conviven con sus miedos, deseos y la tradici\u00f3n del lugar.\n<\/p>\n<ul class=\"article-body__text article-list article-list--unordered\">\n<li>\n                <strong>Estreno: <\/strong>Festival de cine de Varsovia.\n            <\/li>\n<li>\n                <strong>Curiosidad<\/strong>: fue rodada en Bilbao.\n            <\/li>\n<\/ul>\n<p>  Solo pienso en ti (75 min, ES)<\/p>\n<p class=\"article-body__text \">\n        <strong>Dir.<\/strong><strong> <\/strong>Hugo de la Riva. <strong>|| Apariciones destacadas: <\/strong>V\u00edctor Manuel, Joan Manuel Serrat, Joaqu\u00edn Sabina y Miguel R\u00edos.\n<\/p>\n<p class=\"article-body__text \">\n        En los \u00faltimos a\u00f1os del franquismo, V\u00edctor Manuel comienza a tratar en sus canciones <strong>temas in\u00e9ditos<\/strong> en la m\u00fasica popular hasta entonces. Al mismo tiempo, el doctor Juan defiende a personas con discapacidad, entre ellas Antonio y Mari Luz, cuya <strong>historia de amor <\/strong>desaf\u00eda los prejuicios de la \u00e9poca. Sus caminos <strong>acabar\u00e1n uni\u00e9ndose<\/strong> a trav\u00e9s de Solo pienso en ti, muestra del poder de la m\u00fasica para derribar barreras.\n<\/p>\n<p class=\"article-body__text \">\n        <strong>BIOPIC. <\/strong>Un retrato \u00edntimo que revisita vidas extraordinarias y sus huellas en la historia.\n<\/p>\n<p>  Blue Moon (100 min, EEUU)<\/p>\n<p class=\"article-body__text \">\n        <strong>Dir.<\/strong><strong> <\/strong>Richard Linklater. <strong>|| Apariciones:<\/strong> Ethan Hawke, Margaret Qualley y Bobby Cannavale.\n<\/p>\n<p class=\"article-body__text \">\n        En la noche del 31 de marzo de 1943, el c\u00e9lebre letrista Lorenz Hart <strong>lucha contra su fr\u00e1gil autoestima <\/strong>en el bar Sardi, mientras su antiguo socio creativo, Richard Rodgers, celebra el estreno de su exitoso musical \u00a1Oklahoma!. A lo largo de esa velada, Hart se ver\u00e1 obligado a confrontar tanto un mundo que parece haber dejado de apreciar su talento como la complicada realidad del amor.\n<\/p>\n<ul class=\"article-body__text article-list article-list--unordered\">\n<li>\n                <strong>Estreno (EEUU): <\/strong>24 de octubre de 2025.\n            <\/li>\n<\/ul>\n<p class=\"article-body__text \">\n        <strong>ANIMACI\u00d3N. <\/strong>Aventuras para dejar volar la imaginaci\u00f3n o &#8230;\n<\/p>\n<p>  Zootropolis 2 (107 min, EEUU)<\/p>\n<p class=\"article-body__text \">\n        <strong>Dirs.<\/strong><strong> <\/strong>Byron Howard y Jared Bush. <strong>|| Doblajes destacados:<\/strong>\u00a0Jason Bateman, Ginnifer Goodwin y Ke Huy Quan.\n<\/p>\n<p class=\"article-body__text \">\n        Judy Hopps y Nick Wilde se encuentran tras la pista de Gary, un <strong>misterioso reptil <\/strong>que llega a Zootopia, poniendo todo patas arriba. Para resolver el caso, deben ir de inc\u00f3gnito a nuevas partes de la ciudad, donde su creciente asociaci\u00f3n se pone a prueba como nunca antes.\n<\/p>\n<p>  Bella (61 min, ES)<\/p>\n<p class=\"article-body__text \">\n        <strong>Dirs.<\/strong><strong> <\/strong>Manuel H. Mart\u00edn y Amparo Mart\u00ednez Barco. <strong>|| Doblajes destacados:<\/strong>\u00a0Michelle Jenner, V\u00edctor Clavijo, Juan Carlos Villanueva y Gema Abad.\n<\/p>\n<p class=\"article-body__text \">\n        Desde peque\u00f1a, <strong>Bella <\/strong>se ocup\u00f3 del hogar, sus estudios y de su padre, Jos\u00e9, que luchaba contra la depresi\u00f3n. A los 18 conoce a <strong>Ponce, un grafitero<\/strong> que sue\u00f1a en convertirse en pintor, convirtiendose en su \u201cpr\u00edncipe azul\u201d. Su amor crece r\u00e1pido y se casan, pero Bella se aleja poco a poco de su padre, sus amigos de la infancia y sus propios sue\u00f1os.\n<\/p>\n<ul class=\"article-body__text article-list article-list--unordered\">\n<li>\n                <strong>Preestreno:<\/strong> 70 Semana Internacional de Cine de Valladolid &#8211; SEMINCI.\n            <\/li>\n<li>\n                <a href=\"https:\/\/dai.ly\/x9uhh6i\" title=\"Trailer de la pel\u00edcula.\" rel=\"nofollow noopener\" target=\"_blank\">Trailer de la pel\u00edcula.<\/a>\n            <\/li>\n<\/ul>\n<p class=\"article-photo__footer\">\n            Fotograma de la pel\u00edcula &#8216;Bella&#8217; filmaffinity            Filmaffinity        <\/p>\n<p class=\"article-body__text \">\n        Con una oferta diversa y propuestas capaces de sorprender en cualquier formato, la semana llega repleta de opciones para elegir y disfrutar. Solo queda preparar la agenda \u2014y las palomitas\u2014 para dejarse llevar por las historias que nos esperan en salas y plataformas. Sin duda, es el momento de sumergirse y dejarse sorprender por cada relato que nos har\u00e1 re\u00edr, emocionarnos y reflexionar.<\/p>\n","protected":false},"excerpt":{"rendered":"Esta semana llega cargada de estrenos para todos los gustos. Nuevas historias, rostros conocidos y \u00f3peras primas se&hellip;\n","protected":false},"author":2,"featured_media":260738,"comment_status":"","ping_status":"","sticky":false,"template":"","format":"standard","meta":{"footnotes":""},"categories":[169],"tags":[177,146,147,25,24,6750,176,5264,175,5330,61390,23],"class_list":{"0":"post-260737","1":"post","2":"type-post","3":"status-publish","4":"format-standard","5":"has-post-thumbnail","7":"category-cine","8":"tag-cine","9":"tag-entertainment","10":"tag-entretenimiento","11":"tag-es","12":"tag-espana","13":"tag-estrenos","14":"tag-film","15":"tag-javier","16":"tag-movies","17":"tag-rey","18":"tag-singular","19":"tag-spain"},"share_on_mastodon":{"url":"https:\/\/pubeurope.com\/@es\/115628715869513878","error":""},"_links":{"self":[{"href":"https:\/\/www.europesays.com\/es\/wp-json\/wp\/v2\/posts\/260737","targetHints":{"allow":["GET"]}}],"collection":[{"href":"https:\/\/www.europesays.com\/es\/wp-json\/wp\/v2\/posts"}],"about":[{"href":"https:\/\/www.europesays.com\/es\/wp-json\/wp\/v2\/types\/post"}],"author":[{"embeddable":true,"href":"https:\/\/www.europesays.com\/es\/wp-json\/wp\/v2\/users\/2"}],"replies":[{"embeddable":true,"href":"https:\/\/www.europesays.com\/es\/wp-json\/wp\/v2\/comments?post=260737"}],"version-history":[{"count":0,"href":"https:\/\/www.europesays.com\/es\/wp-json\/wp\/v2\/posts\/260737\/revisions"}],"wp:featuredmedia":[{"embeddable":true,"href":"https:\/\/www.europesays.com\/es\/wp-json\/wp\/v2\/media\/260738"}],"wp:attachment":[{"href":"https:\/\/www.europesays.com\/es\/wp-json\/wp\/v2\/media?parent=260737"}],"wp:term":[{"taxonomy":"category","embeddable":true,"href":"https:\/\/www.europesays.com\/es\/wp-json\/wp\/v2\/categories?post=260737"},{"taxonomy":"post_tag","embeddable":true,"href":"https:\/\/www.europesays.com\/es\/wp-json\/wp\/v2\/tags?post=260737"}],"curies":[{"name":"wp","href":"https:\/\/api.w.org\/{rel}","templated":true}]}}