{"id":260747,"date":"2025-11-28T18:26:11","date_gmt":"2025-11-28T18:26:11","guid":{"rendered":"https:\/\/www.europesays.com\/es\/260747\/"},"modified":"2025-11-28T18:26:11","modified_gmt":"2025-11-28T18:26:11","slug":"mercadona-roza-los-5-000-empleos-en-la-provincia-de-sevilla","status":"publish","type":"post","link":"https:\/\/www.europesays.com\/es\/260747\/","title":{"rendered":"Mercadona roza los 5.000 empleos en la provincia de Sevilla"},"content":{"rendered":"<p style=\"\">Mercadona ha sumado una nueva apertura antes de final de a\u00f1o a su red de supermercados en la provincia de Sevilla, concretamente en Bollullos de la Mitaci\u00f3n. Esta inauguraci\u00f3n ha supuesto <strong>una inversi\u00f3n de 6,7 millones de euros bajo el modelo de &#8216;tienda eficiente&#8217;<\/strong> &#8230; , que es el que est\u00e1 extendiendo la compa\u00f1\u00eda, seg\u00fan informa en un comunicado.<\/p>\n<p class=\"voc-p\" style=\"\">Con este nuevo establecimiento, que contar\u00e1 con un equipo de 40 personas, la plantilla de la cadena de supermercados se acerca a los 5.000 trabajadores en la provincia -son concretamente 4.930 personas-, convirti\u00e9ndose as\u00ed en <strong>una de la empresas que m\u00e1s efectivos tiene.<\/strong> La red de Mercadona est\u00e1 formada por 71 supermercados en la provincia, de los que el 90% disponen del modelo de tienda eficiente. Adem\u00e1s, 62 tienen la secci\u00f3n de comida preparada.  <\/p>\n<p class=\"voc-p\" style=\"\">El local de Bollullos cuenta con una superficie de sala de ventas de 1.831 metros cuadrados e incorpora la zona &#8216;Listo para Comer&#8217;, con amplia oferta de platos, bebidas refrigeradas y una zona de descanso para los clientes. Desde la puesta en marcha de esta secci\u00f3n en 2018, la compa\u00f1\u00eda se ha ido adaptando a las necesidades y tendencias de consumo de los clientes, indica la compa\u00f1\u00eda. <\/p>\n<p class=\"voc-p\" style=\"\">A nivel medioambiental, la cadena de alimentaci\u00f3n ha tomado medidas que reducen el consumo energ\u00e9tico gracias a <strong>una mejora del aislamiento t\u00e9rmico y ac\u00fastico, optimizando los materiales y el grosor de paredes<\/strong> y techos y con nuevos arcones de congelado m\u00e1s eficientes energ\u00e9ticamente y respetuosos con el medioambiente. Asimismo, cuenta con un sistema de iluminaci\u00f3n LED automatizado que se regula seg\u00fan zonas y momentos del d\u00eda, para una gesti\u00f3n energ\u00e9tica mucho m\u00e1s eficiente. Adem\u00e1s, est\u00e1 dotado de una planta de placas solares con una potencia instalada de 200 kilovatios.<\/p>\n<p class=\"voc-p\" style=\"\">La compa\u00f1\u00eda mantiene una colaboraci\u00f3n constante con proveedores e interpoveedores especialistas en aquellas zonas en las que tiene presencia y desarrolla su actividad, con un modelo de relaci\u00f3n basado en la confianza y que contribuye al crecimiento de la econom\u00eda local. En el caso de Sevilla, donde la compa\u00f1\u00eda colabora con m\u00e1s de medio centenar de proveedores de producto, las compras locales de Mercadona alcanzaron los 1.186 millones de euros en el \u00faltimo ejercicio cerrado, cifra que supone un incremento del 12,2 por ciento respecto a la del a\u00f1o precedente.<\/p>\n<p class=\"voc-p\" style=\"\">\u00a0[Texto-texto texto texto texto texto texto texto texto texto texto texto texto texto texto texto texto texto texto texto texto texto texto texto texto texto texto texto texto texto texto texto texto texto texto texto texto texto texto texto texto texto texto texto texto texto texto texto texto texto texto texto texto texto texto texto texto texto texto texto texto texto texto texto texto]<\/p>\n","protected":false},"excerpt":{"rendered":"Mercadona ha sumado una nueva apertura antes de final de a\u00f1o a su red de supermercados en la&hellip;\n","protected":false},"author":2,"featured_media":260748,"comment_status":"","ping_status":"","sticky":false,"template":"","format":"standard","meta":{"footnotes":""},"categories":[80],"tags":[4927,82,95,94,2737,25,24,4973,6436,16861,1171,23],"class_list":{"0":"post-260747","1":"post","2":"type-post","3":"status-publish","4":"format-standard","5":"has-post-thumbnail","7":"category-economia","8":"tag-4927","9":"tag-business","10":"tag-economia","11":"tag-economy","12":"tag-empleos","13":"tag-es","14":"tag-espana","15":"tag-mercadona","16":"tag-provincia","17":"tag-roza","18":"tag-sevilla","19":"tag-spain"},"share_on_mastodon":{"url":"","error":""},"_links":{"self":[{"href":"https:\/\/www.europesays.com\/es\/wp-json\/wp\/v2\/posts\/260747","targetHints":{"allow":["GET"]}}],"collection":[{"href":"https:\/\/www.europesays.com\/es\/wp-json\/wp\/v2\/posts"}],"about":[{"href":"https:\/\/www.europesays.com\/es\/wp-json\/wp\/v2\/types\/post"}],"author":[{"embeddable":true,"href":"https:\/\/www.europesays.com\/es\/wp-json\/wp\/v2\/users\/2"}],"replies":[{"embeddable":true,"href":"https:\/\/www.europesays.com\/es\/wp-json\/wp\/v2\/comments?post=260747"}],"version-history":[{"count":0,"href":"https:\/\/www.europesays.com\/es\/wp-json\/wp\/v2\/posts\/260747\/revisions"}],"wp:featuredmedia":[{"embeddable":true,"href":"https:\/\/www.europesays.com\/es\/wp-json\/wp\/v2\/media\/260748"}],"wp:attachment":[{"href":"https:\/\/www.europesays.com\/es\/wp-json\/wp\/v2\/media?parent=260747"}],"wp:term":[{"taxonomy":"category","embeddable":true,"href":"https:\/\/www.europesays.com\/es\/wp-json\/wp\/v2\/categories?post=260747"},{"taxonomy":"post_tag","embeddable":true,"href":"https:\/\/www.europesays.com\/es\/wp-json\/wp\/v2\/tags?post=260747"}],"curies":[{"name":"wp","href":"https:\/\/api.w.org\/{rel}","templated":true}]}}