{"id":260753,"date":"2025-11-28T18:29:15","date_gmt":"2025-11-28T18:29:15","guid":{"rendered":"https:\/\/www.europesays.com\/es\/260753\/"},"modified":"2025-11-28T18:29:15","modified_gmt":"2025-11-28T18:29:15","slug":"albares-refuerza-el-papel-de-barcelona-como-capital-del-dialogo-en-el-mediterraneo-ante-43-paises","status":"publish","type":"post","link":"https:\/\/www.europesays.com\/es\/260753\/","title":{"rendered":"Albares refuerza el papel de Barcelona como capital del di\u00e1logo en el Mediterr\u00e1neo ante 43 pa\u00edses"},"content":{"rendered":"<p class=\"main-image\">&#13; <img decoding=\"async\" alt=\"El ministro de Asuntos Exteriores, Uni\u00f3n Europea y Cooperaci\u00f3n, Jos\u00e9 Manuel Albares, durante su intervenci\u00f3n ante el plenario \" title=\"El ministro de Asuntos Exteriores, Uni\u00f3n Europea y Cooperaci\u00f3n, Jos\u00e9 Manuel Albares, durante su intervenci\u00f3n ante el plenario \" src=\"https:\/\/www.europesays.com\/es\/wp-content\/uploads\/2025\/11\/281125-albares-barcelona-mediterraneo.jpg\"\/>&#13;El ministro de Asuntos Exteriores, Uni\u00f3n Europea y Cooperaci\u00f3n, Jos\u00e9 Manuel Albares, durante su intervenci\u00f3n ante el plenario del Foro de la Uni\u00f3n por el Mediterr\u00e1neo (UpM).&#13;&#13;<\/p>\n<p>Albares aprovech\u00f3 su intervenci\u00f3n ante los representantes de los 43 pa\u00edses miembros en el plenario, para remarcar que la reforma fomentar\u00e1 el papel de la UpM como foro de di\u00e1logo regional estructurado y permitir\u00e1 a esta organizaci\u00f3n con sede en Barcelona desarrollar un papel clave en la coordinaci\u00f3n y ejecuci\u00f3n de algunos de los proyectos emblem\u00e1ticos del nuevo Pacto por el Mediterr\u00e1neo.<\/p>\n<p>El ministro detall\u00f3 la apuesta de Espa\u00f1a por esta reforma que se materializar\u00e1 en el apoyo a la UpM, aumentando la contribuci\u00f3n al presupuesto a 400.000 euros y aportando un mill\u00f3n de euros adicional para acciones de cooperaci\u00f3n ejecutadas por la UpM con el apoyo de la AECID. Adem\u00e1s, Espa\u00f1a ha firmado un nuevo Acuerdo de Sede, que ayudar\u00e1 a la UpM a mejorar el desempe\u00f1o de sus funciones, desde Barcelona.<\/p>\n<p>De entre esas funciones, Albares situ\u00f3 como prioritaria la de llevar la paz y la justicia a Oriente Medio junto a los socios europeos y mediterr\u00e1neos. En este sentido, record\u00f3 que la UpM es el \u00fanico organismo en el que Israel y Palestina participan en pie de igualdad, y que, por tanto, es un instrumento para contribuir a que el Mediterr\u00e1neo sea una regi\u00f3n de paz, seguridad y prosperidad compartida.<\/p>\n<p>Antes de ese encuentro, el ministro ya tuvo la oportunidad ayer de dar la bienvenida a los participantes en un encuentro previo en el Museo Nacional de Arte de Catalunya (MNAC) donde expres\u00f3 la importancia de esta cita que permite intercambiar opiniones sobre la realidad de la regi\u00f3n, escuchar y coordinar propuestas, reforzando el compromiso com\u00fan con la paz y la estabilidad. Y ya este viernes, la celebraci\u00f3n del foro fue precedida por la presentaci\u00f3n del Nuevo Pacto por el Mediterr\u00e1neo de la Uni\u00f3n Europea.<\/p>\n<p>Proceso de Barcelona<\/p>\n<p>Esta nueva edici\u00f3n del Foro se produce en un a\u00f1o en el que conmemora el 30 aniversario del Proceso de Barcelona y en un ejercicio crucial para el lanzamiento de la agenda Mediterr\u00e1nea. En esta l\u00ednea, record\u00f3 la intensa actividad mediterr\u00e1nea derivada del relanzamiento de la asociaci\u00f3n mediterr\u00e1nea, con la reforma de la UpM y la puesta en marcha del Pacto Mediterr\u00e1neo, para reiterar despu\u00e9s que las nuevas reformas adoptadas reforzar\u00e1n la voz euromediterr\u00e1nea y aumentar\u00e1n el impacto de las acciones de los pa\u00edses integrantes en favor del di\u00e1logo y de la concertaci\u00f3n euro\u00e1rabe.<\/p>\n<p>Las dos intensas jornadas tienen como colof\u00f3n un concierto por el D\u00eda del Mediterr\u00e1neo la noche de este viernes 28 en el Palau de la M\u00fasica de Barcelona. En este marco, el ministro Albares apuesta por que la m\u00fasica mediterr\u00e1nea sirva de inspiraci\u00f3n para redoblar los esfuerzos con el objetivo de que el Mediterr\u00e1neo sea verdaderamente un espacio de paz, de derechos y de prosperidad.<\/p>\n","protected":false},"excerpt":{"rendered":"&#13; &#13;El ministro de Asuntos Exteriores, Uni\u00f3n Europea y Cooperaci\u00f3n, Jos\u00e9 Manuel Albares, durante su intervenci\u00f3n ante el&hellip;\n","protected":false},"author":2,"featured_media":260754,"comment_status":"","ping_status":"","sticky":false,"template":"","format":"standard","meta":{"footnotes":""},"categories":[5],"tags":[517,23685,17,18,25,24,13,14,11,19,20,9,10,15,16,2330,23,12,21,22,23181],"class_list":{"0":"post-260753","1":"post","2":"type-post","3":"status-publish","4":"format-standard","5":"has-post-thumbnail","7":"category-titulares","8":"tag-actualidad","9":"tag-asuntos-exteriores","10":"tag-breaking-news","11":"tag-breakingnews","12":"tag-es","13":"tag-espana","14":"tag-featured-news","15":"tag-featurednews","16":"tag-headlines","17":"tag-latest-news","18":"tag-latestnews","19":"tag-news","20":"tag-noticias","21":"tag-noticias-destacadas","22":"tag-noticiasdestacadas","23":"tag-prensa","24":"tag-spain","25":"tag-titulares","26":"tag-ultimas-noticias","27":"tag-ultimasnoticias","28":"tag-union-europea-y-cooperacion"},"share_on_mastodon":{"url":"https:\/\/pubeurope.com\/@es\/115628747827165683","error":""},"_links":{"self":[{"href":"https:\/\/www.europesays.com\/es\/wp-json\/wp\/v2\/posts\/260753","targetHints":{"allow":["GET"]}}],"collection":[{"href":"https:\/\/www.europesays.com\/es\/wp-json\/wp\/v2\/posts"}],"about":[{"href":"https:\/\/www.europesays.com\/es\/wp-json\/wp\/v2\/types\/post"}],"author":[{"embeddable":true,"href":"https:\/\/www.europesays.com\/es\/wp-json\/wp\/v2\/users\/2"}],"replies":[{"embeddable":true,"href":"https:\/\/www.europesays.com\/es\/wp-json\/wp\/v2\/comments?post=260753"}],"version-history":[{"count":0,"href":"https:\/\/www.europesays.com\/es\/wp-json\/wp\/v2\/posts\/260753\/revisions"}],"wp:featuredmedia":[{"embeddable":true,"href":"https:\/\/www.europesays.com\/es\/wp-json\/wp\/v2\/media\/260754"}],"wp:attachment":[{"href":"https:\/\/www.europesays.com\/es\/wp-json\/wp\/v2\/media?parent=260753"}],"wp:term":[{"taxonomy":"category","embeddable":true,"href":"https:\/\/www.europesays.com\/es\/wp-json\/wp\/v2\/categories?post=260753"},{"taxonomy":"post_tag","embeddable":true,"href":"https:\/\/www.europesays.com\/es\/wp-json\/wp\/v2\/tags?post=260753"}],"curies":[{"name":"wp","href":"https:\/\/api.w.org\/{rel}","templated":true}]}}