{"id":260763,"date":"2025-11-28T18:39:09","date_gmt":"2025-11-28T18:39:09","guid":{"rendered":"https:\/\/www.europesays.com\/es\/260763\/"},"modified":"2025-11-28T18:39:09","modified_gmt":"2025-11-28T18:39:09","slug":"la-separacion-de-sonia-y-selena-ya-es-oficial-pero-con-dos-versiones-diferentes-de-la-ruptura","status":"publish","type":"post","link":"https:\/\/www.europesays.com\/es\/260763\/","title":{"rendered":"La separaci\u00f3n de Sonia y Selena ya es oficial, pero con dos versiones diferentes de la ruptura"},"content":{"rendered":"<p class=\"c-paragraph\">Apenas un a\u00f1o despu\u00e9s de su regreso, el d\u00fao musical <a href=\"https:\/\/www.20minutos.es\/tags\/personas\/sonia-y-selena.html\" title=\"Sonia y Selena\" rel=\"nofollow noopener\" target=\"_blank\">Sonia y Selena<\/a> ha quedado disuelto, <b>seg\u00fan sus m\u00e1nagers, por determinaci\u00f3n de Sonia Madoc<\/b>; aunque, seg\u00fan ella, porque ya no ten\u00edan m\u00e1s conciertos.<\/p>\n<p class=\"c-paragraph\">La agencia de representaci\u00f3n Equipo Locamente Talent asegur\u00f3 que fue decisi\u00f3n unilateral de Sonia \u00ab<b>debido a varias divergencias\u00bb entre ambas<\/b> artistas, y tambi\u00e9n pidieron perd\u00f3n por no poder cumplir con todas las \u00abactuaciones pactadas\u00bb.<\/p>\n<p class=\"c-paragraph\">\u00ab<b>Pedimos disculpas a todos los compromisos<\/b> y eventos que no podr\u00e1n contar con las actuaciones pactadas. Iremos resolviendo cada caso uno a uno\u00bb, a\u00f1adi\u00f3 la agencia de representaci\u00f3n en un comunicado que hizo p\u00fablico este jueves a trav\u00e9s de las redes sociales.<\/p>\n<p class=\"c-paragraph\">\u00ab<b>Hoy es un d\u00eda triste para el pop nacional<\/b> y para las personas que form\u00e1bamos parte de este proyecto. Sin embargo, no tenemos duda de que la m\u00fasica y el legado de Sonia y Selena siempre seguir\u00e1n vivos\u00bb, se\u00f1al\u00f3.<\/p>\n<p class=\"c-paragraph\">Lo cierto es que la separaci\u00f3n del d\u00fao se conoci\u00f3 hace casi dos semanas, <a href=\"https:\/\/www.20minutos.es\/gente\/sonia-selena-se-separan-definitivamente-ruptura-podria-no-ser-amistosa_6898561_0.html\" title=\"Sonia y Selena se separan definitivamente: la ruptura podr\u00eda no ser amistosa\" rel=\"nofollow noopener\" target=\"_blank\">despu\u00e9s de que lo revelaran en Fiesta<\/a>. Y, r\u00e1pidamente, Sonia sali\u00f3 a aclarar lo ocurrido. <a href=\"https:\/\/www.20minutos.es\/television\/sonia-madoc-responde-selena-leo-tras-su-separacion-me-molesta-que-me-llame-mentirosa_6902971_0.html\" title=\"Sonia Madoc responde a Selena Leo tras su separaci\u00f3n: &quot;Me molesta que me llame mentirosa&quot;\" rel=\"nofollow noopener\" target=\"_blank\">Seg\u00fan dijo en No somos nadie, le parec\u00eda \u00abmuy cansino\u00bb<\/a> que su compa\u00f1era fuera a los programas de la tele a\u00a0<b>contar una versi\u00f3n que no es cierta<\/b>, <b>pues no \u00abla dej\u00f3 tirada\u00bb<\/b>, sino que cumpli\u00f3 su trabajo hasta la fecha estipulada y ya no ten\u00edan conciertos.<\/p>\n<p class=\"c-paragraph\">La catalana declar\u00f3 en el programa de Ten que, despu\u00e9s del <a href=\"https:\/\/www.20minutos.es\/tags\/temas\/benidorm-fest.html\" title=\"Benidorm Fest\" rel=\"nofollow noopener\" target=\"_blank\">Benidorm Fest<\/a>, que concluy\u00f3 a principios de enero,\u00a0<b>ella \u00abno quer\u00eda continuar\u00bb\u00a0y, aun as\u00ed, se mantuvo en el d\u00fao<\/b>: \u00abSegu\u00ed con dos\u00a0singles\u00a0que sacamos, que tampoco funcionaron. Hicimos una gira que tampoco fue extensa\u00bb. Y, finalmente, tras no tener actuaciones, dej\u00f3 el grupo para centrarse en su carrera en solitario, algo de lo que ya inform\u00f3 a Selena.<\/p>\n<p class=\"c-paragraph\">Por tanto, parece que <b>la agencia de representaci\u00f3n y Sonia Madoc tienen versiones diferentes<\/b> de esta ruptura y, mientras los primeros aseguran que han cancelado actuaciones, la segunda afirm\u00f3 que su gira fue breve y ya hab\u00eda acabado.<\/p>\n<p>Dos regresos igual de breves<\/p>\n<p class=\"c-paragraph\">El d\u00fao musical formado por Sonia Madoc (Barcelona, 1974), popularmente conocida como &#8216;la rubia&#8217;, y Selena Leo (Castell\u00f3n, 1975), &#8216;la morena&#8217;, se conocieron en el a\u00f1o 2000 en el estudio del productor Xasqui Ten y, un a\u00f1o despu\u00e9s,\u00a0<b>lanzaron su conocida canci\u00f3n Yo quiero bailar<\/b>, con la cual intentaron ir a Eurovisi\u00f3n en 2001.<\/p>\n<p class=\"c-paragraph\">Tras lanzar\u00a0Que viva la noche y Deja que mueva,\u00a0se disolvieron ese mismo a\u00f1o. <b>Diez a\u00f1os despu\u00e9s, se reunieron<\/b>\u00a0por el aniversario de su \u00e9xito y regrabaron su canci\u00f3n estrella, pero la colaboraci\u00f3n tampoco cuaj\u00f3.<\/p>\n<p class=\"c-paragraph\">En 2024 anunciaron de nuevo su reuni\u00f3n, esta vez \u00abdesde la armon\u00eda, desde el buenrollismo\u00bb, para volver a intentar ir al festival con el tema Reinas, a trav\u00e9s del Benidorm Fest 2025. Y, posteriormente, ofrecieron sus primeros conciertos en d\u00e9cadas. Pero <b>su nueva uni\u00f3n ha durado apenas un a\u00f1o, como en la primera ocasi\u00f3n<\/b>.<\/p>\n","protected":false},"excerpt":{"rendered":"Apenas un a\u00f1o despu\u00e9s de su regreso, el d\u00fao musical Sonia y Selena ha quedado disuelto, seg\u00fan sus&hellip;\n","protected":false},"author":2,"featured_media":260764,"comment_status":"","ping_status":"","sticky":false,"template":"","format":"standard","meta":{"footnotes":""},"categories":[174],"tags":[255,209,146,147,25,24,256,185,23],"class_list":{"0":"post-260763","1":"post","2":"type-post","3":"status-publish","4":"format-standard","5":"has-post-thumbnail","7":"category-famosos","8":"tag-celebrities","9":"tag-cultura","10":"tag-entertainment","11":"tag-entretenimiento","12":"tag-es","13":"tag-espana","14":"tag-famosos","15":"tag-musica","16":"tag-spain"},"share_on_mastodon":{"url":"https:\/\/pubeurope.com\/@es\/115628786998475441","error":""},"_links":{"self":[{"href":"https:\/\/www.europesays.com\/es\/wp-json\/wp\/v2\/posts\/260763","targetHints":{"allow":["GET"]}}],"collection":[{"href":"https:\/\/www.europesays.com\/es\/wp-json\/wp\/v2\/posts"}],"about":[{"href":"https:\/\/www.europesays.com\/es\/wp-json\/wp\/v2\/types\/post"}],"author":[{"embeddable":true,"href":"https:\/\/www.europesays.com\/es\/wp-json\/wp\/v2\/users\/2"}],"replies":[{"embeddable":true,"href":"https:\/\/www.europesays.com\/es\/wp-json\/wp\/v2\/comments?post=260763"}],"version-history":[{"count":0,"href":"https:\/\/www.europesays.com\/es\/wp-json\/wp\/v2\/posts\/260763\/revisions"}],"wp:featuredmedia":[{"embeddable":true,"href":"https:\/\/www.europesays.com\/es\/wp-json\/wp\/v2\/media\/260764"}],"wp:attachment":[{"href":"https:\/\/www.europesays.com\/es\/wp-json\/wp\/v2\/media?parent=260763"}],"wp:term":[{"taxonomy":"category","embeddable":true,"href":"https:\/\/www.europesays.com\/es\/wp-json\/wp\/v2\/categories?post=260763"},{"taxonomy":"post_tag","embeddable":true,"href":"https:\/\/www.europesays.com\/es\/wp-json\/wp\/v2\/tags?post=260763"}],"curies":[{"name":"wp","href":"https:\/\/api.w.org\/{rel}","templated":true}]}}