{"id":260767,"date":"2025-11-28T18:42:09","date_gmt":"2025-11-28T18:42:09","guid":{"rendered":"https:\/\/www.europesays.com\/es\/260767\/"},"modified":"2025-11-28T18:42:09","modified_gmt":"2025-11-28T18:42:09","slug":"hay-cierto-miedo-de-los-personajes-publicos-a-posicionarse-en-cosas-obvias-como-el-genocidio-en-gaza","status":"publish","type":"post","link":"https:\/\/www.europesays.com\/es\/260767\/","title":{"rendered":"\u201cHay cierto miedo de los personajes p\u00fablicos a posicionarse en cosas obvias como el genocidio en Gaza\u201d"},"content":{"rendered":"<p data-mrf-recirculation=\"Links P\u00e1rrafos\" class=\"ue-c-article__paragraph paragraph xai-icon-container ue-c-article--first-letter-highlighted\">E<strong>duardo Casanova<\/strong> est\u00e1 de enhorabuena , pues el pr\u00f3ximo lunes, 1 de diciembre se estrena su nueva serie, <strong>\u2018Silencio\u2019<\/strong>, en Movistar Plus+. Sin embargo, adem\u00e1s de hablar sobre la trama y de c\u00f3mo surgi\u00f3 su nuevo proyecto, el cineasta ha lanzado una reflexi\u00f3n sobre un <strong>presunto miedo que existe entre los personajes p\u00fablicos<\/strong> a la hora de pronunciarse sobre hechos como el <strong>conflicto de Gaza<\/strong>.<\/p>\n<p data-mrf-recirculation=\"Links P\u00e1rrafos\" class=\"ue-c-article__paragraph paragraph xai-icon-container\"><strong>\u201cHay cierto miedo el que estamos desarrollando los personajes p\u00fablicos<\/strong>: actores, directores, la gente que est\u00e1 delante de un micr\u00f3fono, a romper el silencio y a posicionarse en cosas que son obvias. <strong>Desde el genocidido en Gaza hasta cosas que son extremadamente evidentes\u201d<\/strong>, comenzaba diciendo en una charla con The Objective.<\/p>\n<p data-mrf-recirculation=\"Links P\u00e1rrafos\" class=\"ue-c-article__paragraph paragraph xai-icon-container\"><strong>\u201cEse silencio que estamos sufriendo todos se debe, en cierto modo, por miedo de la cancelaci\u00f3n.<\/strong> Que el miedo a la cancelaci\u00f3n es el miedo a la p\u00e9rdida del trabajo y la p\u00e9rdida del trabajo es el miedo a la p\u00e9rdida del dinero. <strong>Todo es un truco bastante maquiav\u00e9lico del sistema <\/strong>para convertirnos en personas delante de un micr\u00f3fono diciendo un discurso extremadamente blanco. <strong>Quitar la personalidad, silenciarnos, creo que es muy importante romper el silencio porque el silencio<\/strong>, en cualquier tema en la vida,<strong> te convierte en una persona muy desgraciada y muy triste\u201d<\/strong>, sentenciaba el actor y director.<\/p>\n<p>La ONG Amnist\u00eda Internacional se\u00f1ala que \u201cel genocido de Israel no ha terminado\u201d<\/p>\n<p data-mrf-recirculation=\"Links P\u00e1rrafos\" class=\"ue-c-article__paragraph paragraph xai-icon-container\">Aunque <strong>ha pasado un mes desde que se anunciara un alto el fuego<\/strong> y fueran liberados todos los rehenes israel\u00edes vivos, la ONG Amnist\u00eda Internacional ha emitido un comunicado asegurando que<strong> el pa\u00eds presidido por Isaac Herzog contin\u00faa teniendo un comportamiento genocida <\/strong>contra la poblaci\u00f3n palestina de la Franja de Gaza.<\/p>\n<p data-mrf-recirculation=\"Links P\u00e1rrafos\" class=\"ue-c-article__paragraph paragraph xai-icon-container\"><strong>\u201cEl alto el fuego corre el riesgo de crear el peligroso espejismo de que la vida en Gaza est\u00e1 volviendo a la normalidad.<\/strong> Pero a pesar de que las autoridades y fuerzas israel\u00edes han reducido la escala de sus ataques y permitido la entrada en Gaza de cantidades limitadas de ayuda humanitaria, el mundo no debe dejarse enga\u00f1ar.<strong> El genocidio de Israel no ha terminado\u201d<\/strong>, declar\u00f3 Agn\u00e8s Callamard, secretaria general de Amnist\u00eda Internacional.<\/p>\n","protected":false},"excerpt":{"rendered":"Eduardo Casanova est\u00e1 de enhorabuena , pues el pr\u00f3ximo lunes, 1 de diciembre se estrena su nueva serie,&hellip;\n","protected":false},"author":2,"featured_media":260768,"comment_status":"","ping_status":"","sticky":false,"template":"","format":"standard","meta":{"footnotes":""},"categories":[171],"tags":[146,147,25,24,23,214],"class_list":{"0":"post-260767","1":"post","2":"type-post","3":"status-publish","4":"format-standard","5":"has-post-thumbnail","7":"category-tv","8":"tag-entertainment","9":"tag-entretenimiento","10":"tag-es","11":"tag-espana","12":"tag-spain","13":"tag-tv"},"share_on_mastodon":{"url":"https:\/\/pubeurope.com\/@es\/115628798483138488","error":""},"_links":{"self":[{"href":"https:\/\/www.europesays.com\/es\/wp-json\/wp\/v2\/posts\/260767","targetHints":{"allow":["GET"]}}],"collection":[{"href":"https:\/\/www.europesays.com\/es\/wp-json\/wp\/v2\/posts"}],"about":[{"href":"https:\/\/www.europesays.com\/es\/wp-json\/wp\/v2\/types\/post"}],"author":[{"embeddable":true,"href":"https:\/\/www.europesays.com\/es\/wp-json\/wp\/v2\/users\/2"}],"replies":[{"embeddable":true,"href":"https:\/\/www.europesays.com\/es\/wp-json\/wp\/v2\/comments?post=260767"}],"version-history":[{"count":0,"href":"https:\/\/www.europesays.com\/es\/wp-json\/wp\/v2\/posts\/260767\/revisions"}],"wp:featuredmedia":[{"embeddable":true,"href":"https:\/\/www.europesays.com\/es\/wp-json\/wp\/v2\/media\/260768"}],"wp:attachment":[{"href":"https:\/\/www.europesays.com\/es\/wp-json\/wp\/v2\/media?parent=260767"}],"wp:term":[{"taxonomy":"category","embeddable":true,"href":"https:\/\/www.europesays.com\/es\/wp-json\/wp\/v2\/categories?post=260767"},{"taxonomy":"post_tag","embeddable":true,"href":"https:\/\/www.europesays.com\/es\/wp-json\/wp\/v2\/tags?post=260767"}],"curies":[{"name":"wp","href":"https:\/\/api.w.org\/{rel}","templated":true}]}}